{"id":17781,"date":"2021-10-20T02:06:32","date_gmt":"2021-10-20T02:06:32","guid":{"rendered":"https:\/\/visionciudadana.com.mx\/chio\/2021\/10\/20\/de-alta-importancia-en-vitalizar-al-sector-pesquero-la-recertificacion-de-eu-al-camaron-rocha-moya\/"},"modified":"2025-06-24T23:31:03","modified_gmt":"2025-06-24T23:31:03","slug":"de-alta-importancia-en-vitalizar-al-sector-pesquero-la-recertificacion-de-eu-al-camaron-rocha-moya","status":"publish","type":"post","link":"https:\/\/visionciudadana.com.mx\/oficial\/2021\/10\/20\/de-alta-importancia-en-vitalizar-al-sector-pesquero-la-recertificacion-de-eu-al-camaron-rocha-moya\/","title":{"rendered":"De alta importancia en vitalizar al sector pesquero, la recertificaci\u00f3n de EU al camar\u00f3n: Rocha Moya\u00a0 \u00a0"},"content":{"rendered":"<div><img fetchpriority=\"high\" decoding=\"async\" src=\"images\/Oct21\/rochazz.jpg\" alt=\"rochazz\" width=\"780\" height=\"420\" style=\"display: block; margin: 20px auto;\" \/><\/div>\n<div>&nbsp;<\/div>\n<div style=\"text-align: justify;\"><span style=\"font-size: 14pt;\">Tras la notificaci\u00f3n emitida este martes por el gobierno de Estados Unidos que levanta el embargo al camar\u00f3n y lo recertifica para que se reanuden las exportaciones a ese pa\u00eds, el gobernador electo Rub\u00e9n Rocha Moya se congratul\u00f3 porque la resoluci\u00f3n reactiva la econom\u00eda y permite que los pescadores y sus familias tengan mejor vida.<\/span><\/div>\n<div style=\"text-align: justify;\"><span style=\"font-size: 14pt;\"><\/span><\/div>\n<div style=\"text-align: justify;\"><span style=\"font-size: 14pt;\"><\/span><\/div>\n<div style=\"text-align: justify;\"><span style=\"font-size: 14pt;\">\u00abEstamos en condiciones de exportar nuestro camar\u00f3n a los Estados Unidos, qu\u00e9 bien por los productores camaroneros, qu\u00e9 bien por nuestro estado y nuestro pa\u00eds, eso representa para nosotros no menos de 400 millones de d\u00f3lares, y eso reactiva sin lugar a dudas nuestra econom\u00eda, pero sobre todo ayuda a los hombres y mujeres del mar para vivir mejor, enhorabuena\u201d, manifest\u00f3.<\/span><\/div>\n<div style=\"text-align: justify;\"><span style=\"font-size: 14pt;\"><\/span><\/div>\n<div style=\"text-align: justify;\"><span style=\"font-size: 14pt;\"><\/span><\/div>\n<div style=\"text-align: justify;\"><span style=\"font-size: 14pt;\">Quien a partir del pr\u00f3ximo 1 de noviembre encabezar\u00e1 el gobierno de Sinaloa, record\u00f3 que desde el inicio del embargo, en coordinaci\u00f3n con la autoridades federales, estuvo muy atento, particularmente en interacci\u00f3n con el titular de Conapesca, Octavio Almada Palafox, funcionario que, por cierto, este martes le habl\u00f3 para compartirle la buena noticia.<\/span><\/div>\n<div style=\"text-align: justify;\"><span style=\"font-size: 14pt;\"><\/span><\/div>\n<div style=\"text-align: justify;\"><span style=\"font-size: 14pt;\"><\/span><\/div>\n<div style=\"text-align: justify;\"><span style=\"font-size: 14pt;\">Rocha Moya destac\u00f3 que las acciones se enfocaron tambi\u00e9n en la gesti\u00f3n directa con el gobierno de Estados Unidos: \u201cA trav\u00e9s del c\u00f3nsul en Hermosillo, Ken Roy, hicimos posible el contacto con la oficina de la Administraci\u00f3n Nacional Oce\u00e1nica y Atmosf\u00e9rica para estar atentos permanentemente; vimos c\u00f3mo circul\u00f3 el tema de la comisi\u00f3n que vino a revisar, estuvimos atentos de sus resultados. Justamente, el c\u00f3nsul el 8 de octubre me mand\u00f3 una carta personal donde me dice la pr\u00e1cticamente seguridad de que ser\u00edamos recertificados, y en efecto, somos recertificados\u201d.<\/span><\/div>\n<div style=\"text-align: justify;\"><span style=\"font-size: 14pt;\"><\/span><\/div>\n<div style=\"text-align: justify;\"><span style=\"font-size: 14pt;\"><\/span><\/div>\n<div style=\"text-align: justify;\"><span style=\"font-size: 14pt;\">Cabe se\u00f1alar que el gobierno de Estados Unidos suspendi\u00f3 desde mayo de este a\u00f1o la certificaci\u00f3n a las exportaciones de camar\u00f3n, con el argumento de que detectaron un uso inadecuado de los Dispositivos Excluidores de Tortuga (DET) durante una serie de visitas a M\u00e9xico para inspeccionar el proceso de captura de este producto.<\/span><\/div>\n<div style=\"text-align: justify;\"><span style=\"font-size: 14pt;\"><\/span><\/div>\n<div style=\"text-align: justify;\"><span style=\"font-size: 14pt;\"><\/span><\/div>\n<div style=\"text-align: justify;\"><span style=\"font-size: 14pt;\">Ante el embargo comercial, el gobierno del presidente Andr\u00e9s Manuel L\u00f3pez Obrador despleg\u00f3 una estrategia de gesti\u00f3n ante el gobierno de Estados Unidos, encabezada por los titulares de la Secretar\u00eda de Relaciones Exteriores, de Agricultura y Desarrollo Rural, del Medio Ambiente y de Comisi\u00f3n Nacional de Acuacultura y Pesca, logrando que la administraci\u00f3n estadounidense considerara la medida y enviara una comisi\u00f3n a revisar si los pescadores cumpl\u00edan con el uso adecuado de los excluidores.<\/span><\/div>\n<div style=\"text-align: justify;\"><span style=\"font-size: 14pt;\"><\/span><\/div>\n<div style=\"text-align: justify;\"><span style=\"font-size: 14pt;\"><\/span><\/div>\n<div style=\"text-align: justify;\"><span style=\"font-size: 14pt;\">Dicha comisi\u00f3n realiz\u00f3 visitas de verificaci\u00f3n, del 16 a 30 de septiembre, a diversos puertos mexicanos, incluidos Mazatl\u00e1n, Topolobampo y La Reforma, cuyos resultados comprobaron que las pr\u00e1cticas de pesca de camar\u00f3n garantizan la preservaci\u00f3n de la tortuga marina y, por tanto, se resolvi\u00f3 el restablecimiento de la certificaci\u00f3n para exportar el producto.<\/span><\/div>\n<div style=\"text-align: justify;\">&nbsp;<\/div>\n<div style=\"text-align: justify;\">&nbsp;<\/div>\n<div style=\"text-align: justify;\">&nbsp;<\/div>\n<div style=\"text-align: justify;\"><span style=\"font-size: 14pt;\">REDACCI\u00d3N\/VISI\u00d3N CIUDADANA.<\/span><\/div>\n","protected":false},"excerpt":{"rendered":"<p>&nbsp; Tras la notificaci\u00f3n emitida este martes por el gobierno de Estados Unidos que levanta el embargo al camar\u00f3n y lo recertifica para que se reanuden las exportaciones a ese pa\u00eds, el gobernador electo Rub\u00e9n Rocha Moya se congratul\u00f3 porque la resoluci\u00f3n reactiva la econom\u00eda y permite que los pescadores y sus familias tengan mejor [&hellip;]<\/p>\n","protected":false},"author":1,"featured_media":2029,"comment_status":"closed","ping_status":"closed","sticky":false,"template":"","format":"standard","meta":{"footnotes":""},"categories":[24],"tags":[],"ppma_author":[31],"class_list":["post-17781","post","type-post","status-publish","format-standard","has-post-thumbnail","hentry","category-relevantes"],"aioseo_notices":[],"authors":[{"term_id":31,"user_id":1,"is_guest":0,"slug":"ivan3vino","display_name":"Iv\u00e1n Trevi\u00f1o","avatar_url":{"url":"https:\/\/visionciudadana.com.mx\/oficial\/wp-content\/uploads\/2025\/09\/columna-ivan-Trevino.png","url2x":"https:\/\/visionciudadana.com.mx\/oficial\/wp-content\/uploads\/2025\/09\/columna-ivan-Trevino.png"},"0":null,"1":"","2":"","3":"","4":"","5":"","6":"","7":"","8":""}],"_links":{"self":[{"href":"https:\/\/visionciudadana.com.mx\/oficial\/wp-json\/wp\/v2\/posts\/17781","targetHints":{"allow":["GET"]}}],"collection":[{"href":"https:\/\/visionciudadana.com.mx\/oficial\/wp-json\/wp\/v2\/posts"}],"about":[{"href":"https:\/\/visionciudadana.com.mx\/oficial\/wp-json\/wp\/v2\/types\/post"}],"author":[{"embeddable":true,"href":"https:\/\/visionciudadana.com.mx\/oficial\/wp-json\/wp\/v2\/users\/1"}],"replies":[{"embeddable":true,"href":"https:\/\/visionciudadana.com.mx\/oficial\/wp-json\/wp\/v2\/comments?post=17781"}],"version-history":[{"count":1,"href":"https:\/\/visionciudadana.com.mx\/oficial\/wp-json\/wp\/v2\/posts\/17781\/revisions"}],"predecessor-version":[{"id":30508,"href":"https:\/\/visionciudadana.com.mx\/oficial\/wp-json\/wp\/v2\/posts\/17781\/revisions\/30508"}],"wp:featuredmedia":[{"embeddable":true,"href":"https:\/\/visionciudadana.com.mx\/oficial\/wp-json\/wp\/v2\/media\/2029"}],"wp:attachment":[{"href":"https:\/\/visionciudadana.com.mx\/oficial\/wp-json\/wp\/v2\/media?parent=17781"}],"wp:term":[{"taxonomy":"category","embeddable":true,"href":"https:\/\/visionciudadana.com.mx\/oficial\/wp-json\/wp\/v2\/categories?post=17781"},{"taxonomy":"post_tag","embeddable":true,"href":"https:\/\/visionciudadana.com.mx\/oficial\/wp-json\/wp\/v2\/tags?post=17781"},{"taxonomy":"author","embeddable":true,"href":"https:\/\/visionciudadana.com.mx\/oficial\/wp-json\/wp\/v2\/ppma_author?post=17781"}],"curies":[{"name":"wp","href":"https:\/\/api.w.org\/{rel}","templated":true}]}}