{"id":17780,"date":"2021-10-20T01:55:38","date_gmt":"2021-10-20T01:55:38","guid":{"rendered":"https:\/\/visionciudadana.com.mx\/chio\/2021\/10\/20\/para-fortalecer-la-economia-de-sinaloa-hay-que-consumir-lo-local-javier-lizarraga\/"},"modified":"2025-06-24T23:31:03","modified_gmt":"2025-06-24T23:31:03","slug":"para-fortalecer-la-economia-de-sinaloa-hay-que-consumir-lo-local-javier-lizarraga","status":"publish","type":"post","link":"https:\/\/visionciudadana.com.mx\/oficial\/2021\/10\/20\/para-fortalecer-la-economia-de-sinaloa-hay-que-consumir-lo-local-javier-lizarraga\/","title":{"rendered":"Para fortalecer la econom\u00eda de Sinaloa hay que consumir lo local: Javier Liz\u00e1rraga"},"content":{"rendered":"<p style=\"text-align: justify;\"><img fetchpriority=\"high\" decoding=\"async\" src=\"images\/Oct21\/abrirss.jpg\" alt=\"abrirss\" width=\"780\" height=\"420\" style=\"display: block; margin: 20px auto;\" \/><\/p>\n<div style=\"text-align: justify;\"><span style=\"font-size: 14pt;\">Al destacar que Sinaloa al d\u00eda de hoy tiene proyectos estrat\u00e9gicos muy importantes los cuales se requiere seguir impulsando como lo son la planta de petroqu\u00edmica en el norte del estado y el parque aeroespacial en Mazatl\u00e1n, el Secretario de Econom\u00eda de Sinaloa, Javier Liz\u00e1rraga Mercado, ofreci\u00f3 un mensaje en el evento \u201cConsume Sinaloa Expo Networking\u201d.<\/span><\/div>\n<div>&nbsp;<\/div>\n<div style=\"text-align: justify;\"><span style=\"font-size: 14pt;\"><\/span><\/div>\n<div style=\"text-align: justify;\"><span style=\"font-size: 14pt;\">\u201cEstos dos proyectos pueden ser una gran realidad para Sinaloa gracias a la disponibilidad del gas natural como insumo primordial, porque es&nbsp;<\/span><span style=\"font-size: 14pt;\">importante producir nuestros fertilizantes, dejarlos de importar para el ahorro del productor y que decir del parque aeroespacial en Mazatl\u00e1n\u201d, subray\u00f3.<\/span><\/div>\n<div>&nbsp;<\/div>\n<div style=\"text-align: justify;\"><span style=\"font-size: 14pt;\"><\/span><\/div>\n<div style=\"text-align: justify;\"><span style=\"font-size: 14pt;\">Sobre el evento \u201cConsume Sinaloa Expo Networking\u201d, el titular de econom\u00eda en Sinaloa, dijo que lo m\u00e1s importante para una regi\u00f3n es que se consuma lo que produce y tiene el estado.<\/span><\/div>\n<div>&nbsp;<\/div>\n<div style=\"text-align: justify;\"><span style=\"font-size: 14pt;\"><\/span><\/div>\n<div style=\"text-align: justify;\"><span style=\"font-size: 14pt;\">\u201cEs importante para una regi\u00f3n que consumamos y apreciemos lo quetenemos y lo bien hecho que se hacen las cosas en Sinaloa, por manos de mujeres y hombres que todos los d\u00edas tratan de llevar de la mejor forma llevar sustento a sus familias, por eso trabajamos bajo la conducci\u00f3n del Gobernador Quirino Ordaz Coppel a favor de las MiPyMES y de las franquicias\u201d, coment\u00f3 en su mensaje.<\/span><\/div>\n<div style=\"text-align: justify;\"><span style=\"font-size: 14pt;\"><\/span><\/div>\n<div>&nbsp;<\/div>\n<div style=\"text-align: justify;\"><span style=\"font-size: 14pt;\">En \u201cConsume Sinaloa Expo Networking\u201d la finalidad fue impulsar las marcas sinaloenses buscando generar negocios y desarrollo econ\u00f3mico para el estado.<\/span><\/div>\n<div>&nbsp;<\/div>\n<div style=\"text-align: justify;\"><span style=\"font-size: 14pt;\"><\/span><\/div>\n<div style=\"text-align: justify;\"><span style=\"font-size: 14pt;\">Se trata dijo el Secretario de Econom\u00eda de que a trav\u00e9s de eventos como de este tipo se fomente el desarrollo y crecimiento de las MiPyMES en el Estado.<\/span><\/div>\n<div>&nbsp;<\/div>\n<div style=\"text-align: justify;\"><span style=\"font-size: 14pt;\"><\/span><\/div>\n<div style=\"text-align: justify;\"><span style=\"font-size: 14pt;\">En su intervenci\u00f3n en el evento la Subsecretaria de Desarrollo Econ\u00f3mico, Morayma Yaseen Campomanes, invit\u00f3 a consumir lo que producen las manos sinaloenses y promover marcas locales.<\/span><\/div>\n<div>&nbsp;<\/div>\n<div style=\"text-align: justify;\"><span style=\"font-size: 14pt;\"><\/span><\/div>\n<div style=\"text-align: justify;\"><span style=\"font-size: 14pt;\">\u201cDebemos fomentar en los sinaloenses el consumo de lo local, vienen fechas importante de fin de a\u00f1o y hay que apoyar a los nuestros, pensemos primero en nuestras MiPyMES, hoy vemos una muestra de m\u00e1s de 200 marcas sinaloenses que nos representan de lo que verdaderamente somos en el estado, tenemos m\u00e1s de 70 marcas, la carreta de Mujeres Productivas en donde hemos ayudado a m\u00e1s de 500 jefas de empresas en donde han encontrado su punto de venta y promoci\u00f3n, tambi\u00e9n tenemos un espacio con las franquicias nuevas en Sinaloa\u201d, coment\u00f3 la funcionaria.<\/span><\/div>\n<div style=\"text-align: justify;\"><span style=\"font-size: 14pt;\"><\/span><\/div>\n<div>&nbsp;<\/div>\n<div style=\"text-align: justify;\"><span style=\"font-size: 14pt;\">\u201cConsume Sinaloa Expo Networking\u201d benefici\u00f3 a m\u00e1s de 200 empresas sinaloense en diferentes \u00e1reas y actividades: 25 empresas exponiendo sus marcas en \u00e1rea PyMES, 7 empresas en \u00e1rea de gastronom\u00eda, 5 franquicias promoviendo sus modelos de negocios, 20 productos de mujeres sinaloenses en la carreta de mujeres productivas, 10 empresas de mentor\u00eda brindando asesor\u00eda y acompa\u00f1amiento gratuito, m\u00e1s de 150 empresas y emprendedores haciendo negocios en el \u00e1rea de Networking y m\u00e1s de 10 marcas en la pasarela de noda y belleza.<\/span><\/div>\n<div style=\"text-align: justify;\"><span style=\"font-size: 14pt;\"><\/span><\/div>\n<div>&nbsp;<\/div>\n<div style=\"text-align: justify;\"><span style=\"font-size: 14pt;\">Participaron en el evento \u201cConsume Sinaloa Expo Networking\u201d,&nbsp; Luis Javier de la Rocha Zazueta, diputado local y presidente de la comisi\u00f3n de Desarrollo Econ\u00f3mico del Congreso del Estado y Berenice Mascare\u00f1o Garc\u00eda, Secretaria de Desarrollo Econ\u00f3mico de Culiac\u00e1n.<\/span><\/div>\n<div>&nbsp;<\/div>\n<div>&nbsp;<\/div>\n<div>&nbsp;<\/div>\n<div><span style=\"font-size: 14pt;\">REDACCI\u00d3N\/VISI\u00d3N CIUDADANA.<\/span><\/div>\n","protected":false},"excerpt":{"rendered":"<p>Al destacar que Sinaloa al d\u00eda de hoy tiene proyectos estrat\u00e9gicos muy importantes los cuales se requiere seguir impulsando como lo son la planta de petroqu\u00edmica en el norte del estado y el parque aeroespacial en Mazatl\u00e1n, el Secretario de Econom\u00eda de Sinaloa, Javier Liz\u00e1rraga Mercado, ofreci\u00f3 un mensaje en el evento \u201cConsume Sinaloa Expo [&hellip;]<\/p>\n","protected":false},"author":1,"featured_media":2027,"comment_status":"closed","ping_status":"closed","sticky":false,"template":"","format":"standard","meta":{"footnotes":""},"categories":[24],"tags":[],"ppma_author":[31],"class_list":["post-17780","post","type-post","status-publish","format-standard","has-post-thumbnail","hentry","category-relevantes"],"aioseo_notices":[],"authors":[{"term_id":31,"user_id":1,"is_guest":0,"slug":"ivan3vino","display_name":"Iv\u00e1n Trevi\u00f1o","avatar_url":{"url":"https:\/\/visionciudadana.com.mx\/oficial\/wp-content\/uploads\/2025\/09\/columna-ivan-Trevino.png","url2x":"https:\/\/visionciudadana.com.mx\/oficial\/wp-content\/uploads\/2025\/09\/columna-ivan-Trevino.png"},"0":null,"1":"","2":"","3":"","4":"","5":"","6":"","7":"","8":""}],"_links":{"self":[{"href":"https:\/\/visionciudadana.com.mx\/oficial\/wp-json\/wp\/v2\/posts\/17780","targetHints":{"allow":["GET"]}}],"collection":[{"href":"https:\/\/visionciudadana.com.mx\/oficial\/wp-json\/wp\/v2\/posts"}],"about":[{"href":"https:\/\/visionciudadana.com.mx\/oficial\/wp-json\/wp\/v2\/types\/post"}],"author":[{"embeddable":true,"href":"https:\/\/visionciudadana.com.mx\/oficial\/wp-json\/wp\/v2\/users\/1"}],"replies":[{"embeddable":true,"href":"https:\/\/visionciudadana.com.mx\/oficial\/wp-json\/wp\/v2\/comments?post=17780"}],"version-history":[{"count":1,"href":"https:\/\/visionciudadana.com.mx\/oficial\/wp-json\/wp\/v2\/posts\/17780\/revisions"}],"predecessor-version":[{"id":30509,"href":"https:\/\/visionciudadana.com.mx\/oficial\/wp-json\/wp\/v2\/posts\/17780\/revisions\/30509"}],"wp:featuredmedia":[{"embeddable":true,"href":"https:\/\/visionciudadana.com.mx\/oficial\/wp-json\/wp\/v2\/media\/2027"}],"wp:attachment":[{"href":"https:\/\/visionciudadana.com.mx\/oficial\/wp-json\/wp\/v2\/media?parent=17780"}],"wp:term":[{"taxonomy":"category","embeddable":true,"href":"https:\/\/visionciudadana.com.mx\/oficial\/wp-json\/wp\/v2\/categories?post=17780"},{"taxonomy":"post_tag","embeddable":true,"href":"https:\/\/visionciudadana.com.mx\/oficial\/wp-json\/wp\/v2\/tags?post=17780"},{"taxonomy":"author","embeddable":true,"href":"https:\/\/visionciudadana.com.mx\/oficial\/wp-json\/wp\/v2\/ppma_author?post=17780"}],"curies":[{"name":"wp","href":"https:\/\/api.w.org\/{rel}","templated":true}]}}