{"id":17779,"date":"2021-10-20T01:37:52","date_gmt":"2021-10-20T01:37:52","guid":{"rendered":"https:\/\/visionciudadana.com.mx\/chio\/2021\/10\/20\/urgente-la-creacion-de-protocolos-de-salud-emocional-en-mujeres-con-cancer-de-mama-connie-zazueta\/"},"modified":"2025-06-24T23:31:03","modified_gmt":"2025-06-24T23:31:03","slug":"urgente-la-creacion-de-protocolos-de-salud-emocional-en-mujeres-con-cancer-de-mama-connie-zazueta","status":"publish","type":"post","link":"https:\/\/visionciudadana.com.mx\/oficial\/2021\/10\/20\/urgente-la-creacion-de-protocolos-de-salud-emocional-en-mujeres-con-cancer-de-mama-connie-zazueta\/","title":{"rendered":"Urgente la creaci\u00f3n de protocolos de salud emocional en mujeres con c\u00e1ncer de mama: Connie Zazueta"},"content":{"rendered":"<p class=\"x_MsoNormal\" style=\"text-align: justify;\" align=\"center\"><b>&nbsp;<img fetchpriority=\"high\" decoding=\"async\" src=\"images\/Oct21\/connyss.jpg\" alt=\"connyss\" width=\"780\" height=\"420\" style=\"display: block; margin: 20px auto;\" \/><\/b><\/p>\n<p class=\"x_MsoNormal\" style=\"text-align: justify;\"><span style=\"font-size: 14pt;\">Con motivo del \u201cD\u00eda mundial de la lucha contra el c\u00e1ncer de mama\u201d, la diputada Connie Zazueta Castro manifest\u00f3 que este no es un d\u00eda m\u00e1s en el calendario, sino que es una fecha que busca visibilizar un gran problema de salud p\u00fablica en todo M\u00e9xico, pero, sobre todo, que pretende sensibilizar y generar conciencia a nivel social e individual sobre lo vital que resulta la prevenci\u00f3n y la detecci\u00f3n temprana de esta enfermedad.<\/span><\/p>\n<p style=\"text-align: justify;\">&nbsp;<\/p>\n<p class=\"x_MsoNormal\" style=\"text-align: justify;\"><span style=\"font-size: 14pt;\">La legisladora consider\u00f3 urgente la existencia de mecanismos, programas y protocolos de salud emocional para disminuir el impacto de la enfermedad, mejorar la calidad de vida de las mujeres y de sus familias, refrend\u00f3 su compromiso y convicci\u00f3n, as\u00ed como la del Grupo Parlamentario del PRI, para la atenci\u00f3n temprana y oportuna del c\u00e1ncer de mama.<\/span><\/p>\n<p style=\"text-align: justify;\">&nbsp;<\/p>\n<p class=\"x_MsoNormal\" style=\"text-align: justify;\"><span style=\"font-size: 14pt;\">\u00abEl c\u00e1ncer de mama constituye la principal causa de morbilidad hospitalaria por tumores malignos entre la poblaci\u00f3n de 20 a\u00f1os y m\u00e1s, de acuerdo con datos de la Secretar\u00eda de Salud Federal, generados por el INEGI en 2020\u201d afirm\u00f3 la diputada local, Connie Zazueta en su participaci\u00f3n ante la 64 legislatura, en el pleno del Congreso del Estado de Sinaloa.<\/span><\/p>\n<p style=\"text-align: justify;\">&nbsp;<\/p>\n<p class=\"x_MsoNormal\" style=\"text-align: justify;\"><span style=\"font-size: 14pt;\">\u201cNuestro deber es impulsar que se realicen acciones, se dise\u00f1en pol\u00edticas p\u00fablicas, y sobre todo que se destinen m\u00e1s recursos para atender esta problem\u00e1tica\u201d, expres\u00f3.<\/span><\/p>\n<p style=\"text-align: justify;\">&nbsp;<\/p>\n<p class=\"x_MsoNormal\" style=\"text-align: justify;\"><span style=\"font-size: 14pt;\">Afirm\u00f3 que conoce de cerca esta enfermedad y ha investigado al respecto, s\u00e9 que tambi\u00e9n el apoyo emocional tanto a quienes lo padecen como el c\u00edrculo afectivo, es uno de los elementos clave para los que est\u00e1n luchando contra este padecimiento o que ya lo superaron\u201d, puntualiz\u00f3.<\/span><\/p>\n<p style=\"text-align: justify;\">&nbsp;<\/p>\n<p style=\"text-align: justify;\">&nbsp;<\/p>\n<p style=\"text-align: justify;\"><span style=\"font-size: 14pt;\">REDACCI\u00d3N\/VISI\u00d3N CIUDADANA.<\/span><\/p>\n","protected":false},"excerpt":{"rendered":"<p>&nbsp; Con motivo del \u201cD\u00eda mundial de la lucha contra el c\u00e1ncer de mama\u201d, la diputada Connie Zazueta Castro manifest\u00f3 que este no es un d\u00eda m\u00e1s en el calendario, sino que es una fecha que busca visibilizar un gran problema de salud p\u00fablica en todo M\u00e9xico, pero, sobre todo, que pretende sensibilizar y generar [&hellip;]<\/p>\n","protected":false},"author":1,"featured_media":2025,"comment_status":"closed","ping_status":"closed","sticky":false,"template":"","format":"standard","meta":{"footnotes":""},"categories":[24],"tags":[],"ppma_author":[31],"class_list":["post-17779","post","type-post","status-publish","format-standard","has-post-thumbnail","hentry","category-relevantes"],"aioseo_notices":[],"authors":[{"term_id":31,"user_id":1,"is_guest":0,"slug":"ivan3vino","display_name":"Iv\u00e1n Trevi\u00f1o","avatar_url":{"url":"https:\/\/visionciudadana.com.mx\/oficial\/wp-content\/uploads\/2025\/09\/columna-ivan-Trevino.png","url2x":"https:\/\/visionciudadana.com.mx\/oficial\/wp-content\/uploads\/2025\/09\/columna-ivan-Trevino.png"},"0":null,"1":"","2":"","3":"","4":"","5":"","6":"","7":"","8":""}],"_links":{"self":[{"href":"https:\/\/visionciudadana.com.mx\/oficial\/wp-json\/wp\/v2\/posts\/17779","targetHints":{"allow":["GET"]}}],"collection":[{"href":"https:\/\/visionciudadana.com.mx\/oficial\/wp-json\/wp\/v2\/posts"}],"about":[{"href":"https:\/\/visionciudadana.com.mx\/oficial\/wp-json\/wp\/v2\/types\/post"}],"author":[{"embeddable":true,"href":"https:\/\/visionciudadana.com.mx\/oficial\/wp-json\/wp\/v2\/users\/1"}],"replies":[{"embeddable":true,"href":"https:\/\/visionciudadana.com.mx\/oficial\/wp-json\/wp\/v2\/comments?post=17779"}],"version-history":[{"count":1,"href":"https:\/\/visionciudadana.com.mx\/oficial\/wp-json\/wp\/v2\/posts\/17779\/revisions"}],"predecessor-version":[{"id":30510,"href":"https:\/\/visionciudadana.com.mx\/oficial\/wp-json\/wp\/v2\/posts\/17779\/revisions\/30510"}],"wp:featuredmedia":[{"embeddable":true,"href":"https:\/\/visionciudadana.com.mx\/oficial\/wp-json\/wp\/v2\/media\/2025"}],"wp:attachment":[{"href":"https:\/\/visionciudadana.com.mx\/oficial\/wp-json\/wp\/v2\/media?parent=17779"}],"wp:term":[{"taxonomy":"category","embeddable":true,"href":"https:\/\/visionciudadana.com.mx\/oficial\/wp-json\/wp\/v2\/categories?post=17779"},{"taxonomy":"post_tag","embeddable":true,"href":"https:\/\/visionciudadana.com.mx\/oficial\/wp-json\/wp\/v2\/tags?post=17779"},{"taxonomy":"author","embeddable":true,"href":"https:\/\/visionciudadana.com.mx\/oficial\/wp-json\/wp\/v2\/ppma_author?post=17779"}],"curies":[{"name":"wp","href":"https:\/\/api.w.org\/{rel}","templated":true}]}}