{"id":17672,"date":"2021-09-30T18:46:47","date_gmt":"2021-09-30T18:46:47","guid":{"rendered":"https:\/\/visionciudadana.com.mx\/chio\/2021\/09\/30\/sipinna-busca-conocer-necesidades-y-sentimientos-de-ninas-y-ninos-entre-los-3-y-5-anos-de-edad\/"},"modified":"2025-06-24T23:31:11","modified_gmt":"2025-06-24T23:31:11","slug":"sipinna-busca-conocer-necesidades-y-sentimientos-de-ninas-y-ninos-entre-los-3-y-5-anos-de-edad","status":"publish","type":"post","link":"https:\/\/visionciudadana.com.mx\/oficial\/2021\/09\/30\/sipinna-busca-conocer-necesidades-y-sentimientos-de-ninas-y-ninos-entre-los-3-y-5-anos-de-edad\/","title":{"rendered":"SIPINNA busca conocer necesidades y sentimientos de ni\u00f1as y ni\u00f1os entre los 3 y 5 a\u00f1os de edad"},"content":{"rendered":"<div style=\"text-align: justify;\"><img decoding=\"async\" src=\"images\/2021\/Sept.21\/sipys.jpg\" alt=\"sipys\" style=\"display: block; margin: 20px auto;\" \/><\/div>\n<div style=\"text-align: justify;\"><span style=\"font-size: 14pt;\">Las ni\u00f1as y ni\u00f1os que viven su primera infancia tambi\u00e9n son portadores y portadoras de todos los derechos consagrados, se\u00f1al\u00f3 Margarita Ur\u00edas burgos, Secretar\u00eda Ejecutiva del Sistema Integral de Protecci\u00f3n a Ni\u00f1as, Ni\u00f1os y Adolescentes en Sinaloa, es por esto que se busca conocer sus necesidades y sentimientos a trav\u00e9s de la Consulta OpiNNA Primera Infancia.<\/span><\/div>\n<div style=\"text-align: justify;\">&nbsp;<\/div>\n<div style=\"text-align: justify;\"><span style=\"font-size: 14pt;\"><\/span><\/div>\n<div style=\"text-align: justify;\"><span style=\"font-size: 14pt;\">Dicha consulta, dijo, tiene por objetivos integrar a las ni\u00f1as y ni\u00f1os de menor edad en la toma de decisiones de sus derechos, adem\u00e1s de reconocerles como agentes primordiales y portadores de los derechos consagrados en la Convenci\u00f3n sobre los Derechos del Ni\u00f1o, siendo su opini\u00f3n de suma importancia para generar pol\u00edticas p\u00fablicas que ayuden en su bienestar y desarrollo.<\/span><\/div>\n<div style=\"text-align: justify;\">&nbsp;<\/div>\n<div style=\"text-align: justify;\"><span style=\"font-size: 14pt;\"><\/span><\/div>\n<div style=\"text-align: justify;\"><span style=\"font-size: 14pt;\">\u201cEste es un instrumento m\u00e1s en el derecho de prioridad y de participaci\u00f3n de la ni\u00f1ez como inter\u00e9s superior, y sobre todo comentarles que es la primera vez que se consulta a ni\u00f1as y ni\u00f1os tan peque\u00f1os, se hab\u00edan hecho otro tipo de conversatorios por la autonom\u00eda progresiva de la edad, pero el SIPINNA Nacional decidi\u00f3 con todos los resultados que se han tenido en el derecho de participaci\u00f3n de primera infancia que ten\u00edamos que&nbsp; tener alguna medici\u00f3n, alg\u00fan diagn\u00f3stico u observaci\u00f3n que nos sirviera tanto a la secretar\u00eda ejecutiva del nacional y estatal\u201d, indic\u00f3.<\/span><\/div>\n<div style=\"text-align: justify;\">&nbsp;<\/div>\n<div style=\"text-align: justify;\"><span style=\"font-size: 14pt;\"><\/span><\/div>\n<div style=\"text-align: justify;\"><span style=\"font-size: 14pt;\">Explic\u00f3 que la consulta estar\u00e1 vigente del viernes 01 al domingo 24 de octubre y podr\u00e1n participar todas las ni\u00f1as y ni\u00f1os de los 3 a los 5 a\u00f1os de Sinaloa con ayuda de sus pap\u00e1s, mam\u00e1s, personas tutoras o red de apoyo para la infancia.<\/span><\/div>\n<div style=\"text-align: justify;\">&nbsp;<\/div>\n<div style=\"text-align: justify;\"><span style=\"font-size: 14pt;\"><\/span><\/div>\n<div style=\"text-align: justify;\"><span style=\"font-size: 14pt;\">Los pasos para que la participaci\u00f3n sea transparente dijo, son el invitar desde cada uno de los hogares sinaloenses con ni\u00f1as y ni\u00f1os en este rango de edad a dibujar todo aquello que los hace felices y sonre\u00edr, y tambi\u00e9n todo aquello que les pone triste y les hace llorar, despu\u00e9s deber\u00e1n explicarle esto a la persona mayor que les est\u00e9 acompa\u00f1ando.&nbsp;<\/span><\/div>\n<div style=\"text-align: justify;\">&nbsp;<\/div>\n<div style=\"text-align: justify;\"><span style=\"font-size: 14pt;\"><\/span><\/div>\n<div style=\"text-align: justify;\"><span style=\"font-size: 14pt;\">Despu\u00e9s de esto, el pap\u00e1, mam\u00e1, persona tutoras o red de apoyo que haya estado en el momento del dibujo, deber\u00e1 enviar fotograf\u00eda de las ilustraciones junto con lo que se haya explicado por parte del infante al siguiente formulario: <a href=\"https:\/\/forms.gle\/oyLXynL9ofFke1Ru6\">https:\/\/forms.gle\/oyLXynL9ofFke1Ru6<\/a><\/span><\/div>\n<div style=\"text-align: justify;\">&nbsp;<\/div>\n<div style=\"text-align: justify;\"><span style=\"font-size: 14pt;\"><\/span><\/div>\n<div style=\"text-align: justify;\"><span style=\"font-size: 14pt;\">\u201cA qu\u00e9 poblaci\u00f3n va a beneficiar esta encuesta OpiNNA, bueno pues a la poblaci\u00f3n que habita en los hogares sinaloenses en los 18 municipios que son 145 mil 959 ni\u00f1os y ni\u00f1as. Ustedes ser\u00e1n parte fundamental de esta metodolog\u00eda (SIPINNA\u2019S Municipales, sector salud y educativo)\u201d.<\/span><\/div>\n<div style=\"text-align: justify;\">&nbsp;<\/div>\n<div style=\"text-align: justify;\"><span style=\"font-size: 14pt;\"><\/span><\/div>\n<div style=\"text-align: justify;\"><span style=\"font-size: 14pt;\">Ur\u00edas Burgos recalc\u00f3 que gracias al apoyo de las instancias municipales del SIPINNA, el sector educativo, de salud, as\u00ed como a diferentes dependencias y organizaciones civiles ser\u00e1 posible lograr la media necesaria para ser parte de la muestra nacional, la cual es de 400 ni\u00f1as y ni\u00f1os entre los 3 y los 5 a\u00f1os de edad.&nbsp;<\/span><\/div>\n<div style=\"text-align: justify;\"><span style=\"font-size: 14pt;\"><\/span><\/div>\n<div style=\"text-align: justify;\"><span style=\"font-size: 14pt;\">Por \u00faltimo, la Secretaria Ejecutiva del SIPINNA Sinaloa manifest\u00f3 que es de suma importancia poder contar con las opiniones de las ni\u00f1as y ni\u00f1os sinaloenses, por lo que invit\u00f3 a las personas adultas a que busquen un espacio para que sus hijas e hijos, sobrinos, alumnos y dem\u00e1s puedan participar activamente, reiter\u00f3 que desde las redes sociales del SIPINNA Sinaloa se estar\u00e1n atendiendo dudas o comentarios que se tenga al respecto de la consulta.<\/span><\/div>\n<div style=\"text-align: justify;\">&nbsp;<\/div>\n<div style=\"text-align: justify;\">&nbsp;<\/div>\n<div style=\"text-align: justify;\">&nbsp;<\/div>\n<div style=\"text-align: justify;\"><span style=\"font-size: 14pt;\">REDACCI\u00d3N\/VISI\u00d3N CIUDADNAA.<\/span><\/div>\n","protected":false},"excerpt":{"rendered":"<p>Las ni\u00f1as y ni\u00f1os que viven su primera infancia tambi\u00e9n son portadores y portadoras de todos los derechos consagrados, se\u00f1al\u00f3 Margarita Ur\u00edas burgos, Secretar\u00eda Ejecutiva del Sistema Integral de Protecci\u00f3n a Ni\u00f1as, Ni\u00f1os y Adolescentes en Sinaloa, es por esto que se busca conocer sus necesidades y sentimientos a trav\u00e9s de la Consulta OpiNNA Primera [&hellip;]<\/p>\n","protected":false},"author":1,"featured_media":1860,"comment_status":"closed","ping_status":"closed","sticky":false,"template":"","format":"standard","meta":{"footnotes":""},"categories":[13],"tags":[],"ppma_author":[31],"class_list":["post-17672","post","type-post","status-publish","format-standard","has-post-thumbnail","hentry","category-locales"],"aioseo_notices":[],"authors":[{"term_id":31,"user_id":1,"is_guest":0,"slug":"ivan3vino","display_name":"Iv\u00e1n Trevi\u00f1o","avatar_url":{"url":"https:\/\/visionciudadana.com.mx\/oficial\/wp-content\/uploads\/2025\/09\/columna-ivan-Trevino.png","url2x":"https:\/\/visionciudadana.com.mx\/oficial\/wp-content\/uploads\/2025\/09\/columna-ivan-Trevino.png"},"0":null,"1":"","2":"","3":"","4":"","5":"","6":"","7":"","8":""}],"_links":{"self":[{"href":"https:\/\/visionciudadana.com.mx\/oficial\/wp-json\/wp\/v2\/posts\/17672","targetHints":{"allow":["GET"]}}],"collection":[{"href":"https:\/\/visionciudadana.com.mx\/oficial\/wp-json\/wp\/v2\/posts"}],"about":[{"href":"https:\/\/visionciudadana.com.mx\/oficial\/wp-json\/wp\/v2\/types\/post"}],"author":[{"embeddable":true,"href":"https:\/\/visionciudadana.com.mx\/oficial\/wp-json\/wp\/v2\/users\/1"}],"replies":[{"embeddable":true,"href":"https:\/\/visionciudadana.com.mx\/oficial\/wp-json\/wp\/v2\/comments?post=17672"}],"version-history":[{"count":1,"href":"https:\/\/visionciudadana.com.mx\/oficial\/wp-json\/wp\/v2\/posts\/17672\/revisions"}],"predecessor-version":[{"id":30569,"href":"https:\/\/visionciudadana.com.mx\/oficial\/wp-json\/wp\/v2\/posts\/17672\/revisions\/30569"}],"wp:featuredmedia":[{"embeddable":true,"href":"https:\/\/visionciudadana.com.mx\/oficial\/wp-json\/wp\/v2\/posts\/1860"}],"wp:attachment":[{"href":"https:\/\/visionciudadana.com.mx\/oficial\/wp-json\/wp\/v2\/media?parent=17672"}],"wp:term":[{"taxonomy":"category","embeddable":true,"href":"https:\/\/visionciudadana.com.mx\/oficial\/wp-json\/wp\/v2\/categories?post=17672"},{"taxonomy":"post_tag","embeddable":true,"href":"https:\/\/visionciudadana.com.mx\/oficial\/wp-json\/wp\/v2\/tags?post=17672"},{"taxonomy":"author","embeddable":true,"href":"https:\/\/visionciudadana.com.mx\/oficial\/wp-json\/wp\/v2\/ppma_author?post=17672"}],"curies":[{"name":"wp","href":"https:\/\/api.w.org\/{rel}","templated":true}]}}