{"id":17671,"date":"2021-09-30T18:42:47","date_gmt":"2021-09-30T18:42:47","guid":{"rendered":"https:\/\/visionciudadana.com.mx\/chio\/2021\/09\/30\/celebran-el-tercer-aniversario-de-las-expo-mujeres-artesanas\/"},"modified":"2025-06-24T23:31:11","modified_gmt":"2025-06-24T23:31:11","slug":"celebran-el-tercer-aniversario-de-las-expo-mujeres-artesanas","status":"publish","type":"post","link":"https:\/\/visionciudadana.com.mx\/oficial\/2021\/09\/30\/celebran-el-tercer-aniversario-de-las-expo-mujeres-artesanas\/","title":{"rendered":"Celebran el tercer aniversario de las \u201cExpo Mujeres Artesanas\u201d"},"content":{"rendered":"<div style=\"text-align: justify;\"><img decoding=\"async\" src=\"images\/2021\/Sept.21\/artesanas.jpg\" alt=\"artesanas\" style=\"display: block; margin: 20px auto;\" \/><\/div>\n<div style=\"text-align: justify;\"><span style=\"font-size: 14pt;\">En el marco de las actividades conmemorativos del 490 aniversario de la fundaci\u00f3n de Culiac\u00e1n, la Secretar\u00eda del Bienestar, a trav\u00e9s de la Direcci\u00f3n de Participaci\u00f3n Ciudadana, celebr\u00f3 el tercer a\u00f1o de la Expo Mujeres Artesanas con una nueva edici\u00f3n al interior de la Plazuela \u00c1lvaro Obreg\u00f3n.<\/span><\/div>\n<div style=\"text-align: justify;\">&nbsp;<\/div>\n<div style=\"text-align: justify;\"><span style=\"font-size: 14pt;\"><\/span><\/div>\n<div style=\"text-align: justify;\"><span style=\"font-size: 14pt;\">Carlos Zamudio de la Herr\u00e1n, titular de la secretar\u00eda, detall\u00f3 que con la participaci\u00f3n de 40 mujeres emprendedoras de la capital, se instal\u00f3 la tradicional exposici\u00f3n en el primer cuadro de la ciudad con el principal objetivo de dar a conocer los productos, manualidades y alimentos que elaboran con sus propias manos.<\/span><\/div>\n<div style=\"text-align: justify;\">&nbsp;<\/div>\n<div style=\"text-align: justify;\"><span style=\"font-size: 14pt;\"><\/span><\/div>\n<div style=\"text-align: justify;\"><span style=\"font-size: 14pt;\">\u201cUstedes son una pieza fundamental del motor que impulsa la econom\u00eda del municipio, su capacidad y talento refleja el rostro de las&nbsp; mujeres de Culiac\u00e1n, trabajadoras, responsables y creativas, quienes movidas por el amor a su familia buscan salir adelante\u201d, manifest\u00f3 el secretario.<\/span><\/div>\n<div style=\"text-align: justify;\">&nbsp;<\/div>\n<div style=\"text-align: justify;\"><span style=\"font-size: 14pt;\"><\/span><\/div>\n<div style=\"text-align: justify;\"><span style=\"font-size: 14pt;\">Por su parte, Malu Reyes, directora de participaci\u00f3n ciudadana, mencion\u00f3 que durante estos 3 a\u00f1os se han realizado m\u00e1s de 40 exposiciones, impactando positivamente y de manera directa en cientos de f\u00e9minas de Culiac\u00e1n al contribuir en la difusi\u00f3n de sus productos.<\/span><\/div>\n<div style=\"text-align: justify;\">&nbsp;<\/div>\n<div style=\"text-align: justify;\"><span style=\"font-size: 14pt;\"><\/span><\/div>\n<div style=\"text-align: justify;\"><span style=\"font-size: 14pt;\">\u201cCada uno de estos art\u00edculos son hechos por mujeres talentos que, ante esta crisis de salud combinada con una crisis econ\u00f3mica, han sacado adelante a su familia; y lejos de estar temerosas o amedrentadas, con su esp\u00edritu de fortaleza se han mantenido productivas\u201d, indic\u00f3.<\/span><\/div>\n<div style=\"text-align: justify;\">&nbsp;<\/div>\n<div style=\"text-align: justify;\"><span style=\"font-size: 14pt;\"><\/span><\/div>\n<div style=\"text-align: justify;\"><span style=\"font-size: 14pt;\"><\/span><\/div>\n<div style=\"text-align: justify;\"><span style=\"font-size: 14pt;\">Entre los art\u00edculos, productos, manualidades y alimentos que se pueden encontrar, Malu Reyes dijo que aqu\u00ed se ofertan antojitos mexicanos, dulces regionales, accesorios de belleza, artesan\u00edas con materiales reciclados, bolsas artesanales, productos de higiene y limpieza org\u00e1nicos, entre otros.<\/span><\/div>\n<div style=\"text-align: justify;\">&nbsp;<\/div>\n<div style=\"text-align: justify;\"><span style=\"font-size: 14pt;\"><\/span><\/div>\n<div style=\"text-align: justify;\"><span style=\"font-size: 14pt;\">Finalmente, dijo que la Expo Mujeres Artesanas estar\u00e1 funcionando hoy y ma\u00f1ana viernes en la Plazuela Obreg\u00f3n, y durante cada mes se estar\u00e1 realizando en diferentes puntos para llegar a m\u00e1s espacios de la ciudad por instrucci\u00f3n del alcalde, Lic. Jes\u00fas Estrada Ferreiro.<\/span><\/div>\n<div style=\"text-align: justify;\">&nbsp;<\/div>\n<div style=\"text-align: justify;\">&nbsp;<\/div>\n<div style=\"text-align: justify;\">&nbsp;<\/div>\n<div style=\"text-align: justify;\"><span style=\"font-size: 14pt;\">REDACCI\u00d3N\/VISI\u00d3N CIUDADANA.<\/span><\/div>\n","protected":false},"excerpt":{"rendered":"<p>En el marco de las actividades conmemorativos del 490 aniversario de la fundaci\u00f3n de Culiac\u00e1n, la Secretar\u00eda del Bienestar, a trav\u00e9s de la Direcci\u00f3n de Participaci\u00f3n Ciudadana, celebr\u00f3 el tercer a\u00f1o de la Expo Mujeres Artesanas con una nueva edici\u00f3n al interior de la Plazuela \u00c1lvaro Obreg\u00f3n. &nbsp; Carlos Zamudio de la Herr\u00e1n, titular de [&hellip;]<\/p>\n","protected":false},"author":1,"featured_media":1858,"comment_status":"closed","ping_status":"closed","sticky":false,"template":"","format":"standard","meta":{"footnotes":""},"categories":[13],"tags":[],"ppma_author":[31],"class_list":["post-17671","post","type-post","status-publish","format-standard","has-post-thumbnail","hentry","category-locales"],"aioseo_notices":[],"authors":[{"term_id":31,"user_id":1,"is_guest":0,"slug":"ivan3vino","display_name":"Iv\u00e1n Trevi\u00f1o","avatar_url":{"url":"https:\/\/visionciudadana.com.mx\/oficial\/wp-content\/uploads\/2025\/09\/columna-ivan-Trevino.png","url2x":"https:\/\/visionciudadana.com.mx\/oficial\/wp-content\/uploads\/2025\/09\/columna-ivan-Trevino.png"},"0":null,"1":"","2":"","3":"","4":"","5":"","6":"","7":"","8":""}],"_links":{"self":[{"href":"https:\/\/visionciudadana.com.mx\/oficial\/wp-json\/wp\/v2\/posts\/17671","targetHints":{"allow":["GET"]}}],"collection":[{"href":"https:\/\/visionciudadana.com.mx\/oficial\/wp-json\/wp\/v2\/posts"}],"about":[{"href":"https:\/\/visionciudadana.com.mx\/oficial\/wp-json\/wp\/v2\/types\/post"}],"author":[{"embeddable":true,"href":"https:\/\/visionciudadana.com.mx\/oficial\/wp-json\/wp\/v2\/users\/1"}],"replies":[{"embeddable":true,"href":"https:\/\/visionciudadana.com.mx\/oficial\/wp-json\/wp\/v2\/comments?post=17671"}],"version-history":[{"count":1,"href":"https:\/\/visionciudadana.com.mx\/oficial\/wp-json\/wp\/v2\/posts\/17671\/revisions"}],"predecessor-version":[{"id":30570,"href":"https:\/\/visionciudadana.com.mx\/oficial\/wp-json\/wp\/v2\/posts\/17671\/revisions\/30570"}],"wp:featuredmedia":[{"embeddable":true,"href":"https:\/\/visionciudadana.com.mx\/oficial\/wp-json\/wp\/v2\/posts\/1858"}],"wp:attachment":[{"href":"https:\/\/visionciudadana.com.mx\/oficial\/wp-json\/wp\/v2\/media?parent=17671"}],"wp:term":[{"taxonomy":"category","embeddable":true,"href":"https:\/\/visionciudadana.com.mx\/oficial\/wp-json\/wp\/v2\/categories?post=17671"},{"taxonomy":"post_tag","embeddable":true,"href":"https:\/\/visionciudadana.com.mx\/oficial\/wp-json\/wp\/v2\/tags?post=17671"},{"taxonomy":"author","embeddable":true,"href":"https:\/\/visionciudadana.com.mx\/oficial\/wp-json\/wp\/v2\/ppma_author?post=17671"}],"curies":[{"name":"wp","href":"https:\/\/api.w.org\/{rel}","templated":true}]}}