{"id":17513,"date":"2021-09-03T03:30:35","date_gmt":"2021-09-03T03:30:35","guid":{"rendered":"https:\/\/visionciudadana.com.mx\/chio\/2021\/09\/03\/llevan-a-cabo-el-reencarpetado-de-un-tramo-del-bulevar-pedro-infante\/"},"modified":"2025-06-24T23:31:24","modified_gmt":"2025-06-24T23:31:24","slug":"llevan-a-cabo-el-reencarpetado-de-un-tramo-del-bulevar-pedro-infante","status":"publish","type":"post","link":"https:\/\/visionciudadana.com.mx\/oficial\/2021\/09\/03\/llevan-a-cabo-el-reencarpetado-de-un-tramo-del-bulevar-pedro-infante\/","title":{"rendered":"Llevan a cabo el reencarpetado de un tramo del bulevar Pedro Infante"},"content":{"rendered":"<p style=\"text-align: justify;\"><img fetchpriority=\"high\" decoding=\"async\" src=\"images\/2021\/Sept.21\/reencarpetado.jpg\" alt=\"reencarpetado\" width=\"780\" height=\"420\" style=\"display: block; margin: 20px auto;\" \/><\/p>\n<p style=\"text-align: justify;\"><span style=\"font-size: 14pt;\">El paso de la tormenta tropical \u00b4Nora\u00b4, ha dejado afectaciones en la infraestructura vial de la ciudad, es por ello que el alcalde Lic. Jes\u00fas Estrada Ferreiro ha instruido a la Secretar\u00eda de Obras y Servicios P\u00fablicos para que atienda los da\u00f1os, como es el caso de un tramo de la carpeta de rodamiento del bulevar Pedro Infante, a la altura del Congreso del Estado.<\/span><\/p>\n<p style=\"text-align: justify;\"><span style=\"font-size: 14pt;\">Desde primera hora de este jueves, personal de la Comuna inici\u00f3 la preparaci\u00f3n de uno de los carriles con la limpieza y barrido de la cinta asf\u00e1ltica, para posteriormente aplicar los materiales para la rehabilitaci\u00f3n de esta zona.<\/span><\/p>\n<p style=\"text-align: justify;\"><span style=\"font-size: 14pt;\">Mediante el uso de maquinaria pesada integrada por barredoras mec\u00e1nicas, asfaltadoras y pavimentadoras, alrededor de 50 trabajadores del Departamento de Conservaci\u00f3n realizaron la labor de reencarpetado del bulevar en un espacio de 200 metros.<\/span><\/p>\n<p style=\"text-align: justify;\"><span style=\"font-size: 14pt;\">Con la aplicaci\u00f3n de esta nueva capa de rodamiento se busca garantizar el desplazamiento seguro para todos los automovilistas que diariamente utilizan esta importante vialidad en la capital sinaloense.<\/span><\/p>\n<p style=\"text-align: justify;\"><span style=\"font-size: 14pt;\">Adem\u00e1s de esta vialidad, el Gobierno de Culiac\u00e1n se encuentra efectuando obras de aplicaci\u00f3n de microcarpeta, bacheo y reencarpetado sobre los principales bulevares de la ciudad, con el objetivo de mantener en \u00f3ptimo funcionamiento la cinta asf\u00e1ltica.<\/span><\/p>\n<p style=\"text-align: justify;\">&nbsp;<\/p>\n<p style=\"text-align: justify;\">&nbsp;<\/p>\n<p style=\"text-align: justify;\"><span style=\"font-size: 14pt;\">REDACCI\u00d3N\/VISI\u00d3N CIUDADANA.<\/span><\/p>\n","protected":false},"excerpt":{"rendered":"<p>El paso de la tormenta tropical \u00b4Nora\u00b4, ha dejado afectaciones en la infraestructura vial de la ciudad, es por ello que el alcalde Lic. Jes\u00fas Estrada Ferreiro ha instruido a la Secretar\u00eda de Obras y Servicios P\u00fablicos para que atienda los da\u00f1os, como es el caso de un tramo de la carpeta de rodamiento del [&hellip;]<\/p>\n","protected":false},"author":1,"featured_media":1607,"comment_status":"closed","ping_status":"closed","sticky":false,"template":"","format":"standard","meta":{"footnotes":""},"categories":[13],"tags":[],"ppma_author":[31],"class_list":["post-17513","post","type-post","status-publish","format-standard","has-post-thumbnail","hentry","category-locales"],"aioseo_notices":[],"authors":[{"term_id":31,"user_id":1,"is_guest":0,"slug":"ivan3vino","display_name":"Iv\u00e1n Trevi\u00f1o","avatar_url":{"url":"https:\/\/visionciudadana.com.mx\/oficial\/wp-content\/uploads\/2025\/09\/columna-ivan-Trevino.png","url2x":"https:\/\/visionciudadana.com.mx\/oficial\/wp-content\/uploads\/2025\/09\/columna-ivan-Trevino.png"},"0":null,"1":"","2":"","3":"","4":"","5":"","6":"","7":"","8":""}],"_links":{"self":[{"href":"https:\/\/visionciudadana.com.mx\/oficial\/wp-json\/wp\/v2\/posts\/17513","targetHints":{"allow":["GET"]}}],"collection":[{"href":"https:\/\/visionciudadana.com.mx\/oficial\/wp-json\/wp\/v2\/posts"}],"about":[{"href":"https:\/\/visionciudadana.com.mx\/oficial\/wp-json\/wp\/v2\/types\/post"}],"author":[{"embeddable":true,"href":"https:\/\/visionciudadana.com.mx\/oficial\/wp-json\/wp\/v2\/users\/1"}],"replies":[{"embeddable":true,"href":"https:\/\/visionciudadana.com.mx\/oficial\/wp-json\/wp\/v2\/comments?post=17513"}],"version-history":[{"count":1,"href":"https:\/\/visionciudadana.com.mx\/oficial\/wp-json\/wp\/v2\/posts\/17513\/revisions"}],"predecessor-version":[{"id":30665,"href":"https:\/\/visionciudadana.com.mx\/oficial\/wp-json\/wp\/v2\/posts\/17513\/revisions\/30665"}],"wp:featuredmedia":[{"embeddable":true,"href":"https:\/\/visionciudadana.com.mx\/oficial\/wp-json\/wp\/v2\/posts\/1607"}],"wp:attachment":[{"href":"https:\/\/visionciudadana.com.mx\/oficial\/wp-json\/wp\/v2\/media?parent=17513"}],"wp:term":[{"taxonomy":"category","embeddable":true,"href":"https:\/\/visionciudadana.com.mx\/oficial\/wp-json\/wp\/v2\/categories?post=17513"},{"taxonomy":"post_tag","embeddable":true,"href":"https:\/\/visionciudadana.com.mx\/oficial\/wp-json\/wp\/v2\/tags?post=17513"},{"taxonomy":"author","embeddable":true,"href":"https:\/\/visionciudadana.com.mx\/oficial\/wp-json\/wp\/v2\/ppma_author?post=17513"}],"curies":[{"name":"wp","href":"https:\/\/api.w.org\/{rel}","templated":true}]}}