{"id":17512,"date":"2021-09-03T03:23:27","date_gmt":"2021-09-03T03:23:27","guid":{"rendered":"https:\/\/visionciudadana.com.mx\/chio\/2021\/09\/03\/restauran-condiciones-del-parque-acuatico-tres-rios-tras-el-paso-del-huracan-nora\/"},"modified":"2025-06-24T23:31:25","modified_gmt":"2025-06-24T23:31:25","slug":"restauran-condiciones-del-parque-acuatico-tres-rios-tras-el-paso-del-huracan-nora","status":"publish","type":"post","link":"https:\/\/visionciudadana.com.mx\/oficial\/2021\/09\/03\/restauran-condiciones-del-parque-acuatico-tres-rios-tras-el-paso-del-huracan-nora\/","title":{"rendered":"Restauran condiciones del Parque Acu\u00e1tico Tres R\u00edos tras el paso del hurac\u00e1n Nora"},"content":{"rendered":"<p style=\"text-align: justify;\"><img fetchpriority=\"high\" decoding=\"async\" src=\"images\/2021\/Sept.21\/acu\u00e1tico.jpg\" alt=\"acu\u00e1tico\" width=\"780\" height=\"420\" style=\"display: block; margin: 20px auto;\" \/><\/p>\n<p style=\"text-align: justify;\"><span style=\"font-size: 14pt;\">El Gobierno de Culiac\u00e1n, a trav\u00e9s de la Direcci\u00f3n de Servicios P\u00fablicos, llev\u00f3 a cabo una jornada de limpieza general al interior del Parque Acu\u00e1tico Tres R\u00edos, mismo que padeci\u00f3 los estragos del paso del hurac\u00e1n Nora al elevar los niveles de agua y contaminar sus instalaciones.<\/span><\/p>\n<p style=\"text-align: justify;\">&nbsp;<\/p>\n<p style=\"text-align: justify;\"><span style=\"font-size: 14pt;\">Lodo, ramas, basura y dem\u00e1s residuos s\u00f3lidos, fueron algunos de los materiales que el personal de dicha dependencia retir\u00f3 a lo largo y ancho de dicho espacio recreativo, restaurando su aspecto y la funcionabilidad de los juegos infantiles para disfrute de la poblaci\u00f3n.<\/span><\/p>\n<p style=\"text-align: justify;\"><span style=\"font-size: 14pt;\">Divididos en tres cuadrillas, los trabajadores de aseo y limpieza utilizaron hidrolavadoras para remover la suciedad m\u00e1s arraigada en los pisos y andadores del parque, adem\u00e1s de m\u00e1quinas barredoras que permitieron rehabilitar la zona de la inmensa cantidad de lodo y azolve acumulado.<\/span><\/p>\n<p style=\"text-align: justify;\"><span style=\"font-size: 14pt;\">Tras estas labores, el parque volvi\u00f3 a lucir como nuevo y listo para ser utilizado por los culiacanenses, cumpliendo el objetivo del presidente municipal, Lic. Jes\u00fas Estrada Ferreiro, en el sentido de ofrecer espacios dignos y seguros que promuevan el sano esparcimiento familiar y la convivencia social.<\/span><\/p>\n<p style=\"text-align: justify;\">&nbsp;<\/p>\n<p style=\"text-align: justify;\">&nbsp;<\/p>\n<p style=\"text-align: justify;\"><span style=\"font-size: 14pt;\">REDACCI\u00d3N\/VISI\u00d3N CIUDADANA.<\/span><\/p>\n","protected":false},"excerpt":{"rendered":"<p>El Gobierno de Culiac\u00e1n, a trav\u00e9s de la Direcci\u00f3n de Servicios P\u00fablicos, llev\u00f3 a cabo una jornada de limpieza general al interior del Parque Acu\u00e1tico Tres R\u00edos, mismo que padeci\u00f3 los estragos del paso del hurac\u00e1n Nora al elevar los niveles de agua y contaminar sus instalaciones. &nbsp; Lodo, ramas, basura y dem\u00e1s residuos s\u00f3lidos, [&hellip;]<\/p>\n","protected":false},"author":1,"featured_media":1605,"comment_status":"closed","ping_status":"closed","sticky":false,"template":"","format":"standard","meta":{"footnotes":""},"categories":[24],"tags":[],"ppma_author":[31],"class_list":["post-17512","post","type-post","status-publish","format-standard","has-post-thumbnail","hentry","category-relevantes"],"aioseo_notices":[],"authors":[{"term_id":31,"user_id":1,"is_guest":0,"slug":"ivan3vino","display_name":"Iv\u00e1n Trevi\u00f1o","avatar_url":{"url":"https:\/\/visionciudadana.com.mx\/oficial\/wp-content\/uploads\/2025\/09\/columna-ivan-Trevino.png","url2x":"https:\/\/visionciudadana.com.mx\/oficial\/wp-content\/uploads\/2025\/09\/columna-ivan-Trevino.png"},"0":null,"1":"","2":"","3":"","4":"","5":"","6":"","7":"","8":""}],"_links":{"self":[{"href":"https:\/\/visionciudadana.com.mx\/oficial\/wp-json\/wp\/v2\/posts\/17512","targetHints":{"allow":["GET"]}}],"collection":[{"href":"https:\/\/visionciudadana.com.mx\/oficial\/wp-json\/wp\/v2\/posts"}],"about":[{"href":"https:\/\/visionciudadana.com.mx\/oficial\/wp-json\/wp\/v2\/types\/post"}],"author":[{"embeddable":true,"href":"https:\/\/visionciudadana.com.mx\/oficial\/wp-json\/wp\/v2\/users\/1"}],"replies":[{"embeddable":true,"href":"https:\/\/visionciudadana.com.mx\/oficial\/wp-json\/wp\/v2\/comments?post=17512"}],"version-history":[{"count":1,"href":"https:\/\/visionciudadana.com.mx\/oficial\/wp-json\/wp\/v2\/posts\/17512\/revisions"}],"predecessor-version":[{"id":30666,"href":"https:\/\/visionciudadana.com.mx\/oficial\/wp-json\/wp\/v2\/posts\/17512\/revisions\/30666"}],"wp:featuredmedia":[{"embeddable":true,"href":"https:\/\/visionciudadana.com.mx\/oficial\/wp-json\/wp\/v2\/posts\/1605"}],"wp:attachment":[{"href":"https:\/\/visionciudadana.com.mx\/oficial\/wp-json\/wp\/v2\/media?parent=17512"}],"wp:term":[{"taxonomy":"category","embeddable":true,"href":"https:\/\/visionciudadana.com.mx\/oficial\/wp-json\/wp\/v2\/categories?post=17512"},{"taxonomy":"post_tag","embeddable":true,"href":"https:\/\/visionciudadana.com.mx\/oficial\/wp-json\/wp\/v2\/tags?post=17512"},{"taxonomy":"author","embeddable":true,"href":"https:\/\/visionciudadana.com.mx\/oficial\/wp-json\/wp\/v2\/ppma_author?post=17512"}],"curies":[{"name":"wp","href":"https:\/\/api.w.org\/{rel}","templated":true}]}}