{"id":17511,"date":"2021-09-03T02:21:37","date_gmt":"2021-09-03T02:21:37","guid":{"rendered":"https:\/\/visionciudadana.com.mx\/chio\/2021\/09\/03\/la-uas-renovara-direcciones-en-30-unidades-academicas\/"},"modified":"2025-06-24T23:31:25","modified_gmt":"2025-06-24T23:31:25","slug":"la-uas-renovara-direcciones-en-30-unidades-academicas","status":"publish","type":"post","link":"https:\/\/visionciudadana.com.mx\/oficial\/2021\/09\/03\/la-uas-renovara-direcciones-en-30-unidades-academicas\/","title":{"rendered":"La UAS renovar\u00e1 direcciones en 30 unidades acad\u00e9micas"},"content":{"rendered":"<p style=\"text-align: justify;\"><b><span lang=\"ES\"><img fetchpriority=\"high\" decoding=\"async\" src=\"images\/2021\/Sept.21\/renovara-uas.jpg\" alt=\"renovara uas\" width=\"780\" height=\"420\" style=\"display: block; margin: 20px auto;\" \/><\/span><\/b><span lang=\"ES\" style=\"font-size: 14pt;\">La Universidad Aut\u00f3noma de Sinaloa (UAS) renovar\u00e1 las direcciones en 30 escuelas y facultades en todo el estado, por lo que se emiti\u00f3 la Convocatoria correspondiente para iniciar el proceso, inform\u00f3 el Rector, doctor Jes\u00fas Madue\u00f1a Molina.<\/span><\/p>\n<p class=\"x_MsoNormal\" style=\"text-align: justify;\"><span lang=\"ES\" style=\"font-size: 14pt;\"><\/span><\/p>\n<p class=\"x_MsoNormal\" style=\"text-align: justify;\"><span lang=\"ES\" style=\"font-size: 14pt;\">\u201cLa convocatoria se public\u00f3 el 26 de agosto, estamos proyectando la elecci\u00f3n en el H. Consejo Universitario para la primera semana de octubre\u201d, detall\u00f3 el dirigente universitario.<\/span><\/p>\n<p class=\"x_MsoNormal\" style=\"text-align: justify;\"><span lang=\"ES\" style=\"font-size: 14pt;\"><\/span><\/p>\n<p class=\"x_MsoNormal\" style=\"text-align: justify;\"><span lang=\"ES\" style=\"font-size: 14pt;\">El prerregistro de los aspirantes a las direcciones para el periodo 2021-2024 ya se realiz\u00f3, este jueves ser\u00e1 el registro, posteriormente se validar\u00e1 la documentaci\u00f3n y se proceder\u00e1 al periodo de impugnaciones. Por \u00faltimo, se publicar\u00e1 la lista definitiva de aspirantes e iniciar\u00e1n las comparecencias p\u00fablicas y privadas. La Comisi\u00f3n Permanente de Postulaci\u00f3n es la responsable de todo el proceso.<\/span><\/p>\n<p class=\"x_MsoNormal\" style=\"text-align: justify;\"><span lang=\"ES\" style=\"font-size: 14pt;\"><\/span><\/p>\n<p class=\"x_MsoNormal\" style=\"text-align: justify;\"><span lang=\"ES\" style=\"font-size: 14pt;\">\u201cEl proceso seguir\u00e1 siendo en l\u00ednea, tanto las comparecencias p\u00fablicas como privadas. Vamos a valorar la situaci\u00f3n porque la elecci\u00f3n tiene que ser presencial y ah\u00ed tomar\u00edamos todas las medidas para que sea en un lugar muy amplio donde el Consejo se pueda reunir y tener todas las condiciones para poderlo hacer\u201d, precis\u00f3 el Rector.<\/span><\/p>\n<p class=\"x_MsoNormal\" style=\"text-align: justify;\"><span lang=\"ES\" style=\"font-size: 14pt;\"><\/span><\/p>\n<p class=\"x_MsoNormal\" style=\"text-align: justify;\"><span lang=\"ES\" style=\"font-size: 14pt;\">Madue\u00f1a Molina especific\u00f3 que los que resulten electos tomar\u00e1n protesta en la \u00faltima Sesi\u00f3n del Consejo Universitario de diciembre pr\u00f3ximo y entrar\u00e1n en funciones en enero de 2022, con la entrega-recepci\u00f3n regulada por la Contralor\u00eda General.<\/span><\/p>\n<p class=\"x_MsoNormal\" style=\"text-align: justify;\"><span lang=\"ES\" style=\"font-size: 14pt;\"><\/span><\/p>\n<p class=\"x_MsoNormal\" style=\"text-align: justify;\"><span lang=\"ES\" style=\"font-size: 14pt;\">\u201cCreo que es un proceso que tiene muchos a\u00f1os en la Universidad, la Comisi\u00f3n Permanente de Postulaci\u00f3n es una Comisi\u00f3n con mucho expertise en lo que se hace, desde 2007 no hemos tenido ning\u00fan problema en ninguna Convocatoria y esperemos que en esta tambi\u00e9n salgamos limpios\u201d, expres\u00f3.<\/span><\/p>\n<p class=\"x_MsoNormal\" style=\"text-align: justify;\"><span lang=\"ES\" style=\"font-size: 14pt;\"><\/span><\/p>\n<p class=\"x_MsoNormal\" style=\"text-align: justify;\"><span lang=\"ES\" style=\"font-size: 14pt;\">Por \u00faltimo, el dirigente universitario conmin\u00f3 a los aspirantes a respetar la normatividad de la UAS, la Ley Org\u00e1nica y el Estatuto General, y a cumplir responsablemente con lo que establece la Convocatoria.<\/span><\/p>\n<p style=\"text-align: justify;\">&nbsp;<\/p>\n<p style=\"text-align: justify;\">&nbsp;<\/p>\n<p style=\"text-align: justify;\"><span style=\"font-size: 14pt;\">REDACCI\u00d3N\/VISI\u00d3N CIUDADANA.<\/span><\/p>\n","protected":false},"excerpt":{"rendered":"<p>La Universidad Aut\u00f3noma de Sinaloa (UAS) renovar\u00e1 las direcciones en 30 escuelas y facultades en todo el estado, por lo que se emiti\u00f3 la Convocatoria correspondiente para iniciar el proceso, inform\u00f3 el Rector, doctor Jes\u00fas Madue\u00f1a Molina. \u201cLa convocatoria se public\u00f3 el 26 de agosto, estamos proyectando la elecci\u00f3n en el H. Consejo Universitario para [&hellip;]<\/p>\n","protected":false},"author":1,"featured_media":1603,"comment_status":"closed","ping_status":"closed","sticky":false,"template":"","format":"standard","meta":{"footnotes":""},"categories":[24],"tags":[],"ppma_author":[31],"class_list":["post-17511","post","type-post","status-publish","format-standard","has-post-thumbnail","hentry","category-relevantes"],"aioseo_notices":[],"authors":[{"term_id":31,"user_id":1,"is_guest":0,"slug":"ivan3vino","display_name":"Iv\u00e1n Trevi\u00f1o","avatar_url":{"url":"https:\/\/visionciudadana.com.mx\/oficial\/wp-content\/uploads\/2025\/09\/columna-ivan-Trevino.png","url2x":"https:\/\/visionciudadana.com.mx\/oficial\/wp-content\/uploads\/2025\/09\/columna-ivan-Trevino.png"},"0":null,"1":"","2":"","3":"","4":"","5":"","6":"","7":"","8":""}],"_links":{"self":[{"href":"https:\/\/visionciudadana.com.mx\/oficial\/wp-json\/wp\/v2\/posts\/17511","targetHints":{"allow":["GET"]}}],"collection":[{"href":"https:\/\/visionciudadana.com.mx\/oficial\/wp-json\/wp\/v2\/posts"}],"about":[{"href":"https:\/\/visionciudadana.com.mx\/oficial\/wp-json\/wp\/v2\/types\/post"}],"author":[{"embeddable":true,"href":"https:\/\/visionciudadana.com.mx\/oficial\/wp-json\/wp\/v2\/users\/1"}],"replies":[{"embeddable":true,"href":"https:\/\/visionciudadana.com.mx\/oficial\/wp-json\/wp\/v2\/comments?post=17511"}],"version-history":[{"count":1,"href":"https:\/\/visionciudadana.com.mx\/oficial\/wp-json\/wp\/v2\/posts\/17511\/revisions"}],"predecessor-version":[{"id":30667,"href":"https:\/\/visionciudadana.com.mx\/oficial\/wp-json\/wp\/v2\/posts\/17511\/revisions\/30667"}],"wp:featuredmedia":[{"embeddable":true,"href":"https:\/\/visionciudadana.com.mx\/oficial\/wp-json\/wp\/v2\/posts\/1603"}],"wp:attachment":[{"href":"https:\/\/visionciudadana.com.mx\/oficial\/wp-json\/wp\/v2\/media?parent=17511"}],"wp:term":[{"taxonomy":"category","embeddable":true,"href":"https:\/\/visionciudadana.com.mx\/oficial\/wp-json\/wp\/v2\/categories?post=17511"},{"taxonomy":"post_tag","embeddable":true,"href":"https:\/\/visionciudadana.com.mx\/oficial\/wp-json\/wp\/v2\/tags?post=17511"},{"taxonomy":"author","embeddable":true,"href":"https:\/\/visionciudadana.com.mx\/oficial\/wp-json\/wp\/v2\/ppma_author?post=17511"}],"curies":[{"name":"wp","href":"https:\/\/api.w.org\/{rel}","templated":true}]}}