{"id":17510,"date":"2021-09-03T02:13:02","date_gmt":"2021-09-03T02:13:02","guid":{"rendered":"https:\/\/visionciudadana.com.mx\/chio\/2021\/09\/03\/ruben-rocha-moya-se-reune-con-presidentes-de-la-liga-mexicana-del-pacifico\/"},"modified":"2025-06-24T23:31:25","modified_gmt":"2025-06-24T23:31:25","slug":"ruben-rocha-moya-se-reune-con-presidentes-de-la-liga-mexicana-del-pacifico","status":"publish","type":"post","link":"https:\/\/visionciudadana.com.mx\/oficial\/2021\/09\/03\/ruben-rocha-moya-se-reune-con-presidentes-de-la-liga-mexicana-del-pacifico\/","title":{"rendered":"Rub\u00e9n Rocha Moya se re\u00fane con presidentes de la Liga Mexicana del Pac\u00edfico"},"content":{"rendered":"<p><img fetchpriority=\"high\" decoding=\"async\" src=\"images\/2021\/Sept.21\/ruben_roch.jpg\" alt=\"ruben roch\" width=\"780\" height=\"420\" style=\"display: block; margin: 20px auto;\" \/><\/p>\n<p class=\"x_MsoNormal\" style=\"text-align: justify;\"><span style=\"font-size: 14pt;\">El gobernador electo Rub\u00e9n Rocha Moya se reuni\u00f3 con los presidentes de clubes sinaloenses de la Liga Mexicana del Pac\u00edfico (LMP), encabezados por Omar Canizalez, con el fin de intercambiar opiniones sobre el Rey de los Deportes, en particular, y los temas trascendentes para el estado, en general.<\/span><\/p>\n<p style=\"text-align: justify;\">&nbsp;<\/p>\n<p class=\"x_MsoNormal\" style=\"text-align: justify;\"><span style=\"font-size: 14pt;\">Destac\u00f3 que como buen aficionado del b\u00e9isbol espera que, para la inauguraci\u00f3n de la LMP, el pr\u00f3ximo 5 de octubre, y el arranque de su administraci\u00f3n, las condiciones sanitarias por el Covid-19 hayan mejorado de tal manera que permitan a la gente acudir sin mayores riesgos a los estadios a gozar del espect\u00e1culo.<\/span><\/p>\n<p style=\"text-align: justify;\">&nbsp;<\/p>\n<p class=\"x_MsoNormal\" style=\"text-align: justify;\"><span style=\"font-size: 14pt;\">Quien a partir del 1 de noviembre ser\u00e1 gobernador de Sinaloa, precis\u00f3 que no tiene un equipo favorito, as\u00ed que de igual forma disfruta los triunfos de todas las novenas y las jugadas espectaculares que brindan con sus casacas bien puestas.<\/span><\/p>\n<p style=\"text-align: justify;\">&nbsp;<\/p>\n<p style=\"text-align: justify;\">&nbsp;<\/p>\n<p style=\"text-align: justify;\"><span style=\"font-size: 14pt;\">REDACCI\u00d3N\/VISI\u00d3N CIUDADANA.<\/span><\/p>\n","protected":false},"excerpt":{"rendered":"<p>El gobernador electo Rub\u00e9n Rocha Moya se reuni\u00f3 con los presidentes de clubes sinaloenses de la Liga Mexicana del Pac\u00edfico (LMP), encabezados por Omar Canizalez, con el fin de intercambiar opiniones sobre el Rey de los Deportes, en particular, y los temas trascendentes para el estado, en general. &nbsp; Destac\u00f3 que como buen aficionado del [&hellip;]<\/p>\n","protected":false},"author":1,"featured_media":1601,"comment_status":"closed","ping_status":"closed","sticky":false,"template":"","format":"standard","meta":{"footnotes":""},"categories":[24],"tags":[],"ppma_author":[31],"class_list":["post-17510","post","type-post","status-publish","format-standard","has-post-thumbnail","hentry","category-relevantes"],"aioseo_notices":[],"authors":[{"term_id":31,"user_id":1,"is_guest":0,"slug":"ivan3vino","display_name":"Iv\u00e1n Trevi\u00f1o","avatar_url":{"url":"https:\/\/visionciudadana.com.mx\/oficial\/wp-content\/uploads\/2025\/09\/columna-ivan-Trevino.png","url2x":"https:\/\/visionciudadana.com.mx\/oficial\/wp-content\/uploads\/2025\/09\/columna-ivan-Trevino.png"},"0":null,"1":"","2":"","3":"","4":"","5":"","6":"","7":"","8":""}],"_links":{"self":[{"href":"https:\/\/visionciudadana.com.mx\/oficial\/wp-json\/wp\/v2\/posts\/17510","targetHints":{"allow":["GET"]}}],"collection":[{"href":"https:\/\/visionciudadana.com.mx\/oficial\/wp-json\/wp\/v2\/posts"}],"about":[{"href":"https:\/\/visionciudadana.com.mx\/oficial\/wp-json\/wp\/v2\/types\/post"}],"author":[{"embeddable":true,"href":"https:\/\/visionciudadana.com.mx\/oficial\/wp-json\/wp\/v2\/users\/1"}],"replies":[{"embeddable":true,"href":"https:\/\/visionciudadana.com.mx\/oficial\/wp-json\/wp\/v2\/comments?post=17510"}],"version-history":[{"count":1,"href":"https:\/\/visionciudadana.com.mx\/oficial\/wp-json\/wp\/v2\/posts\/17510\/revisions"}],"predecessor-version":[{"id":30668,"href":"https:\/\/visionciudadana.com.mx\/oficial\/wp-json\/wp\/v2\/posts\/17510\/revisions\/30668"}],"wp:featuredmedia":[{"embeddable":true,"href":"https:\/\/visionciudadana.com.mx\/oficial\/wp-json\/wp\/v2\/media\/1601"}],"wp:attachment":[{"href":"https:\/\/visionciudadana.com.mx\/oficial\/wp-json\/wp\/v2\/media?parent=17510"}],"wp:term":[{"taxonomy":"category","embeddable":true,"href":"https:\/\/visionciudadana.com.mx\/oficial\/wp-json\/wp\/v2\/categories?post=17510"},{"taxonomy":"post_tag","embeddable":true,"href":"https:\/\/visionciudadana.com.mx\/oficial\/wp-json\/wp\/v2\/tags?post=17510"},{"taxonomy":"author","embeddable":true,"href":"https:\/\/visionciudadana.com.mx\/oficial\/wp-json\/wp\/v2\/ppma_author?post=17510"}],"curies":[{"name":"wp","href":"https:\/\/api.w.org\/{rel}","templated":true}]}}