{"id":17509,"date":"2021-09-03T02:01:18","date_gmt":"2021-09-03T02:01:18","guid":{"rendered":"https:\/\/visionciudadana.com.mx\/chio\/2021\/09\/03\/cierran-secundaria-del-edomex-sospechan-de-contagio\/"},"modified":"2025-06-24T23:31:25","modified_gmt":"2025-06-24T23:31:25","slug":"cierran-secundaria-del-edomex-sospechan-de-contagio","status":"publish","type":"post","link":"https:\/\/visionciudadana.com.mx\/oficial\/2021\/09\/03\/cierran-secundaria-del-edomex-sospechan-de-contagio\/","title":{"rendered":"Cierran Secundaria del Edomex, sospechan de contagio"},"content":{"rendered":"<p><img fetchpriority=\"high\" decoding=\"async\" src=\"images\/2021\/Sept.21\/cierran.jpg\" alt=\"cierran\" width=\"780\" height=\"420\" style=\"display: block; margin: 20px auto;\" \/><\/p>\n<p style=\"text-align: justify;\"><span style=\"font-size: 14pt;\">Tres d\u00edas despu\u00e9s del regreso a clases presenciales en el Estado de M\u00e9xico, en la escuela secundaria oficial n\u00famero 07 \u00abEstado de M\u00e9xico\u00bb con c\u00f3digo 15EES0386K, turno vespertino, ubicada en Toluca, se detect\u00f3 un posible contagio a Covid, por lo que suspender\u00e1 clases por 14 d\u00edas.<\/span><\/p>\n<p style=\"text-align: justify;\">&nbsp;<\/p>\n<p style=\"text-align: justify;\"><span style=\"font-size: 14pt;\">Seg\u00fan el bolet\u00edn dirigido a los padres de familia, la autorizaci\u00f3n para impedir el ingreso al plantel se debe a que parte de la Supervisi\u00f3n Escolar S072, dirigida por la profesora Mar\u00eda Guadalupe Iniestra \u00c1lvarez, report\u00f3 \u00abcomunicarles que debido a un caso sospechoso de Covid-19 dentro de esta instituci\u00f3n escolar, se activar\u00e1 a partir de ma\u00f1ana 3 de septiembre del a\u00f1o en curso y hasta el 17 de septiembre el protocolo de bloqueo por contagio para evitar la propagaci\u00f3n del virus, record\u00e1ndoles que es indispensable el uso de medidas de higiene y prevenci\u00f3n\u00bb.<\/span><\/p>\n<p style=\"text-align: justify;\">&nbsp;<\/p>\n<p style=\"text-align: justify;\"><span style=\"font-size: 14pt;\">Asimismo, menciona que en el tiempo que no haya apertura del plantel se continuar\u00e1 con el trabajo a distancia para resguardar la integridad f\u00edsica de la comunidad escolar.<\/span><\/p>\n<p>&nbsp;<\/p>\n<p style=\"text-align: justify;\"><span style=\"font-size: 14pt; font-family: arial, helvetica, sans-serif;\">Padres de familia que acudieron a recoger a sus hijos confirmaron que las autoridades de la unidad educativa les enviaron un mensaje pidi\u00e9ndoles acudir por sus hijos o enviar a una persona autorizada.<\/span><\/p>\n<p style=\"text-align: justify;\">&nbsp;<\/p>\n<p style=\"text-align: justify;\"><span style=\"font-size: 14pt;\">Adem\u00e1s de que les solicitaron que no vuelvan en 15 d\u00edas y que en caso de presentar s\u00edntomas de la enfermedad notificarles y acudir ante un m\u00e9dico.&nbsp;<\/span><\/p>\n<p style=\"text-align: justify;\">&nbsp;<\/p>\n<p style=\"text-align: justify;\">&nbsp;<\/p>\n<p style=\"text-align: justify;\"><span style=\"font-size: 14pt;\">FUENTE: ddmx.com<\/span><\/p>\n","protected":false},"excerpt":{"rendered":"<p>Tres d\u00edas despu\u00e9s del regreso a clases presenciales en el Estado de M\u00e9xico, en la escuela secundaria oficial n\u00famero 07 \u00abEstado de M\u00e9xico\u00bb con c\u00f3digo 15EES0386K, turno vespertino, ubicada en Toluca, se detect\u00f3 un posible contagio a Covid, por lo que suspender\u00e1 clases por 14 d\u00edas. &nbsp; Seg\u00fan el bolet\u00edn dirigido a los padres de [&hellip;]<\/p>\n","protected":false},"author":1,"featured_media":1599,"comment_status":"closed","ping_status":"closed","sticky":false,"template":"","format":"standard","meta":{"footnotes":""},"categories":[24],"tags":[],"ppma_author":[31],"class_list":["post-17509","post","type-post","status-publish","format-standard","has-post-thumbnail","hentry","category-relevantes"],"aioseo_notices":[],"authors":[{"term_id":31,"user_id":1,"is_guest":0,"slug":"ivan3vino","display_name":"Iv\u00e1n Trevi\u00f1o","avatar_url":{"url":"https:\/\/visionciudadana.com.mx\/oficial\/wp-content\/uploads\/2025\/09\/columna-ivan-Trevino.png","url2x":"https:\/\/visionciudadana.com.mx\/oficial\/wp-content\/uploads\/2025\/09\/columna-ivan-Trevino.png"},"0":null,"1":"","2":"","3":"","4":"","5":"","6":"","7":"","8":""}],"_links":{"self":[{"href":"https:\/\/visionciudadana.com.mx\/oficial\/wp-json\/wp\/v2\/posts\/17509","targetHints":{"allow":["GET"]}}],"collection":[{"href":"https:\/\/visionciudadana.com.mx\/oficial\/wp-json\/wp\/v2\/posts"}],"about":[{"href":"https:\/\/visionciudadana.com.mx\/oficial\/wp-json\/wp\/v2\/types\/post"}],"author":[{"embeddable":true,"href":"https:\/\/visionciudadana.com.mx\/oficial\/wp-json\/wp\/v2\/users\/1"}],"replies":[{"embeddable":true,"href":"https:\/\/visionciudadana.com.mx\/oficial\/wp-json\/wp\/v2\/comments?post=17509"}],"version-history":[{"count":1,"href":"https:\/\/visionciudadana.com.mx\/oficial\/wp-json\/wp\/v2\/posts\/17509\/revisions"}],"predecessor-version":[{"id":30669,"href":"https:\/\/visionciudadana.com.mx\/oficial\/wp-json\/wp\/v2\/posts\/17509\/revisions\/30669"}],"wp:featuredmedia":[{"embeddable":true,"href":"https:\/\/visionciudadana.com.mx\/oficial\/wp-json\/wp\/v2\/media\/1599"}],"wp:attachment":[{"href":"https:\/\/visionciudadana.com.mx\/oficial\/wp-json\/wp\/v2\/media?parent=17509"}],"wp:term":[{"taxonomy":"category","embeddable":true,"href":"https:\/\/visionciudadana.com.mx\/oficial\/wp-json\/wp\/v2\/categories?post=17509"},{"taxonomy":"post_tag","embeddable":true,"href":"https:\/\/visionciudadana.com.mx\/oficial\/wp-json\/wp\/v2\/tags?post=17509"},{"taxonomy":"author","embeddable":true,"href":"https:\/\/visionciudadana.com.mx\/oficial\/wp-json\/wp\/v2\/ppma_author?post=17509"}],"curies":[{"name":"wp","href":"https:\/\/api.w.org\/{rel}","templated":true}]}}