{"id":17503,"date":"2021-09-02T03:07:38","date_gmt":"2021-09-02T03:07:38","guid":{"rendered":"https:\/\/visionciudadana.com.mx\/chio\/2021\/09\/02\/candidatos-electos-el-6-de-junio-pasado-del-partido-sinaloense-manifiestan-su-interes-por-continuar-capacitandose\/"},"modified":"2025-06-24T23:31:25","modified_gmt":"2025-06-24T23:31:25","slug":"candidatos-electos-el-6-de-junio-pasado-del-partido-sinaloense-manifiestan-su-interes-por-continuar-capacitandose","status":"publish","type":"post","link":"https:\/\/visionciudadana.com.mx\/oficial\/2021\/09\/02\/candidatos-electos-el-6-de-junio-pasado-del-partido-sinaloense-manifiestan-su-interes-por-continuar-capacitandose\/","title":{"rendered":"Candidatos electos el 6 de junio pasado del Partido Sinaloense manifiestan su inter\u00e9s por continuar capacit\u00e1ndose."},"content":{"rendered":"<div>&nbsp;<\/div>\n<div style=\"text-align: justify;\"><img fetchpriority=\"high\" decoding=\"async\" src=\"images\/2021\/Sept.21\/interes.jpg\" alt=\"interes\" width=\"720\" height=\"480\" style=\"display: block; margin: 20px auto;\" \/><br \/><span style=\"font-size: 14pt;\">Nuestros pr\u00f3ximos 6 presidentes municipales, 5 s\u00edndicos procuradores y 33 regidores tienen todo el inter\u00e9s de continuar capacit\u00e1ndose en sus pr\u00f3ximas responsabilidades, m\u00e1s a\u00fan cuando vivimos tiempos de evoluci\u00f3n en la diversas pol\u00edticas p\u00fablicas gubernamentales, en el inter\u00e9s que la sociedad tiene hoy de frente a sus gobiernos, en las nuevas Tecnolog\u00edas de la Informaci\u00f3n y Comunicaci\u00f3n, y sobre todo los momentos que vivimos donde ya no existen fronteras para el flujo de la informaci\u00f3n y comunicaci\u00f3n. As\u00ed lo resumi\u00f3 H\u00e9ctor Melesio Cu\u00e9n Ojeda de frente a la disposici\u00f3n de los pr\u00f3ximos funcionarios p\u00fablicos del Partido Sinaloense.<\/span><\/div>\n<div style=\"text-align: justify;\">\n<p><span style=\"font-size: 14pt;\">Es en este contexto en que manifestamos nuestro inter\u00e9s en participar en el Programa Formativo que se implementar\u00e1 a distancia dirigido a los pr\u00f3ximos presidentes municipales, s\u00edndicos procuradores y regidores que impulsa el Instituto de Capacitaci\u00f3n para el Trabajo del Estado de Sinaloa (ICATSIN), coordinados con la Direcci\u00f3n General de Vinculaci\u00f3n y Relaciones Internacionales de la Universidad Aut\u00f3noma de Sinaloa (UAS) y con el Instituto Sinaloense de Desarrollo Social (ISDESOL), Curso-Taller que iniciar\u00e1 en los pr\u00f3ximos d\u00edas.<\/span><\/div>\n<div style=\"text-align: justify;\">\n<p><span style=\"font-size: 14pt;\">Cu\u00e9n Ojeda manifest\u00f3 que los temas a cubrir en esta capacitaci\u00f3n son inherentes a la modernidad que actualmente vivimos, en donde se ubican temas como los siguientes: (1) Acci\u00f3n P\u00fablica e Inclusi\u00f3n Social (10 horas); (2) \u00c9tica P\u00fablica (10 horas); (3) Planeaci\u00f3n Estrat\u00e9gica (10 horas) (4) Habilidades en el Manejo de la Informaci\u00f3n (10 horas) y (5) Adaptaci\u00f3n a las Tecnolog\u00edas y a las Redes Sociales enfocado a la Transparencia de la Gesti\u00f3n P\u00fablica (20 horas).<\/span><\/div>\n<div style=\"text-align: justify;\">\n<p><span style=\"font-size: 14pt;\">Cu\u00e9n Ojeda coment\u00f3 que quienes conformamos el Partido Sinaloense siempre estaremos en disposici\u00f3n de coordinarnos con todos los organismos e instituciones que propongan acciones que finalmente sean de beneficio para la poblaci\u00f3n, como ahora es el caso de el ICATSIN, UAS e ISDESOL.<\/span><\/div>\n<div style=\"text-align: justify;\">\n<p><span style=\"font-size: 14pt;\">De igual forma reconoci\u00f3 y valor\u00f3 el profesionalismo de nuestros pr\u00f3ximos 6 presidentes municipales, 5 s\u00edndicos procuradores y 33 regidores, para quienes el partido les reitera todo el apoyo necesario para participar en el Curso-Taller comentado en l\u00edneas arriba, se\u00f1al\u00f3 Cu\u00e9n Ojeda.<\/span><\/div>\n<div style=\"text-align: justify;\">&nbsp;<\/div>\n<div style=\"text-align: justify;\">&nbsp;<\/div>\n<div style=\"text-align: justify;\">&nbsp;<\/div>\n<div style=\"text-align: justify;\"><span style=\"font-size: 14pt;\">REDACCI\u00d3N\/VISI\u00d3N CIUDADANA.<\/span><\/div>\n","protected":false},"excerpt":{"rendered":"<p>&nbsp; Nuestros pr\u00f3ximos 6 presidentes municipales, 5 s\u00edndicos procuradores y 33 regidores tienen todo el inter\u00e9s de continuar capacit\u00e1ndose en sus pr\u00f3ximas responsabilidades, m\u00e1s a\u00fan cuando vivimos tiempos de evoluci\u00f3n en la diversas pol\u00edticas p\u00fablicas gubernamentales, en el inter\u00e9s que la sociedad tiene hoy de frente a sus gobiernos, en las nuevas Tecnolog\u00edas de la [&hellip;]<\/p>\n","protected":false},"author":1,"featured_media":1592,"comment_status":"closed","ping_status":"closed","sticky":false,"template":"","format":"standard","meta":{"footnotes":""},"categories":[13],"tags":[],"ppma_author":[31],"class_list":["post-17503","post","type-post","status-publish","format-standard","has-post-thumbnail","hentry","category-locales"],"aioseo_notices":[],"authors":[{"term_id":31,"user_id":1,"is_guest":0,"slug":"ivan3vino","display_name":"Iv\u00e1n Trevi\u00f1o","avatar_url":{"url":"https:\/\/visionciudadana.com.mx\/oficial\/wp-content\/uploads\/2025\/09\/columna-ivan-Trevino.png","url2x":"https:\/\/visionciudadana.com.mx\/oficial\/wp-content\/uploads\/2025\/09\/columna-ivan-Trevino.png"},"0":null,"1":"","2":"","3":"","4":"","5":"","6":"","7":"","8":""}],"_links":{"self":[{"href":"https:\/\/visionciudadana.com.mx\/oficial\/wp-json\/wp\/v2\/posts\/17503","targetHints":{"allow":["GET"]}}],"collection":[{"href":"https:\/\/visionciudadana.com.mx\/oficial\/wp-json\/wp\/v2\/posts"}],"about":[{"href":"https:\/\/visionciudadana.com.mx\/oficial\/wp-json\/wp\/v2\/types\/post"}],"author":[{"embeddable":true,"href":"https:\/\/visionciudadana.com.mx\/oficial\/wp-json\/wp\/v2\/users\/1"}],"replies":[{"embeddable":true,"href":"https:\/\/visionciudadana.com.mx\/oficial\/wp-json\/wp\/v2\/comments?post=17503"}],"version-history":[{"count":1,"href":"https:\/\/visionciudadana.com.mx\/oficial\/wp-json\/wp\/v2\/posts\/17503\/revisions"}],"predecessor-version":[{"id":30670,"href":"https:\/\/visionciudadana.com.mx\/oficial\/wp-json\/wp\/v2\/posts\/17503\/revisions\/30670"}],"wp:featuredmedia":[{"embeddable":true,"href":"https:\/\/visionciudadana.com.mx\/oficial\/wp-json\/wp\/v2\/posts\/1592"}],"wp:attachment":[{"href":"https:\/\/visionciudadana.com.mx\/oficial\/wp-json\/wp\/v2\/media?parent=17503"}],"wp:term":[{"taxonomy":"category","embeddable":true,"href":"https:\/\/visionciudadana.com.mx\/oficial\/wp-json\/wp\/v2\/categories?post=17503"},{"taxonomy":"post_tag","embeddable":true,"href":"https:\/\/visionciudadana.com.mx\/oficial\/wp-json\/wp\/v2\/tags?post=17503"},{"taxonomy":"author","embeddable":true,"href":"https:\/\/visionciudadana.com.mx\/oficial\/wp-json\/wp\/v2\/ppma_author?post=17503"}],"curies":[{"name":"wp","href":"https:\/\/api.w.org\/{rel}","templated":true}]}}