{"id":17502,"date":"2021-09-02T02:41:21","date_gmt":"2021-09-02T02:41:21","guid":{"rendered":"https:\/\/visionciudadana.com.mx\/chio\/2021\/09\/02\/personal-del-ismujeres-imparte-talleres-dirigido-a-mujeres-y-adolescentes\/"},"modified":"2025-06-24T23:31:25","modified_gmt":"2025-06-24T23:31:25","slug":"personal-del-ismujeres-imparte-talleres-dirigido-a-mujeres-y-adolescentes","status":"publish","type":"post","link":"https:\/\/visionciudadana.com.mx\/oficial\/2021\/09\/02\/personal-del-ismujeres-imparte-talleres-dirigido-a-mujeres-y-adolescentes\/","title":{"rendered":"Personal del ISMujeres imparte talleres dirigido a mujeres y adolescentes"},"content":{"rendered":"<p style=\"text-align: justify;\"><img fetchpriority=\"high\" decoding=\"async\" src=\"images\/2021\/Sept.21\/ismujere.jpg\" alt=\"ismujere\" width=\"720\" height=\"480\" style=\"display: block; margin: 20px auto;\" \/><\/p>\n<p style=\"text-align: justify;\"><span style=\"color: #000000; font-size: 14pt;\">Como parte del programa de Transversalidad de la Perspectiva de G\u00e9nero, personal del Instituto Sinaloense de las Mujeres desarroll\u00f3 los talleres de: \u201cPrevenci\u00f3n y Detecci\u00f3n Oportuna de C\u00e1ncer de Mama\u201d, en la comunidad de Valle de Leyva, mientras que en la Cofrad\u00eda el tema fue: \u201cDerechos Sexuales\u201d a fin de alertar a mujeres y adolescentes sobre la violencia sexual, el derecho a decidir sobre el inicio de su vida sexual, as\u00ed como el n\u00famero de hijas e hijos y el espaciamiento; el Ciberacoso tambi\u00e9n fue tema en estas charlas.<\/span><\/p>\n<p style=\"text-align: justify;\">&nbsp;<\/p>\n<p class=\"x_MsoNormal\" style=\"text-align: justify;\"><span style=\"color: #000000; font-size: 14pt;\">Este a\u00f1o cumpliendo con los lineamientos del Instituto Nacional de las Mujeres, la Secretar\u00eda de Salud y la Instancia Estatal y Municipal, cada taller que se desarrolla inicia con la explicaci\u00f3n de c\u00f3mo enfrentar la situaci\u00f3n de&nbsp; la pandemia ocasionada por Covid-19, a fin de concientizar a la poblaci\u00f3n de la necesidad de vacunarse, tambi\u00e9n de no bajar la guardia y estar en constante prevenci\u00f3n.<\/span><\/p>\n<p style=\"text-align: justify;\">&nbsp;<\/p>\n<p class=\"x_MsoNormal\" style=\"text-align: justify;\"><span style=\"color: #000000; font-size: 14pt;\">Asimismo se dotan a las y los asistentes con las herramientas necesarias&nbsp; para conocer cu\u00e1les son los tipos de violencia que pueden sufrir, y tambi\u00e9n cu\u00e1les son las instancias a las que deben acudir, los tel\u00e9fonos de emergencia, pero sobre todo se refuerza el empoderamiento social de las mujeres y ni\u00f1as, con la finalidad de hacer conciencia de la existencia del Instituto Municipal, as\u00ed como el Instituto Sinaloense de las Mujeres, que se encuentran para brindar&nbsp; la atenci\u00f3n y el acompa\u00f1amiento que demanden ante las autoridades, as\u00ed como de seguridad y denuncia que son las Agencias del Ministerio P\u00fablico quienes las recepcionan.<\/span><\/p>\n<p style=\"text-align: justify;\">&nbsp;<\/p>\n<p class=\"x_MsoNormal\" style=\"text-align: justify;\"><span style=\"color: #000000; font-size: 14pt;\">Estas acciones se&nbsp; realizan de manera continua de parte del personal del Instituto Sinaloense de las Mujeres que encabeza la Directora General, Lcda. Laura del Carmen Gonz\u00e1lez Bon, atendiendo las indicaciones del Mandatario Estatal Quirino Ordaz Coppel, de llegar a las comunidades rurales y urbanas, con la finalidad de brindarles gratuitamente capacitaci\u00f3n para alcanzar la igualdad sustantiva como una meta del Plan de Desarrollo.<\/span><\/p>\n<p style=\"text-align: justify;\">&nbsp;<\/p>\n<p class=\"x_MsoNormal\" style=\"text-align: justify;\"><span style=\"color: #000000; font-size: 14pt;\">Cabe destacar que la pr\u00f3xima semana se continuar\u00e1 con la realizaci\u00f3n de dichos talleres en la Zona del \u00c9vora, debido a las afectaciones provocadas&nbsp; por el paso del Hurac\u00e1n&nbsp; \u201cNora \u201cen el Estado de Sinaloa.<\/span><\/p>\n<p style=\"text-align: justify;\">&nbsp;<\/p>\n<p style=\"text-align: justify;\">&nbsp;<\/p>\n<p style=\"text-align: justify;\"><span style=\"color: #000000; font-size: 14pt;\">REDACCI\u00d3N\/VISI\u00d3N CIUDADANA.<\/span><\/p>\n","protected":false},"excerpt":{"rendered":"<p>Como parte del programa de Transversalidad de la Perspectiva de G\u00e9nero, personal del Instituto Sinaloense de las Mujeres desarroll\u00f3 los talleres de: \u201cPrevenci\u00f3n y Detecci\u00f3n Oportuna de C\u00e1ncer de Mama\u201d, en la comunidad de Valle de Leyva, mientras que en la Cofrad\u00eda el tema fue: \u201cDerechos Sexuales\u201d a fin de alertar a mujeres y adolescentes [&hellip;]<\/p>\n","protected":false},"author":1,"featured_media":1590,"comment_status":"closed","ping_status":"closed","sticky":false,"template":"","format":"standard","meta":{"footnotes":""},"categories":[24],"tags":[],"ppma_author":[31],"class_list":["post-17502","post","type-post","status-publish","format-standard","has-post-thumbnail","hentry","category-relevantes"],"aioseo_notices":[],"authors":[{"term_id":31,"user_id":1,"is_guest":0,"slug":"ivan3vino","display_name":"Iv\u00e1n Trevi\u00f1o","avatar_url":{"url":"https:\/\/visionciudadana.com.mx\/oficial\/wp-content\/uploads\/2025\/09\/columna-ivan-Trevino.png","url2x":"https:\/\/visionciudadana.com.mx\/oficial\/wp-content\/uploads\/2025\/09\/columna-ivan-Trevino.png"},"0":null,"1":"","2":"","3":"","4":"","5":"","6":"","7":"","8":""}],"_links":{"self":[{"href":"https:\/\/visionciudadana.com.mx\/oficial\/wp-json\/wp\/v2\/posts\/17502","targetHints":{"allow":["GET"]}}],"collection":[{"href":"https:\/\/visionciudadana.com.mx\/oficial\/wp-json\/wp\/v2\/posts"}],"about":[{"href":"https:\/\/visionciudadana.com.mx\/oficial\/wp-json\/wp\/v2\/types\/post"}],"author":[{"embeddable":true,"href":"https:\/\/visionciudadana.com.mx\/oficial\/wp-json\/wp\/v2\/users\/1"}],"replies":[{"embeddable":true,"href":"https:\/\/visionciudadana.com.mx\/oficial\/wp-json\/wp\/v2\/comments?post=17502"}],"version-history":[{"count":1,"href":"https:\/\/visionciudadana.com.mx\/oficial\/wp-json\/wp\/v2\/posts\/17502\/revisions"}],"predecessor-version":[{"id":30671,"href":"https:\/\/visionciudadana.com.mx\/oficial\/wp-json\/wp\/v2\/posts\/17502\/revisions\/30671"}],"wp:featuredmedia":[{"embeddable":true,"href":"https:\/\/visionciudadana.com.mx\/oficial\/wp-json\/wp\/v2\/posts\/1590"}],"wp:attachment":[{"href":"https:\/\/visionciudadana.com.mx\/oficial\/wp-json\/wp\/v2\/media?parent=17502"}],"wp:term":[{"taxonomy":"category","embeddable":true,"href":"https:\/\/visionciudadana.com.mx\/oficial\/wp-json\/wp\/v2\/categories?post=17502"},{"taxonomy":"post_tag","embeddable":true,"href":"https:\/\/visionciudadana.com.mx\/oficial\/wp-json\/wp\/v2\/tags?post=17502"},{"taxonomy":"author","embeddable":true,"href":"https:\/\/visionciudadana.com.mx\/oficial\/wp-json\/wp\/v2\/ppma_author?post=17502"}],"curies":[{"name":"wp","href":"https:\/\/api.w.org\/{rel}","templated":true}]}}