{"id":17501,"date":"2021-09-02T02:37:43","date_gmt":"2021-09-02T02:37:43","guid":{"rendered":"https:\/\/visionciudadana.com.mx\/chio\/2021\/09\/02\/dif-sinaloa-instala-centro-de-acopio-en-apoyo-a-las-familias-afectadas-por-el-huracan-nora\/"},"modified":"2025-06-24T23:31:25","modified_gmt":"2025-06-24T23:31:25","slug":"dif-sinaloa-instala-centro-de-acopio-en-apoyo-a-las-familias-afectadas-por-el-huracan-nora","status":"publish","type":"post","link":"https:\/\/visionciudadana.com.mx\/oficial\/2021\/09\/02\/dif-sinaloa-instala-centro-de-acopio-en-apoyo-a-las-familias-afectadas-por-el-huracan-nora\/","title":{"rendered":"DIF Sinaloa instala centro de acopio en apoyo a las familias afectadas por el hurac\u00e1n \u00abNora\u00bb"},"content":{"rendered":"<p><img fetchpriority=\"high\" decoding=\"async\" src=\"images\/2021\/Sept.21\/acopio_dif.jpg\" alt=\"acopio dif\" width=\"720\" height=\"480\" style=\"display: block; margin: 20px auto;\" \/><\/p>\n<p style=\"text-align: justify;\"><span style=\"font-size: 14pt;\">Debido a la situaci\u00f3n de emergencia que est\u00e1n enfrentando familias de la zona centro y sur del estado a causa de las afectaciones por el paso del hurac\u00e1n \u201cNora\u201d, la presidenta del Sistema DIF Sinaloa, Rosy Fuentes de Ordaz anunci\u00f3 la instalaci\u00f3n de un centro de acopio.<\/span><\/p>\n<p style=\"text-align: justify;\">&nbsp;<\/p>\n<p style=\"text-align: justify;\"><span style=\"font-size: 14pt;\">Rosy Fuentes hizo el llamado a la ciudadan\u00eda a solidarizarse con las familias afectadas para que todo lo recaudado sea enviado a las comunidades que resultaron con mayores afectaciones.<\/span><\/p>\n<p style=\"text-align: justify;\">&nbsp;<\/p>\n<p style=\"text-align: justify;\"><span style=\"font-size: 14pt;\">La presidenta del Sistema DIF se\u00f1al\u00f3 que los sinaloenses se caracterizan por ser solidarios y apoyar a quienes m\u00e1s lo necesitan en los momentos dif\u00edciles, por lo que en esta ocasi\u00f3n no ser\u00e1 la excepci\u00f3n e invitamos a la sociedad a que se sumen en la recaudaci\u00f3n de los v\u00edveres.<\/span><\/p>\n<p style=\"text-align: justify;\">&nbsp;<\/p>\n<p style=\"text-align: justify;\"><span style=\"font-size: 14pt;\">\u201cEn los momentos m\u00e1s dif\u00edciles hemos contado con el apoyo de las y los sinaloenses en estas cat\u00e1strofes\u201d expres\u00f3.<\/span><\/p>\n<p style=\"text-align: justify;\">&nbsp;<\/p>\n<p style=\"text-align: justify;\"><span style=\"font-size: 14pt;\">Entre las necesidades m\u00e1s apremiantes que se necesitan recaudar es; agua embotellada, alimentos no perecederos, leche en polvo, alimento para beb\u00e9, biberones, pa\u00f1ales para ni\u00f1a y ni\u00f1o, papel higi\u00e9nico, pasta dental, toallas femeninas, desodorante, shampoo y jab\u00f3n. Se requieren art\u00edculos de limpieza como; detergente, pinol, cloro, escobas, trapeadores, cubetas, jaladores para piso y bolsas para basura.<\/span><\/p>\n<p style=\"text-align: justify;\">&nbsp;<\/p>\n<p style=\"text-align: justify;\"><span style=\"font-size: 14pt;\">Se instalar\u00e1n tres centros de acopio, uno en las oficinas de DIF Sinaloa en Culiac\u00e1n, el segundo en el Centro Regional de Rehabilitaci\u00f3n Integral (CRRI) en Ahome y el tercero en el CRRI Mazatl\u00e1n, en un horario de 8:00 de la ma\u00f1ana a 6:00 de la tarde.<\/span><\/p>\n<p style=\"text-align: justify;\">&nbsp;<\/p>\n<p style=\"text-align: justify;\">&nbsp;<\/p>\n<p style=\"text-align: justify;\"><span style=\"font-size: 14pt;\">REDACCI\u00d3N\/VISI\u00d3N CIUDADANA.<\/span><\/p>\n<div style=\"text-align: justify;\"><span style=\"font-size: 14pt;\"><\/span><\/div>\n","protected":false},"excerpt":{"rendered":"<p>Debido a la situaci\u00f3n de emergencia que est\u00e1n enfrentando familias de la zona centro y sur del estado a causa de las afectaciones por el paso del hurac\u00e1n \u201cNora\u201d, la presidenta del Sistema DIF Sinaloa, Rosy Fuentes de Ordaz anunci\u00f3 la instalaci\u00f3n de un centro de acopio. &nbsp; Rosy Fuentes hizo el llamado a la [&hellip;]<\/p>\n","protected":false},"author":1,"featured_media":1588,"comment_status":"closed","ping_status":"closed","sticky":false,"template":"","format":"standard","meta":{"footnotes":""},"categories":[24],"tags":[],"ppma_author":[31],"class_list":["post-17501","post","type-post","status-publish","format-standard","has-post-thumbnail","hentry","category-relevantes"],"aioseo_notices":[],"authors":[{"term_id":31,"user_id":1,"is_guest":0,"slug":"ivan3vino","display_name":"Iv\u00e1n Trevi\u00f1o","avatar_url":{"url":"https:\/\/visionciudadana.com.mx\/oficial\/wp-content\/uploads\/2025\/09\/columna-ivan-Trevino.png","url2x":"https:\/\/visionciudadana.com.mx\/oficial\/wp-content\/uploads\/2025\/09\/columna-ivan-Trevino.png"},"0":null,"1":"","2":"","3":"","4":"","5":"","6":"","7":"","8":""}],"_links":{"self":[{"href":"https:\/\/visionciudadana.com.mx\/oficial\/wp-json\/wp\/v2\/posts\/17501","targetHints":{"allow":["GET"]}}],"collection":[{"href":"https:\/\/visionciudadana.com.mx\/oficial\/wp-json\/wp\/v2\/posts"}],"about":[{"href":"https:\/\/visionciudadana.com.mx\/oficial\/wp-json\/wp\/v2\/types\/post"}],"author":[{"embeddable":true,"href":"https:\/\/visionciudadana.com.mx\/oficial\/wp-json\/wp\/v2\/users\/1"}],"replies":[{"embeddable":true,"href":"https:\/\/visionciudadana.com.mx\/oficial\/wp-json\/wp\/v2\/comments?post=17501"}],"version-history":[{"count":1,"href":"https:\/\/visionciudadana.com.mx\/oficial\/wp-json\/wp\/v2\/posts\/17501\/revisions"}],"predecessor-version":[{"id":30672,"href":"https:\/\/visionciudadana.com.mx\/oficial\/wp-json\/wp\/v2\/posts\/17501\/revisions\/30672"}],"wp:featuredmedia":[{"embeddable":true,"href":"https:\/\/visionciudadana.com.mx\/oficial\/wp-json\/wp\/v2\/posts\/1588"}],"wp:attachment":[{"href":"https:\/\/visionciudadana.com.mx\/oficial\/wp-json\/wp\/v2\/media?parent=17501"}],"wp:term":[{"taxonomy":"category","embeddable":true,"href":"https:\/\/visionciudadana.com.mx\/oficial\/wp-json\/wp\/v2\/categories?post=17501"},{"taxonomy":"post_tag","embeddable":true,"href":"https:\/\/visionciudadana.com.mx\/oficial\/wp-json\/wp\/v2\/tags?post=17501"},{"taxonomy":"author","embeddable":true,"href":"https:\/\/visionciudadana.com.mx\/oficial\/wp-json\/wp\/v2\/ppma_author?post=17501"}],"curies":[{"name":"wp","href":"https:\/\/api.w.org\/{rel}","templated":true}]}}