{"id":17500,"date":"2021-09-02T02:33:53","date_gmt":"2021-09-02T02:33:53","guid":{"rendered":"https:\/\/visionciudadana.com.mx\/chio\/2021\/09\/02\/declaratoria-de-emergencia-ya-esta-validada-quirino\/"},"modified":"2025-06-24T23:31:26","modified_gmt":"2025-06-24T23:31:26","slug":"declaratoria-de-emergencia-ya-esta-validada-quirino","status":"publish","type":"post","link":"https:\/\/visionciudadana.com.mx\/oficial\/2021\/09\/02\/declaratoria-de-emergencia-ya-esta-validada-quirino\/","title":{"rendered":"Declaratoria de Emergencia ya est\u00e1 validada: Quirino"},"content":{"rendered":"<p><img fetchpriority=\"high\" decoding=\"async\" src=\"images\/2021\/Sept.21\/validada.jpg\" alt=\"validada\" width=\"720\" height=\"480\" style=\"display: block; margin: 20px auto;\" \/><\/p>\n<p class=\"x_MsoNormal\" style=\"text-align: justify;\"><span style=\"font-size: 14pt;\">El gobernador Quirino Ordaz Coppel dio a conocer que la Comisi\u00f3n Nacional del Agua ya valid\u00f3 la Declaratoria de Emergencia que solicit\u00f3 este lunes para llevar apoyos de insumos a las familias afectadas en sus domicilios que resultaron inundados por las lluvias que dej\u00f3 a su paso la tormenta tropical \u00abNora\u00bb.<\/span><\/p>\n<p style=\"text-align: justify;\">&nbsp;<\/p>\n<p class=\"x_MsoNormal\" style=\"text-align: justify;\"><span style=\"font-size: 14pt;\">Esto lo dio a conocer durante un recorrido que hizo por segundo d\u00eda consecutivo en comunidades que resultaron afectadas, y en esta ocasi\u00f3n visit\u00f3 tambi\u00e9n junto con su esposa Rosy Fuentes de Ordaz como ayer en Eldorado, los pueblos Potrerillos del Norote y Ejido Caimanes, en el municipio de Elota, donde alrededor de 250 viviendas resultaron afectadas.<\/span><\/p>\n<p style=\"text-align: justify;\">&nbsp;<\/p>\n<p class=\"x_MsoNormal\" style=\"text-align: justify;\"><span style=\"font-size: 14pt;\">\u00abYa la Conagua estaba validando ahorita lo que es la Declaratoria de Emergencia, entiendo que hoy mismo se mand\u00f3 el respaldo de ellos, el aval de ellos, para que fluyan de inmediato los insumos, que es lo que urge, por eso estamos aqu\u00ed constatando los da\u00f1os materiales\u00bb, dijo al ser entrevistado durante el recorrido por los medios de comunicaci\u00f3n.<\/span><\/p>\n<p style=\"text-align: justify;\">&nbsp;<\/p>\n<p class=\"x_MsoNormal\" style=\"text-align: justify;\"><span style=\"font-size: 14pt;\">Explic\u00f3 que una vez confirmada ya con la validaci\u00f3n de la Conagua, se espera que este mismo fin de semana empiecen a llegar los apoyos, \u00abpero nosotros no estamos esperando, ya a trav\u00e9s del DIF se est\u00e1n coordinando para la entrega de despensas y vamos a ver un paquete de respaldo con equipos, maquinaria, estamos muy coordinados con la Comisi\u00f3n Federal de Electricidad para que tres postes los rehabiliten de inmediato y pueda dar servicio de agua potable, ya que se fue el agua\u00bb.<\/span><\/p>\n<p style=\"text-align: justify;\">&nbsp;<\/p>\n<p class=\"x_MsoNormal\" style=\"text-align: justify;\"><span style=\"font-size: 14pt;\">Junto con el presidente municipal de Elota, \u00c1ngel Geovani Escobar Manjarrez, y el secretario de Obras P\u00fablicas, Osbaldo L\u00f3pez Angulo, el gobernador del estado y la presidenta del DIF visitaron decenas de viviendas en ambas comunidades, donde el agua subi\u00f3 hasta metro y medio, da\u00f1ando colchones, ropa y electrodom\u00e9sticos.<\/span><\/p>\n<p style=\"text-align: justify;\">&nbsp;<\/p>\n<p class=\"x_MsoNormal\" style=\"text-align: justify;\"><span style=\"font-size: 14pt;\">Por lo que toca a la Declaratoria de Zona de Desastre que solicit\u00f3 el martes, para los mismos municipios que la Declaratoria de Emergencia, que son Culiac\u00e1n, el propio Elota, San Ignacio, Mazatl\u00e1n, Concordia, Rosario y Escuinapa, el mandatario estatal adelant\u00f3 que aprovechar\u00e1 la visita del presidente Andr\u00e9s Manuel L\u00f3pez Obrador este domingo 12 de septiembre, para pedirle la agilizaci\u00f3n del tr\u00e1mite, a fin de obtener cuanto antes los recursos federales para aplicarlos en la reparaci\u00f3n de infraestructura da\u00f1ada por \u00abNora\u00bb.<\/span><\/p>\n<p style=\"text-align: justify;\">&nbsp;<\/p>\n<p class=\"x_MsoNormal\" style=\"text-align: justify;\"><span style=\"font-size: 14pt;\">\u00abYa est\u00e1 hecha la solicitud, -de la Declaraci\u00f3n de Zona de Desastre-&nbsp; van a tener que venir a verificar, a ver los da\u00f1os y vamos a aprovechar la visita del presidente, justamente, para que nos ayude a acelerar la reparaci\u00f3n del puente en El Quelite para que sea m\u00e1s r\u00e1pida la reconstrucci\u00f3n\u00bb, adelant\u00f3.<\/span><\/p>\n<p style=\"text-align: justify;\">&nbsp;<\/p>\n<p class=\"x_MsoNormal\" style=\"text-align: justify;\"><span style=\"font-size: 14pt;\">Por otra parte, el gobernador del estado anunci\u00f3 que este jueves continuar\u00e1 con los recorridos por zonas afectadas, y este jueves por la tarde visitar\u00e1 comunidades de Mazatl\u00e1n y Rosario, donde se registraron los mayores da\u00f1os.<\/span><\/p>\n<p style=\"text-align: justify;\">&nbsp;<\/p>\n<p style=\"text-align: justify;\">&nbsp;<\/p>\n<p style=\"text-align: justify;\"><span style=\"font-size: 14pt;\">REDACCI\u00d3N\/VISI\u00d3N CIUDADANA.<\/span><\/p>\n","protected":false},"excerpt":{"rendered":"<p>El gobernador Quirino Ordaz Coppel dio a conocer que la Comisi\u00f3n Nacional del Agua ya valid\u00f3 la Declaratoria de Emergencia que solicit\u00f3 este lunes para llevar apoyos de insumos a las familias afectadas en sus domicilios que resultaron inundados por las lluvias que dej\u00f3 a su paso la tormenta tropical \u00abNora\u00bb. &nbsp; Esto lo dio [&hellip;]<\/p>\n","protected":false},"author":1,"featured_media":1586,"comment_status":"closed","ping_status":"closed","sticky":false,"template":"","format":"standard","meta":{"footnotes":""},"categories":[24],"tags":[],"ppma_author":[31],"class_list":["post-17500","post","type-post","status-publish","format-standard","has-post-thumbnail","hentry","category-relevantes"],"aioseo_notices":[],"authors":[{"term_id":31,"user_id":1,"is_guest":0,"slug":"ivan3vino","display_name":"Iv\u00e1n Trevi\u00f1o","avatar_url":{"url":"https:\/\/visionciudadana.com.mx\/oficial\/wp-content\/uploads\/2025\/09\/columna-ivan-Trevino.png","url2x":"https:\/\/visionciudadana.com.mx\/oficial\/wp-content\/uploads\/2025\/09\/columna-ivan-Trevino.png"},"0":null,"1":"","2":"","3":"","4":"","5":"","6":"","7":"","8":""}],"_links":{"self":[{"href":"https:\/\/visionciudadana.com.mx\/oficial\/wp-json\/wp\/v2\/posts\/17500","targetHints":{"allow":["GET"]}}],"collection":[{"href":"https:\/\/visionciudadana.com.mx\/oficial\/wp-json\/wp\/v2\/posts"}],"about":[{"href":"https:\/\/visionciudadana.com.mx\/oficial\/wp-json\/wp\/v2\/types\/post"}],"author":[{"embeddable":true,"href":"https:\/\/visionciudadana.com.mx\/oficial\/wp-json\/wp\/v2\/users\/1"}],"replies":[{"embeddable":true,"href":"https:\/\/visionciudadana.com.mx\/oficial\/wp-json\/wp\/v2\/comments?post=17500"}],"version-history":[{"count":1,"href":"https:\/\/visionciudadana.com.mx\/oficial\/wp-json\/wp\/v2\/posts\/17500\/revisions"}],"predecessor-version":[{"id":30673,"href":"https:\/\/visionciudadana.com.mx\/oficial\/wp-json\/wp\/v2\/posts\/17500\/revisions\/30673"}],"wp:featuredmedia":[{"embeddable":true,"href":"https:\/\/visionciudadana.com.mx\/oficial\/wp-json\/wp\/v2\/posts\/1586"}],"wp:attachment":[{"href":"https:\/\/visionciudadana.com.mx\/oficial\/wp-json\/wp\/v2\/media?parent=17500"}],"wp:term":[{"taxonomy":"category","embeddable":true,"href":"https:\/\/visionciudadana.com.mx\/oficial\/wp-json\/wp\/v2\/categories?post=17500"},{"taxonomy":"post_tag","embeddable":true,"href":"https:\/\/visionciudadana.com.mx\/oficial\/wp-json\/wp\/v2\/tags?post=17500"},{"taxonomy":"author","embeddable":true,"href":"https:\/\/visionciudadana.com.mx\/oficial\/wp-json\/wp\/v2\/ppma_author?post=17500"}],"curies":[{"name":"wp","href":"https:\/\/api.w.org\/{rel}","templated":true}]}}