{"id":17498,"date":"2021-09-02T02:22:28","date_gmt":"2021-09-02T02:22:28","guid":{"rendered":"https:\/\/visionciudadana.com.mx\/chio\/2021\/09\/02\/sistema-dif-culiacan-entrega-despensas-a-familias-damnificadas-en-eldorado\/"},"modified":"2025-06-24T23:31:26","modified_gmt":"2025-06-24T23:31:26","slug":"sistema-dif-culiacan-entrega-despensas-a-familias-damnificadas-en-eldorado","status":"publish","type":"post","link":"https:\/\/visionciudadana.com.mx\/oficial\/2021\/09\/02\/sistema-dif-culiacan-entrega-despensas-a-familias-damnificadas-en-eldorado\/","title":{"rendered":"Sistema DIF Culiac\u00e1n entrega despensas a familias damnificadas en Eldorado"},"content":{"rendered":"<p style=\"text-align: justify;\"><img fetchpriority=\"high\" decoding=\"async\" src=\"images\/2021\/Sept.21\/sistema_dif_sin.jpg\" alt=\"sistema dif sin\" width=\"720\" height=\"480\" style=\"display: block; margin: 20px auto;\" \/><span style=\"font-size: 14pt;\">En seguimiento a la instrucci\u00f3n del alcalde Lic. Jes\u00fas Estrada Ferreiro, para que se apoyara con despensa y enseres dom\u00e9sticos a las familias damnificadas por las inundaciones generadas por la tormenta tropical \u201cNora\u201d, el d\u00eda de hoy el Sistema DIF Culiac\u00e1n y la Secretar\u00eda del Bienestar Municipal, se trasladaron a la Sindicatura de Eldorado para hacer entrega de los insumos.<\/span><\/p>\n<p style=\"text-align: justify;\"><span style=\"font-size: 14pt;\"><br \/>Personal adscrito al Gobierno de Culiac\u00e1n, recorri\u00f3 el ejido de La Flor en donde se hizo entrega de 150 cajas con alimentos, cobijas y productos de higiene personal.<\/span><\/p>\n<p style=\"text-align: justify;\"><span style=\"font-size: 14pt;\"><br \/>Los apoyos tambi\u00e9n fueron recibidos por las familias de la comunidad de Las Piedritas, lugar que fue afectado por las lluvias de las \u00faltimas horas.<\/span><\/p>\n<p style=\"text-align: justify;\"><span style=\"font-size: 14pt;\"><br \/>Finalmente, la caravana de apoyos concluy\u00f3 en la cabecera de la sindicatura y sus colonias, donde sus habitantes que padecieron inundaciones, ya cuentan con v\u00edveres, alimentos no perecederos y productos de limpieza.<\/span><\/p>\n<p style=\"text-align: justify;\"><span style=\"font-size: 14pt;\"><br \/>El Gobierno de Culiac\u00e1n seguir\u00e1 atento a las necesidades de la poblaci\u00f3n afectada con el objetivo de gestionar recursos federales para que puedan ser utilizados en la rehabilitaci\u00f3n de sus hogares.<\/span><\/p>\n<p style=\"text-align: justify;\"><span style=\"font-size: 14pt;\"><br \/>Asimismo, se recuerda a la ciudadan\u00eda que se encuentran disponibles los Centros de Acopio instalados en el Ayuntamiento de Culiac\u00e1n, Ley Sendero, Ley Tres R\u00edos, Soriana Zapata, City Club, Walmart M\u00e9xico 68, Walmart Tres R\u00edos y Parque Revoluci\u00f3n.<\/span><\/p>\n<p style=\"text-align: justify;\">&nbsp;<\/p>\n<div style=\"text-align: justify;\"><span style=\"font-size: 14pt;\">Ah\u00ed se estar\u00e1n recibiendo alimentos no perecederos (abre f\u00e1cil), ropa y calzado en buen estado, enseres dom\u00e9sticos, art\u00edculos de limpieza y de higiene personal, agua embotellada y pa\u00f1ales, hasta el domingo 05 de septiembre en horario de 9 de la ma\u00f1ana a 6 de la tarde en apoyo a las familias damnificadas.<\/span><\/div>\n<div style=\"text-align: justify;\">&nbsp;<\/div>\n<div style=\"text-align: justify;\">&nbsp;<\/div>\n<div style=\"text-align: justify;\">&nbsp;<\/div>\n<div style=\"text-align: justify;\"><span style=\"font-size: 14pt;\">REDACCI\u00d3N\/VISI\u00d3N CIUDADANA.<\/span><\/div>\n","protected":false},"excerpt":{"rendered":"<p>En seguimiento a la instrucci\u00f3n del alcalde Lic. Jes\u00fas Estrada Ferreiro, para que se apoyara con despensa y enseres dom\u00e9sticos a las familias damnificadas por las inundaciones generadas por la tormenta tropical \u201cNora\u201d, el d\u00eda de hoy el Sistema DIF Culiac\u00e1n y la Secretar\u00eda del Bienestar Municipal, se trasladaron a la Sindicatura de Eldorado para [&hellip;]<\/p>\n","protected":false},"author":1,"featured_media":1582,"comment_status":"closed","ping_status":"closed","sticky":false,"template":"","format":"standard","meta":{"footnotes":""},"categories":[24],"tags":[],"ppma_author":[31],"class_list":["post-17498","post","type-post","status-publish","format-standard","has-post-thumbnail","hentry","category-relevantes"],"aioseo_notices":[],"authors":[{"term_id":31,"user_id":1,"is_guest":0,"slug":"ivan3vino","display_name":"Iv\u00e1n Trevi\u00f1o","avatar_url":{"url":"https:\/\/visionciudadana.com.mx\/oficial\/wp-content\/uploads\/2025\/09\/columna-ivan-Trevino.png","url2x":"https:\/\/visionciudadana.com.mx\/oficial\/wp-content\/uploads\/2025\/09\/columna-ivan-Trevino.png"},"0":null,"1":"","2":"","3":"","4":"","5":"","6":"","7":"","8":""}],"_links":{"self":[{"href":"https:\/\/visionciudadana.com.mx\/oficial\/wp-json\/wp\/v2\/posts\/17498","targetHints":{"allow":["GET"]}}],"collection":[{"href":"https:\/\/visionciudadana.com.mx\/oficial\/wp-json\/wp\/v2\/posts"}],"about":[{"href":"https:\/\/visionciudadana.com.mx\/oficial\/wp-json\/wp\/v2\/types\/post"}],"author":[{"embeddable":true,"href":"https:\/\/visionciudadana.com.mx\/oficial\/wp-json\/wp\/v2\/users\/1"}],"replies":[{"embeddable":true,"href":"https:\/\/visionciudadana.com.mx\/oficial\/wp-json\/wp\/v2\/comments?post=17498"}],"version-history":[{"count":1,"href":"https:\/\/visionciudadana.com.mx\/oficial\/wp-json\/wp\/v2\/posts\/17498\/revisions"}],"predecessor-version":[{"id":30675,"href":"https:\/\/visionciudadana.com.mx\/oficial\/wp-json\/wp\/v2\/posts\/17498\/revisions\/30675"}],"wp:featuredmedia":[{"embeddable":true,"href":"https:\/\/visionciudadana.com.mx\/oficial\/wp-json\/wp\/v2\/posts\/1582"}],"wp:attachment":[{"href":"https:\/\/visionciudadana.com.mx\/oficial\/wp-json\/wp\/v2\/media?parent=17498"}],"wp:term":[{"taxonomy":"category","embeddable":true,"href":"https:\/\/visionciudadana.com.mx\/oficial\/wp-json\/wp\/v2\/categories?post=17498"},{"taxonomy":"post_tag","embeddable":true,"href":"https:\/\/visionciudadana.com.mx\/oficial\/wp-json\/wp\/v2\/tags?post=17498"},{"taxonomy":"author","embeddable":true,"href":"https:\/\/visionciudadana.com.mx\/oficial\/wp-json\/wp\/v2\/ppma_author?post=17498"}],"curies":[{"name":"wp","href":"https:\/\/api.w.org\/{rel}","templated":true}]}}