{"id":17497,"date":"2021-09-02T02:18:39","date_gmt":"2021-09-02T02:18:39","guid":{"rendered":"https:\/\/visionciudadana.com.mx\/chio\/2021\/09\/02\/es-priista-la-diputada-mas-joven-del-congreso-la-primera-en-presentar-iniciativa\/"},"modified":"2025-06-24T23:31:26","modified_gmt":"2025-06-24T23:31:26","slug":"es-priista-la-diputada-mas-joven-del-congreso-la-primera-en-presentar-iniciativa","status":"publish","type":"post","link":"https:\/\/visionciudadana.com.mx\/oficial\/2021\/09\/02\/es-priista-la-diputada-mas-joven-del-congreso-la-primera-en-presentar-iniciativa\/","title":{"rendered":"Es priista la diputada m\u00e1s joven del Congreso, la primera en presentar iniciativa"},"content":{"rendered":"<p><img fetchpriority=\"high\" decoding=\"async\" src=\"images\/2021\/Sept.21\/mas_joven.jpg\" alt=\"mas joven\" width=\"720\" height=\"480\" style=\"display: block; margin: 20px auto;\" \/><\/p>\n<p class=\"x_MsoNormal\" style=\"text-align: justify;\"><span style=\"font-size: 14pt;\">A fin de atender y reducir las adicciones, la diputada federal Karla Ayala Villalobos, a nombre del Grupo Parlamentario del Partido Revolucionario Institucional (GPPRI) en la C\u00e1mara de Diputados, present\u00f3 una Iniciativa que busca promover y fomentar acciones que impulsen estilos de vida saludables relacionados con la prevenci\u00f3n de esta enfermedad, as\u00ed como difundir los riesgos y consecuencias del consumo de sustancias psicoactivas.<\/span><\/p>\n<p style=\"text-align: justify;\">&nbsp;<\/p>\n<p class=\"x_MsoNormal\" style=\"text-align: justify;\"><span style=\"font-size: 14pt;\">En la primer propuesta presentada durante el primer d\u00eda de trabajos de la LXV Legislatura, la legisladora m\u00e1s joven del Congreso argument\u00f3 que el abuso de drogas, ya sean l\u00edcitas o il\u00edcitas, constituye un problema de salud p\u00fablica a nivel global y nacional, que tiene graves repercusiones para la salud de la poblaci\u00f3n, e impacta negativamente en el entorno familiar, social, de seguridad e incluso econ\u00f3mico de nuestro pa\u00eds.<\/span><\/p>\n<p style=\"text-align: justify;\">&nbsp;<\/p>\n<p class=\"x_MsoNormal\" style=\"text-align: justify;\"><span style=\"font-size: 14pt;\">En el documento, expuso que de acuerdo con datos de la Direcci\u00f3n General de Informaci\u00f3n en Salud (DGIS), de 2010 a 2017, se registraron 22 mil fallecimientos directamente asociados con el consumo de drogas, y seg\u00fan la Encuesta Nacional de Consumo de Drogas, Alcohol y Tabaco (ENCODAT 2016), en la poblaci\u00f3n joven de entre 18 y 34 a\u00f1os, la dependencia para hombres fue del 2 por ciento y para mujeres del 0.3 por ciento.<\/span><\/p>\n<p style=\"text-align: justify;\">&nbsp;<\/p>\n<p class=\"x_MsoNormal\" style=\"text-align: justify;\"><span style=\"font-size: 14pt;\">Por ello, la Iniciativa para reformar los Art\u00edculos 4, 26, 29 y 30 de la Ley General de Educaci\u00f3n en Materia de Prevenci\u00f3n de las Adicciones en las Escuelas, promueve<\/span><\/p>\n<p style=\"text-align: justify;\">&nbsp;<\/p>\n<p class=\"x_MsoNormal\" style=\"text-align: justify;\"><span style=\"font-size: 14pt;\">la inclusi\u00f3n de programas y talleres para la prevenci\u00f3n y que las autoridades, los planes y los contenidos educativos lo contemplen.<\/span><\/p>\n<p style=\"text-align: justify;\">&nbsp;<\/p>\n<p class=\"x_MsoNormal\" style=\"text-align: justify;\"><span style=\"font-size: 14pt;\">Adem\u00e1s, la propuesta del GPPRI estipula que haya vinculaci\u00f3n y colaboraci\u00f3n entre las instancias de salud y cultura para llevar a cabo estas actividades para educandos en vulnerabilidad social y se garantice que los programas educativos que ya existen en los espacios de educaci\u00f3n media superior, integren el rubro de salud como un eje transversal.<\/span><\/p>\n<p style=\"text-align: justify;\">&nbsp;<\/p>\n<p class=\"x_MsoNormal\" style=\"text-align: justify;\"><span style=\"font-size: 14pt;\">La bancada tricolor puntualiza que las actividades que realiza la Red de Instituciones Educativas Contra las Adicciones (RIECA) en favor de la prevenci\u00f3n de las adicciones, representa un caso de \u00e9xito que demuestra la importancia de la participaci\u00f3n de la sociedad civil organizada en los temas de inter\u00e9s social, y es un ejemplo de buenas pr\u00e1cticas que las instituciones gubernamentales deber\u00edan considerar.<\/span><\/p>\n<p style=\"text-align: justify;\">&nbsp;<\/p>\n<p style=\"text-align: justify;\">&nbsp;<\/p>\n<p style=\"text-align: justify;\"><span style=\"font-size: 14pt;\">REDACCI\u00d3N\/VISI\u00d3N CIUDADANA.<\/span><\/p>\n","protected":false},"excerpt":{"rendered":"<p>A fin de atender y reducir las adicciones, la diputada federal Karla Ayala Villalobos, a nombre del Grupo Parlamentario del Partido Revolucionario Institucional (GPPRI) en la C\u00e1mara de Diputados, present\u00f3 una Iniciativa que busca promover y fomentar acciones que impulsen estilos de vida saludables relacionados con la prevenci\u00f3n de esta enfermedad, as\u00ed como difundir los [&hellip;]<\/p>\n","protected":false},"author":1,"featured_media":1580,"comment_status":"closed","ping_status":"closed","sticky":false,"template":"","format":"standard","meta":{"footnotes":""},"categories":[24],"tags":[],"ppma_author":[31],"class_list":["post-17497","post","type-post","status-publish","format-standard","has-post-thumbnail","hentry","category-relevantes"],"aioseo_notices":[],"authors":[{"term_id":31,"user_id":1,"is_guest":0,"slug":"ivan3vino","display_name":"Iv\u00e1n Trevi\u00f1o","avatar_url":{"url":"https:\/\/visionciudadana.com.mx\/oficial\/wp-content\/uploads\/2025\/09\/columna-ivan-Trevino.png","url2x":"https:\/\/visionciudadana.com.mx\/oficial\/wp-content\/uploads\/2025\/09\/columna-ivan-Trevino.png"},"0":null,"1":"","2":"","3":"","4":"","5":"","6":"","7":"","8":""}],"_links":{"self":[{"href":"https:\/\/visionciudadana.com.mx\/oficial\/wp-json\/wp\/v2\/posts\/17497","targetHints":{"allow":["GET"]}}],"collection":[{"href":"https:\/\/visionciudadana.com.mx\/oficial\/wp-json\/wp\/v2\/posts"}],"about":[{"href":"https:\/\/visionciudadana.com.mx\/oficial\/wp-json\/wp\/v2\/types\/post"}],"author":[{"embeddable":true,"href":"https:\/\/visionciudadana.com.mx\/oficial\/wp-json\/wp\/v2\/users\/1"}],"replies":[{"embeddable":true,"href":"https:\/\/visionciudadana.com.mx\/oficial\/wp-json\/wp\/v2\/comments?post=17497"}],"version-history":[{"count":1,"href":"https:\/\/visionciudadana.com.mx\/oficial\/wp-json\/wp\/v2\/posts\/17497\/revisions"}],"predecessor-version":[{"id":30676,"href":"https:\/\/visionciudadana.com.mx\/oficial\/wp-json\/wp\/v2\/posts\/17497\/revisions\/30676"}],"wp:featuredmedia":[{"embeddable":true,"href":"https:\/\/visionciudadana.com.mx\/oficial\/wp-json\/wp\/v2\/posts\/1580"}],"wp:attachment":[{"href":"https:\/\/visionciudadana.com.mx\/oficial\/wp-json\/wp\/v2\/media?parent=17497"}],"wp:term":[{"taxonomy":"category","embeddable":true,"href":"https:\/\/visionciudadana.com.mx\/oficial\/wp-json\/wp\/v2\/categories?post=17497"},{"taxonomy":"post_tag","embeddable":true,"href":"https:\/\/visionciudadana.com.mx\/oficial\/wp-json\/wp\/v2\/tags?post=17497"},{"taxonomy":"author","embeddable":true,"href":"https:\/\/visionciudadana.com.mx\/oficial\/wp-json\/wp\/v2\/ppma_author?post=17497"}],"curies":[{"name":"wp","href":"https:\/\/api.w.org\/{rel}","templated":true}]}}