{"id":17496,"date":"2021-09-02T02:11:20","date_gmt":"2021-09-02T02:11:20","guid":{"rendered":"https:\/\/visionciudadana.com.mx\/chio\/2021\/09\/02\/gobierno-de-culiacan-inicia-la-reparacion-de-socavones-sobre-el-eje-federalismo\/"},"modified":"2025-06-24T23:31:26","modified_gmt":"2025-06-24T23:31:26","slug":"gobierno-de-culiacan-inicia-la-reparacion-de-socavones-sobre-el-eje-federalismo","status":"publish","type":"post","link":"https:\/\/visionciudadana.com.mx\/oficial\/2021\/09\/02\/gobierno-de-culiacan-inicia-la-reparacion-de-socavones-sobre-el-eje-federalismo\/","title":{"rendered":"Gobierno de Culiac\u00e1n inicia la reparaci\u00f3n de socavones sobre el Eje Federalismo"},"content":{"rendered":"<p style=\"text-align: justify;\">&nbsp;<\/p>\n<p style=\"text-align: justify;\"><span style=\"font-size: 14pt;\"><img fetchpriority=\"high\" decoding=\"async\" src=\"images\/2021\/Sept.21\/socavones.jpg\" alt=\"socavones\" width=\"720\" height=\"480\" style=\"display: block; margin: 20px auto;\" \/><br \/>La Junta Municipal de Agua Potable y Alcantarillado de Culiac\u00e1n inici\u00f3 la reparaci\u00f3n de cinco socavones que se formaron sobre el Eje Federalismo, como consecuencia de las lluvias presentadas por \u201cNora\u201d.<\/span><\/p>\n<p style=\"text-align: justify;\"><span style=\"font-size: 14pt;\"><\/p>\n<p>En una visita de supervisi\u00f3n, el presidente municipal Lic. Jes\u00fas Estrada Ferreiro y el Gerente de JAPAC Jes\u00fas Higuera Laura recordaron que esta tuber\u00eda forma parte del Emisor Rub\u00ed, que ha presentado fallas continuas en los \u00faltimos a\u00f1os.<\/span><\/p>\n<p style=\"text-align: justify;\"><span style=\"font-size: 14pt;\"><\/p>\n<p>Estas acciones, coment\u00f3 el alcalde, forman parte de la atenci\u00f3n r\u00e1pida y oportuna que est\u00e1 brindando el Gobierno de Culiac\u00e1n a las afectaciones por dicha tormenta tropical.<\/span><\/p>\n<p style=\"text-align: justify;\"><span style=\"font-size: 14pt;\"><\/p>\n<p>Estos trabajos significar\u00e1n un gasto de 5 millones de pesos y se espera que se culminen en una semana a fin de liberar el tr\u00e1nsito vehicular de esta importante v\u00eda, ya que de momento se tiene restringido \u00fanicamente a tr\u00e1fico local.<\/span><\/p>\n<p style=\"text-align: justify;\"><span style=\"font-size: 14pt;\"><\/p>\n<p>Asimismo, se cuenta con el apoyo de la Secretar\u00eda de Obras P\u00fablicas quien participar\u00e1 con la colocaci\u00f3n de la carpeta asf\u00e1ltica.<\/span><\/p>\n<p style=\"text-align: justify;\"><span style=\"font-size: 14pt;\"><\/p>\n<p>Cabe recordar que el a\u00f1o pasado se sustituyeron 750 metros de este colector en el tramo que representaba mayor urgencia, al presentarse algunos hundimientos de veh\u00edculos sobre el bulevar Pedro Infante, por lo que representaba un serio riesgo para la poblaci\u00f3n.<\/span><\/p>\n<p style=\"text-align: justify;\"><span style=\"font-size: 14pt;\"><\/p>\n<p>Ah\u00ed, se destin\u00f3 una inversi\u00f3n de 67 millones de pesos, con recursos del propio Ayuntamiento y JAPAC.<\/span><\/p>\n<p style=\"text-align: justify;\"><span style=\"font-size: 14pt;\"><\/p>\n<p>Por su parte, el gerente de la paramunicipal anunci\u00f3 que est\u00e1 pr\u00f3ximo a iniciarse la sustituci\u00f3n de un nuevo tramo, que en este momento es la zona m\u00e1s cr\u00edtica de este emisor que tiene m\u00e1s de 50 a\u00f1os de<\/span><\/p>\n<p style=\"text-align: justify;\"><span style=\"font-size: 14pt;\"><\/p>\n<p>antig\u00fcedad, justo donde cruzan las v\u00edas del ferrocarril (a espaldas de CONAGUA), ya que representa un serio peligro de colapso por el peso del tren.<br \/><\/span><\/p>\n<p style=\"text-align: justify;\">&nbsp;<\/p>\n<p style=\"text-align: justify;\">&nbsp;<\/p>\n<p style=\"text-align: justify;\"><span style=\"font-size: 14pt;\">REDACCI\u00d3N\/VISI\u00d3N CIUDADANA.<\/span><\/p>\n","protected":false},"excerpt":{"rendered":"<p>&nbsp; La Junta Municipal de Agua Potable y Alcantarillado de Culiac\u00e1n inici\u00f3 la reparaci\u00f3n de cinco socavones que se formaron sobre el Eje Federalismo, como consecuencia de las lluvias presentadas por \u201cNora\u201d. En una visita de supervisi\u00f3n, el presidente municipal Lic. Jes\u00fas Estrada Ferreiro y el Gerente de JAPAC Jes\u00fas Higuera Laura recordaron que esta [&hellip;]<\/p>\n","protected":false},"author":1,"featured_media":1578,"comment_status":"closed","ping_status":"closed","sticky":false,"template":"","format":"standard","meta":{"footnotes":""},"categories":[24],"tags":[],"ppma_author":[31],"class_list":["post-17496","post","type-post","status-publish","format-standard","has-post-thumbnail","hentry","category-relevantes"],"aioseo_notices":[],"authors":[{"term_id":31,"user_id":1,"is_guest":0,"slug":"ivan3vino","display_name":"Iv\u00e1n Trevi\u00f1o","avatar_url":{"url":"https:\/\/visionciudadana.com.mx\/oficial\/wp-content\/uploads\/2025\/09\/columna-ivan-Trevino.png","url2x":"https:\/\/visionciudadana.com.mx\/oficial\/wp-content\/uploads\/2025\/09\/columna-ivan-Trevino.png"},"0":null,"1":"","2":"","3":"","4":"","5":"","6":"","7":"","8":""}],"_links":{"self":[{"href":"https:\/\/visionciudadana.com.mx\/oficial\/wp-json\/wp\/v2\/posts\/17496","targetHints":{"allow":["GET"]}}],"collection":[{"href":"https:\/\/visionciudadana.com.mx\/oficial\/wp-json\/wp\/v2\/posts"}],"about":[{"href":"https:\/\/visionciudadana.com.mx\/oficial\/wp-json\/wp\/v2\/types\/post"}],"author":[{"embeddable":true,"href":"https:\/\/visionciudadana.com.mx\/oficial\/wp-json\/wp\/v2\/users\/1"}],"replies":[{"embeddable":true,"href":"https:\/\/visionciudadana.com.mx\/oficial\/wp-json\/wp\/v2\/comments?post=17496"}],"version-history":[{"count":1,"href":"https:\/\/visionciudadana.com.mx\/oficial\/wp-json\/wp\/v2\/posts\/17496\/revisions"}],"predecessor-version":[{"id":30677,"href":"https:\/\/visionciudadana.com.mx\/oficial\/wp-json\/wp\/v2\/posts\/17496\/revisions\/30677"}],"wp:featuredmedia":[{"embeddable":true,"href":"https:\/\/visionciudadana.com.mx\/oficial\/wp-json\/wp\/v2\/posts\/1578"}],"wp:attachment":[{"href":"https:\/\/visionciudadana.com.mx\/oficial\/wp-json\/wp\/v2\/media?parent=17496"}],"wp:term":[{"taxonomy":"category","embeddable":true,"href":"https:\/\/visionciudadana.com.mx\/oficial\/wp-json\/wp\/v2\/categories?post=17496"},{"taxonomy":"post_tag","embeddable":true,"href":"https:\/\/visionciudadana.com.mx\/oficial\/wp-json\/wp\/v2\/tags?post=17496"},{"taxonomy":"author","embeddable":true,"href":"https:\/\/visionciudadana.com.mx\/oficial\/wp-json\/wp\/v2\/ppma_author?post=17496"}],"curies":[{"name":"wp","href":"https:\/\/api.w.org\/{rel}","templated":true}]}}