{"id":17495,"date":"2021-09-02T02:06:30","date_gmt":"2021-09-02T02:06:30","guid":{"rendered":"https:\/\/visionciudadana.com.mx\/chio\/2021\/09\/02\/invita-bienestar-universitario-a-la-jornada-de-prevencion-y-calidad-de-vida-en-tiempos-de-covid\/"},"modified":"2025-06-24T23:31:26","modified_gmt":"2025-06-24T23:31:26","slug":"invita-bienestar-universitario-a-la-jornada-de-prevencion-y-calidad-de-vida-en-tiempos-de-covid","status":"publish","type":"post","link":"https:\/\/visionciudadana.com.mx\/oficial\/2021\/09\/02\/invita-bienestar-universitario-a-la-jornada-de-prevencion-y-calidad-de-vida-en-tiempos-de-covid\/","title":{"rendered":"Invita Bienestar Universitario a la Jornada de Prevenci\u00f3n y Calidad de Vida en tiempos de COVID"},"content":{"rendered":"<p id=\"geom_inter_1630548250913_76_58\" class=\"x_MsoNormal\" align=\"center\"><b><span id=\"geom_inter_1630548250913_1_57\"><\/span><\/b><\/p>\n<p><img fetchpriority=\"high\" decoding=\"async\" src=\"images\/2021\/Sept.21\/invita_bienestar.jpg\" alt=\"invita bienestar\" width=\"720\" height=\"480\" style=\"display: block; margin: 20px auto;\" \/><\/p>\n<p class=\"x_MsoNormal\" style=\"text-align: justify;\"><span id=\"geom_inter_1630548249916_83_49\" style=\"font-size: 14pt;\">La Universidad Aut\u00f3noma de Sinaloa (UAS), a trav\u00e9s de Bienestar Universitario invita al personal administrativo agremiado al Sindicato \u00danico de Trabajadores de la Universidad Aut\u00f3noma de Sinaloa (SUNTUAS), a la primera&nbsp;<i id=\"geom_inter_1630548249917_89_50\">Jornada de Prevenci\u00f3n y Calidad de Vida en tiempos de COVID<\/i>, a celebrarse en l\u00ednea los d\u00edas 8 y 9 de septiembre del a\u00f1o en curso.<\/span><\/p>\n<p style=\"text-align: justify;\">&nbsp;<\/p>\n<p class=\"x_MsoNormal\" style=\"text-align: justify;\"><span id=\"geom_inter_1630548249917_7_51\" style=\"font-size: 14pt;\">\u201cPara que el personal tenga los conocimientos otorgados por especialistas que saben de los cuidados que debemos tener para no contraer el virus. Lo que se busca es evitar un rebrote y aprender a cuidarnos, seguir las recomendaciones para terminar con la pandemia y regresar pronto a clases de manera presencial\u201d, inform\u00f3 la directora de la dependencia, Sof\u00eda Angulo de Madue\u00f1a.<\/span><\/p>\n<p style=\"text-align: justify;\">&nbsp;<\/p>\n<p class=\"x_MsoNormal\" style=\"text-align: justify;\"><span id=\"geom_inter_1630548249917_68_53\" style=\"font-size: 14pt;\">La maestra en ciencias precis\u00f3 que las charlas comenzar\u00e1n a las 10 horas del 8 de septiembre, con el tema \u201cRol del Banco de Sangre durante la pandemia\u201d, impartida por el doctor Jes\u00fas Emmanuel Medina Coral.<\/span><\/p>\n<p style=\"text-align: justify;\">&nbsp;<\/p>\n<p class=\"x_MsoNormal\" style=\"text-align: justify;\"><span id=\"geom_inter_1630548253912_97_61\" style=\"font-size: 14pt;\">La doctora Liliana Jazm\u00edn Salcido, de la Facultad de Psicolog\u00eda, disertar\u00e1 sobre las \u201cP\u00e9rdidas en pandemia: la importancia de la atenci\u00f3n psicol\u00f3gica\u201d. As\u00ed mismo se contar\u00e1 con la participaci\u00f3n de otros ponentes de la Facultad de Ciencias de la Nutrici\u00f3n y Gastronom\u00eda, del Centro de Pol\u00edticas de G\u00e9nero para la Igualdad entre Mujeres y Hombres, y de la Direcci\u00f3n de Prestaciones Sociales, de la UAS.<\/span><\/p>\n<p style=\"text-align: justify;\">&nbsp;<\/p>\n<p class=\"x_MsoNormal\" style=\"text-align: justify;\"><span style=\"font-size: 14pt;\">Adem\u00e1s, la maestra Maricela Guadalupe P\u00e9rez, de la Secretaria General del SUNTUAS, secci\u00f3n administrativos, abordar\u00e1 en su charla el contexto, los retos y las metas del sindicato frente a la pandemia<\/span><\/p>\n<p style=\"text-align: justify;\">&nbsp;<\/p>\n<p class=\"x_MsoNormal\" style=\"text-align: justify;\"><span id=\"geom_inter_1630548254914_47_62\" style=\"font-size: 14pt;\">\u201cYo invito a registrarse a todos, a que participen en esta jornada; tendremos informaci\u00f3n importante y trascendente que compartirles, pienso que servir\u00e1 de mucho y contribuir\u00e1 a que estemos mejor preparados ante la pandemia\u201d, agreg\u00f3 la maestra Angulo de Madue\u00f1a.<\/span><\/p>\n<p style=\"text-align: justify;\">&nbsp;<\/p>\n<p class=\"x_MsoNormal\" style=\"text-align: justify;\"><span id=\"geom_inter_1630548254914_13_63\" style=\"font-size: 14pt;\">La informaci\u00f3n para el registro a esta jornada est\u00e1 disponible en las redes sociales virtuales de la dependencia: en Facebook\/BienestarUniversitarioUAS; en Instagram Bienestar_UAS. Tambi\u00e9n las y los interesados pueden comunicarse al tel\u00e9fono 667 712 04 69.<\/span><\/p>\n<p style=\"text-align: justify;\">&nbsp;<\/p>\n<p style=\"text-align: justify;\">&nbsp;<\/p>\n<p style=\"text-align: justify;\"><span style=\"font-size: 14pt;\">REDACCI\u00d3N\/VISI\u00d3N CIUDADANA.<\/span><\/p>\n","protected":false},"excerpt":{"rendered":"<p>La Universidad Aut\u00f3noma de Sinaloa (UAS), a trav\u00e9s de Bienestar Universitario invita al personal administrativo agremiado al Sindicato \u00danico de Trabajadores de la Universidad Aut\u00f3noma de Sinaloa (SUNTUAS), a la primera&nbsp;Jornada de Prevenci\u00f3n y Calidad de Vida en tiempos de COVID, a celebrarse en l\u00ednea los d\u00edas 8 y 9 de septiembre del a\u00f1o en [&hellip;]<\/p>\n","protected":false},"author":1,"featured_media":1576,"comment_status":"closed","ping_status":"closed","sticky":false,"template":"","format":"standard","meta":{"footnotes":""},"categories":[24],"tags":[],"ppma_author":[31],"class_list":["post-17495","post","type-post","status-publish","format-standard","has-post-thumbnail","hentry","category-relevantes"],"aioseo_notices":[],"authors":[{"term_id":31,"user_id":1,"is_guest":0,"slug":"ivan3vino","display_name":"Iv\u00e1n Trevi\u00f1o","avatar_url":{"url":"https:\/\/visionciudadana.com.mx\/oficial\/wp-content\/uploads\/2025\/09\/columna-ivan-Trevino.png","url2x":"https:\/\/visionciudadana.com.mx\/oficial\/wp-content\/uploads\/2025\/09\/columna-ivan-Trevino.png"},"0":null,"1":"","2":"","3":"","4":"","5":"","6":"","7":"","8":""}],"_links":{"self":[{"href":"https:\/\/visionciudadana.com.mx\/oficial\/wp-json\/wp\/v2\/posts\/17495","targetHints":{"allow":["GET"]}}],"collection":[{"href":"https:\/\/visionciudadana.com.mx\/oficial\/wp-json\/wp\/v2\/posts"}],"about":[{"href":"https:\/\/visionciudadana.com.mx\/oficial\/wp-json\/wp\/v2\/types\/post"}],"author":[{"embeddable":true,"href":"https:\/\/visionciudadana.com.mx\/oficial\/wp-json\/wp\/v2\/users\/1"}],"replies":[{"embeddable":true,"href":"https:\/\/visionciudadana.com.mx\/oficial\/wp-json\/wp\/v2\/comments?post=17495"}],"version-history":[{"count":1,"href":"https:\/\/visionciudadana.com.mx\/oficial\/wp-json\/wp\/v2\/posts\/17495\/revisions"}],"predecessor-version":[{"id":30678,"href":"https:\/\/visionciudadana.com.mx\/oficial\/wp-json\/wp\/v2\/posts\/17495\/revisions\/30678"}],"wp:featuredmedia":[{"embeddable":true,"href":"https:\/\/visionciudadana.com.mx\/oficial\/wp-json\/wp\/v2\/media\/1576"}],"wp:attachment":[{"href":"https:\/\/visionciudadana.com.mx\/oficial\/wp-json\/wp\/v2\/media?parent=17495"}],"wp:term":[{"taxonomy":"category","embeddable":true,"href":"https:\/\/visionciudadana.com.mx\/oficial\/wp-json\/wp\/v2\/categories?post=17495"},{"taxonomy":"post_tag","embeddable":true,"href":"https:\/\/visionciudadana.com.mx\/oficial\/wp-json\/wp\/v2\/tags?post=17495"},{"taxonomy":"author","embeddable":true,"href":"https:\/\/visionciudadana.com.mx\/oficial\/wp-json\/wp\/v2\/ppma_author?post=17495"}],"curies":[{"name":"wp","href":"https:\/\/api.w.org\/{rel}","templated":true}]}}