{"id":17494,"date":"2021-09-02T02:03:09","date_gmt":"2021-09-02T02:03:09","guid":{"rendered":"https:\/\/visionciudadana.com.mx\/chio\/2021\/09\/02\/los-tres-primeros-anos-del-gobierno-de-morena-han-sido-los-peores-en-los-ultimos-50-para-mexico-cinthia-valenzuela\/"},"modified":"2025-06-24T23:31:26","modified_gmt":"2025-06-24T23:31:26","slug":"los-tres-primeros-anos-del-gobierno-de-morena-han-sido-los-peores-en-los-ultimos-50-para-mexico-cinthia-valenzuela","status":"publish","type":"post","link":"https:\/\/visionciudadana.com.mx\/oficial\/2021\/09\/02\/los-tres-primeros-anos-del-gobierno-de-morena-han-sido-los-peores-en-los-ultimos-50-para-mexico-cinthia-valenzuela\/","title":{"rendered":"Los tres primeros a\u00f1os del gobierno de Morena, han sido los peores en los \u00faltimos 50 para M\u00e9xico: Cinthia Valenzuela."},"content":{"rendered":"<p id=\"geom_inter_1630548020913_48_19\" class=\"x_MsoNormal\" align=\"center\"><b><span id=\"geom_inter_1630548020912_44_16\"><\/span><\/b><\/p>\n<p style=\"text-align: justify;\"><img fetchpriority=\"high\" decoding=\"async\" src=\"images\/2021\/Sept.21\/los_tres.jpg\" alt=\"los tres\" width=\"720\" height=\"480\" style=\"display: block; margin: 20px auto;\" \/><\/p>\n<p id=\"geom_inter_1630548026915_90_29\" class=\"x_MsoNormal\" style=\"text-align: justify;\"><span id=\"geom_inter_1630548020912_65_18\" style=\"font-size: 14pt;\">\u201cLejos del triunfalismo que expres\u00f3 en su tercer informe de gobierno, hay que destacar que M\u00e9xico no est\u00e1 mejor actualmente, en contraste con lo que hemos vivido en gestiones presidenciales anteriores\u201d, afirm\u00f3 la presidenta del Comit\u00e9 Directivo Estatal del PRI en Sinaloa, Cinthia Valenzuela Langarica.<\/span><\/p>\n<p style=\"text-align: justify;\">&nbsp;<\/p>\n<p id=\"geom_inter_1630548028916_96_34\" class=\"x_MsoNormal\" style=\"text-align: justify;\"><span id=\"geom_inter_1630548026915_98_30\" style=\"font-size: 14pt;\">Tras destacar que \u201clos tres primeros a\u00f1os del gobierno de Morena, han sido los peores en los \u00faltimos 50 para M\u00e9xico, Cinthia Valenzuela, resalt\u00f3 que eso es lo que caracteriza el escenario al que llega el presidente Andr\u00e9s Manuel L\u00f3pez Obrador en su informe, ya que cre\u00f3 m\u00e1s problemas de los que hab\u00eda.<\/span><\/p>\n<p style=\"text-align: justify;\">&nbsp;<\/p>\n<p id=\"geom_inter_1630548028916_23_35\" class=\"x_MsoNormal\" style=\"text-align: justify;\"><span id=\"geom_inter_1630548028914_97_31\" style=\"font-size: 14pt;\">La dirigente estatal recalc\u00f3 que el combate a la corrupci\u00f3n, es una de las principales banderas electorales que sin duda impulsaron el triunfo de L\u00f3pez Obrador en 2018, y hoy no existe ninguna persona presa por corrupci\u00f3n, al contrario los tiene en su gabinete.<\/span><\/p>\n<p style=\"text-align: justify;\">&nbsp;<\/p>\n<p id=\"geom_inter_1630548028916_45_36\" class=\"x_MsoNormal\" style=\"text-align: justify;\"><span id=\"geom_inter_1630548028915_60_32\" style=\"font-size: 14pt;\">\u201cUn punto a favor pudiera decirse, son los apoyos sociales, pero quit\u00f3 unos por otros y promueve la opacidad al no ser claros en la&nbsp; entrega de cada uno de ellos\u201d, expres\u00f3 Cinthia Valenzuela.<\/span><\/p>\n<p style=\"text-align: justify;\">&nbsp;<\/p>\n<p id=\"geom_inter_1630548029910_82_38\" class=\"x_MsoNormal\" style=\"text-align: justify;\"><span id=\"geom_inter_1630548028915_13_33\" style=\"font-size: 14pt;\">\u201cHoy M\u00e9xico tiene 55.7 millones de personas en situaci\u00f3n de pobreza, en comparaci\u00f3n con los 51.9 millones que hab\u00eda antes de 2018, los resultados hablan por s\u00ed solos\u201d, puntualiz\u00f3 la presidenta del PRI.<\/span><\/p>\n<p style=\"text-align: justify;\">&nbsp;<\/p>\n<p style=\"text-align: justify;\">&nbsp;<\/p>\n<p style=\"text-align: justify;\"><span style=\"font-size: 14pt;\">REDACCI\u00d2N\/VISI\u00d2N CIUDADANA.<\/span><\/p>\n","protected":false},"excerpt":{"rendered":"<p>\u201cLejos del triunfalismo que expres\u00f3 en su tercer informe de gobierno, hay que destacar que M\u00e9xico no est\u00e1 mejor actualmente, en contraste con lo que hemos vivido en gestiones presidenciales anteriores\u201d, afirm\u00f3 la presidenta del Comit\u00e9 Directivo Estatal del PRI en Sinaloa, Cinthia Valenzuela Langarica. &nbsp; Tras destacar que \u201clos tres primeros a\u00f1os del gobierno [&hellip;]<\/p>\n","protected":false},"author":1,"featured_media":1574,"comment_status":"closed","ping_status":"closed","sticky":false,"template":"","format":"standard","meta":{"footnotes":""},"categories":[24],"tags":[],"ppma_author":[31],"class_list":["post-17494","post","type-post","status-publish","format-standard","has-post-thumbnail","hentry","category-relevantes"],"aioseo_notices":[],"authors":[{"term_id":31,"user_id":1,"is_guest":0,"slug":"ivan3vino","display_name":"Iv\u00e1n Trevi\u00f1o","avatar_url":{"url":"https:\/\/visionciudadana.com.mx\/oficial\/wp-content\/uploads\/2025\/09\/columna-ivan-Trevino.png","url2x":"https:\/\/visionciudadana.com.mx\/oficial\/wp-content\/uploads\/2025\/09\/columna-ivan-Trevino.png"},"0":null,"1":"","2":"","3":"","4":"","5":"","6":"","7":"","8":""}],"_links":{"self":[{"href":"https:\/\/visionciudadana.com.mx\/oficial\/wp-json\/wp\/v2\/posts\/17494","targetHints":{"allow":["GET"]}}],"collection":[{"href":"https:\/\/visionciudadana.com.mx\/oficial\/wp-json\/wp\/v2\/posts"}],"about":[{"href":"https:\/\/visionciudadana.com.mx\/oficial\/wp-json\/wp\/v2\/types\/post"}],"author":[{"embeddable":true,"href":"https:\/\/visionciudadana.com.mx\/oficial\/wp-json\/wp\/v2\/users\/1"}],"replies":[{"embeddable":true,"href":"https:\/\/visionciudadana.com.mx\/oficial\/wp-json\/wp\/v2\/comments?post=17494"}],"version-history":[{"count":1,"href":"https:\/\/visionciudadana.com.mx\/oficial\/wp-json\/wp\/v2\/posts\/17494\/revisions"}],"predecessor-version":[{"id":30679,"href":"https:\/\/visionciudadana.com.mx\/oficial\/wp-json\/wp\/v2\/posts\/17494\/revisions\/30679"}],"wp:featuredmedia":[{"embeddable":true,"href":"https:\/\/visionciudadana.com.mx\/oficial\/wp-json\/wp\/v2\/posts\/1574"}],"wp:attachment":[{"href":"https:\/\/visionciudadana.com.mx\/oficial\/wp-json\/wp\/v2\/media?parent=17494"}],"wp:term":[{"taxonomy":"category","embeddable":true,"href":"https:\/\/visionciudadana.com.mx\/oficial\/wp-json\/wp\/v2\/categories?post=17494"},{"taxonomy":"post_tag","embeddable":true,"href":"https:\/\/visionciudadana.com.mx\/oficial\/wp-json\/wp\/v2\/tags?post=17494"},{"taxonomy":"author","embeddable":true,"href":"https:\/\/visionciudadana.com.mx\/oficial\/wp-json\/wp\/v2\/ppma_author?post=17494"}],"curies":[{"name":"wp","href":"https:\/\/api.w.org\/{rel}","templated":true}]}}