{"id":17482,"date":"2021-08-26T22:43:29","date_gmt":"2021-08-26T22:43:29","guid":{"rendered":"https:\/\/visionciudadana.com.mx\/chio\/2021\/08\/26\/gobierno-de-culiacan-llama-a-comercios-a-tramitar-su-certificado-de-confianza\/"},"modified":"2025-06-24T23:31:27","modified_gmt":"2025-06-24T23:31:27","slug":"gobierno-de-culiacan-llama-a-comercios-a-tramitar-su-certificado-de-confianza","status":"publish","type":"post","link":"https:\/\/visionciudadana.com.mx\/oficial\/2021\/08\/26\/gobierno-de-culiacan-llama-a-comercios-a-tramitar-su-certificado-de-confianza\/","title":{"rendered":"Gobierno de Culiac\u00e1n llama a comercios a tramitar su Certificado de Confianza"},"content":{"rendered":"<p>&nbsp;<\/p>\n<p><img fetchpriority=\"high\" decoding=\"async\" src=\"images\/2021\/agosto21\/negocio.jpg\" alt=\"negocio\" width=\"720\" height=\"480\" style=\"display: block; margin: 20px auto;\" \/><\/p>\n<p class=\"x_MsoNormal\" style=\"text-align: justify;\"><span style=\"font-size: 14pt;\">La iniciativa impulsada por el Gobierno de Culiac\u00e1n para reforzar las medidas contra COVID-19 ha obtenido una respuesta favorable, tal es el caso del Certificado de Confianza que se sigue expidiendo para que los establecimientos de la ciudad protejan tanto a su personal como a sus clientes.<\/span><\/p>\n<p style=\"text-align: justify;\">&nbsp;<\/p>\n<p class=\"x_MsoNormal\" style=\"text-align: justify;\"><span style=\"font-size: 14pt;\">En este sentido, se sigue invitando a los propietarios de comercios, empresas y negocios de diversos giros a acercarse a la Coordinaci\u00f3n de Inspecci\u00f3n y Vigilancia del Municipio para adquirir su Certificado y generar un clima de confianza de este modo, al contar su planta laboral con su esquema completo de vacunaci\u00f3n contra el COVID-19.<\/span><\/p>\n<p style=\"text-align: justify;\">&nbsp;<\/p>\n<p class=\"x_MsoNormal\" style=\"text-align: justify;\"><span style=\"font-size: 14pt;\">Luis Alfonso Meza Espinoza, titular de dicha Coordinaci\u00f3n, inform\u00f3 que los requisitos son reunir los Certificados de Vacunaci\u00f3n e identificaciones de los empleados para cotejarlos y una vez que se cuente con la totalidad, presentarlos y se programar\u00e1 una visita al establecimiento para verificaci\u00f3n y posterior entrega del documento oficial.<\/span><\/p>\n<p style=\"text-align: justify;\">&nbsp;<\/p>\n<p class=\"x_MsoNormal\" style=\"text-align: justify;\"><span style=\"font-size: 14pt;\">Para mayor informaci\u00f3n tambi\u00e9n est\u00e1 disponible el n\u00famero 66 77 58 01 01 Ext. 1293 y 1422 y whatsapp 66 74 25 61 74.<\/span><\/p>\n<p style=\"text-align: justify;\">&nbsp;<\/p>\n<p style=\"text-align: justify;\">&nbsp;<\/p>\n<p style=\"text-align: justify;\"><span style=\"font-size: 14pt;\">REDACCI\u00d3N\/VISI\u00d3N CIUDADANA.<\/span><\/p>\n","protected":false},"excerpt":{"rendered":"<p>&nbsp; La iniciativa impulsada por el Gobierno de Culiac\u00e1n para reforzar las medidas contra COVID-19 ha obtenido una respuesta favorable, tal es el caso del Certificado de Confianza que se sigue expidiendo para que los establecimientos de la ciudad protejan tanto a su personal como a sus clientes. &nbsp; En este sentido, se sigue invitando [&hellip;]<\/p>\n","protected":false},"author":1,"featured_media":1561,"comment_status":"closed","ping_status":"closed","sticky":false,"template":"","format":"standard","meta":{"footnotes":""},"categories":[13],"tags":[],"ppma_author":[31],"class_list":["post-17482","post","type-post","status-publish","format-standard","has-post-thumbnail","hentry","category-locales"],"aioseo_notices":[],"authors":[{"term_id":31,"user_id":1,"is_guest":0,"slug":"ivan3vino","display_name":"Iv\u00e1n Trevi\u00f1o","avatar_url":{"url":"https:\/\/visionciudadana.com.mx\/oficial\/wp-content\/uploads\/2025\/09\/columna-ivan-Trevino.png","url2x":"https:\/\/visionciudadana.com.mx\/oficial\/wp-content\/uploads\/2025\/09\/columna-ivan-Trevino.png"},"0":null,"1":"","2":"","3":"","4":"","5":"","6":"","7":"","8":""}],"_links":{"self":[{"href":"https:\/\/visionciudadana.com.mx\/oficial\/wp-json\/wp\/v2\/posts\/17482","targetHints":{"allow":["GET"]}}],"collection":[{"href":"https:\/\/visionciudadana.com.mx\/oficial\/wp-json\/wp\/v2\/posts"}],"about":[{"href":"https:\/\/visionciudadana.com.mx\/oficial\/wp-json\/wp\/v2\/types\/post"}],"author":[{"embeddable":true,"href":"https:\/\/visionciudadana.com.mx\/oficial\/wp-json\/wp\/v2\/users\/1"}],"replies":[{"embeddable":true,"href":"https:\/\/visionciudadana.com.mx\/oficial\/wp-json\/wp\/v2\/comments?post=17482"}],"version-history":[{"count":1,"href":"https:\/\/visionciudadana.com.mx\/oficial\/wp-json\/wp\/v2\/posts\/17482\/revisions"}],"predecessor-version":[{"id":30680,"href":"https:\/\/visionciudadana.com.mx\/oficial\/wp-json\/wp\/v2\/posts\/17482\/revisions\/30680"}],"wp:featuredmedia":[{"embeddable":true,"href":"https:\/\/visionciudadana.com.mx\/oficial\/wp-json\/wp\/v2\/media\/1561"}],"wp:attachment":[{"href":"https:\/\/visionciudadana.com.mx\/oficial\/wp-json\/wp\/v2\/media?parent=17482"}],"wp:term":[{"taxonomy":"category","embeddable":true,"href":"https:\/\/visionciudadana.com.mx\/oficial\/wp-json\/wp\/v2\/categories?post=17482"},{"taxonomy":"post_tag","embeddable":true,"href":"https:\/\/visionciudadana.com.mx\/oficial\/wp-json\/wp\/v2\/tags?post=17482"},{"taxonomy":"author","embeddable":true,"href":"https:\/\/visionciudadana.com.mx\/oficial\/wp-json\/wp\/v2\/ppma_author?post=17482"}],"curies":[{"name":"wp","href":"https:\/\/api.w.org\/{rel}","templated":true}]}}