{"id":17481,"date":"2021-08-26T22:35:11","date_gmt":"2021-08-26T22:35:11","guid":{"rendered":"https:\/\/visionciudadana.com.mx\/chio\/2021\/08\/26\/encuentro-de-gobernadoras-diputadas-federales-y-locales-presidentas-municipales-y-alcaldesas-electas-en-2021\/"},"modified":"2025-06-24T23:31:27","modified_gmt":"2025-06-24T23:31:27","slug":"encuentro-de-gobernadoras-diputadas-federales-y-locales-presidentas-municipales-y-alcaldesas-electas-en-2021","status":"publish","type":"post","link":"https:\/\/visionciudadana.com.mx\/oficial\/2021\/08\/26\/encuentro-de-gobernadoras-diputadas-federales-y-locales-presidentas-municipales-y-alcaldesas-electas-en-2021\/","title":{"rendered":"Encuentro de gobernadoras, diputadas federales y locales, presidentas municipales y alcaldesas electas en 2021."},"content":{"rendered":"<p style=\"text-align: justify;\">&nbsp;<\/p>\n<p style=\"text-align: justify;\"><img fetchpriority=\"high\" decoding=\"async\" src=\"images\/2021\/agosto21\/cinthia.jpg\" alt=\"cinthia\" width=\"720\" height=\"480\" style=\"display: block; margin: 20px auto;\" \/><\/p>\n<p class=\"x_MsoNormal\" style=\"text-align: justify;\"><span style=\"font-size: 14pt;\">Al participar en el encuentro de gobernadoras, diputadas federales y locales, presidentas municipales y alcaldesas electas en 2021 organizado por el INMUJERES, Cinthia Valenzuela Langarica afirm\u00f3 que aqu\u00ed, se establecieron las bases para una vinculaci\u00f3n efectiva entre las mujeres electas, con la finalidad de construir redes de apoyo y colaboraci\u00f3n mutua, indispensables para el ejercicio de los cargos p\u00fablicos.<\/span><\/p>\n<p style=\"text-align: justify;\">&nbsp;<\/p>\n<p class=\"x_MsoNormal\" style=\"text-align: justify;\"><span style=\"font-size: 14pt;\">Esto, resalt\u00f3 la presidenta del PRI Sinaloa y diputada local electa, Cinthia Valenzuela, tiene la finalidad de construir una agenda com\u00fan de trabajo en materia de igualdad sustantiva entre mujeres y hombres, mediante un balance de las condiciones estructurales y legislativas, priorizando la importancia de establecer alianzas a nivel federal y estatal entre las tomadoras de decisiones que resultaron electas por la ciudadan\u00eda.<\/span><\/p>\n<p style=\"text-align: justify;\">&nbsp;<\/p>\n<p class=\"x_MsoNormal\" style=\"text-align: justify;\"><span style=\"font-size: 14pt;\">Acompa\u00f1ada de la tambi\u00e9n diputada local electa, Deysi Judith Ayala Valenzuela,&nbsp; Cinthia Valenzuela indic\u00f3 que este encuentro busca promover un cambio cultural que visibilice el destacado papel y las contribuciones de las mujeres en el \u00e1mbito p\u00fablico y pol\u00edtico, \u00abes otra de las metas que tendremos dentro del encuentro\u201d, a\u00f1adi\u00f3 la presidenta del Comit\u00e9 Directivo Estatal.<\/span><\/p>\n<p style=\"text-align: justify;\">&nbsp;<\/p>\n<p class=\"x_MsoNormal\" style=\"text-align: justify;\"><span style=\"font-size: 14pt;\">Dentro del programa, en el que hubo cuatro mesas de trabajo con mujeres electas, Valenzuela Langarica, a\u00f1adi\u00f3 que particip\u00f3 en la mesa 3, de diputadas locales, con la tem\u00e1tica de: agenda legislativa de g\u00e9nero, legislar con perspectiva de g\u00e9nero y planteamientos y retos al asumir el cargo.<\/span><\/p>\n<p style=\"text-align: justify;\">&nbsp;<\/p>\n<p style=\"text-align: justify;\">&nbsp;<\/p>\n<p style=\"text-align: justify;\"><span style=\"font-size: 14pt;\">REDACCI\u00d3N\/VISI\u00d3N CIUDADANA.<\/span><\/p>\n<div>&nbsp;<\/div>\n","protected":false},"excerpt":{"rendered":"<p>&nbsp; Al participar en el encuentro de gobernadoras, diputadas federales y locales, presidentas municipales y alcaldesas electas en 2021 organizado por el INMUJERES, Cinthia Valenzuela Langarica afirm\u00f3 que aqu\u00ed, se establecieron las bases para una vinculaci\u00f3n efectiva entre las mujeres electas, con la finalidad de construir redes de apoyo y colaboraci\u00f3n mutua, indispensables para el [&hellip;]<\/p>\n","protected":false},"author":1,"featured_media":1559,"comment_status":"closed","ping_status":"closed","sticky":false,"template":"","format":"standard","meta":{"footnotes":""},"categories":[13],"tags":[],"ppma_author":[31],"class_list":["post-17481","post","type-post","status-publish","format-standard","has-post-thumbnail","hentry","category-locales"],"aioseo_notices":[],"authors":[{"term_id":31,"user_id":1,"is_guest":0,"slug":"ivan3vino","display_name":"Iv\u00e1n Trevi\u00f1o","avatar_url":{"url":"https:\/\/visionciudadana.com.mx\/oficial\/wp-content\/uploads\/2025\/09\/columna-ivan-Trevino.png","url2x":"https:\/\/visionciudadana.com.mx\/oficial\/wp-content\/uploads\/2025\/09\/columna-ivan-Trevino.png"},"0":null,"1":"","2":"","3":"","4":"","5":"","6":"","7":"","8":""}],"_links":{"self":[{"href":"https:\/\/visionciudadana.com.mx\/oficial\/wp-json\/wp\/v2\/posts\/17481","targetHints":{"allow":["GET"]}}],"collection":[{"href":"https:\/\/visionciudadana.com.mx\/oficial\/wp-json\/wp\/v2\/posts"}],"about":[{"href":"https:\/\/visionciudadana.com.mx\/oficial\/wp-json\/wp\/v2\/types\/post"}],"author":[{"embeddable":true,"href":"https:\/\/visionciudadana.com.mx\/oficial\/wp-json\/wp\/v2\/users\/1"}],"replies":[{"embeddable":true,"href":"https:\/\/visionciudadana.com.mx\/oficial\/wp-json\/wp\/v2\/comments?post=17481"}],"version-history":[{"count":1,"href":"https:\/\/visionciudadana.com.mx\/oficial\/wp-json\/wp\/v2\/posts\/17481\/revisions"}],"predecessor-version":[{"id":30681,"href":"https:\/\/visionciudadana.com.mx\/oficial\/wp-json\/wp\/v2\/posts\/17481\/revisions\/30681"}],"wp:featuredmedia":[{"embeddable":true,"href":"https:\/\/visionciudadana.com.mx\/oficial\/wp-json\/wp\/v2\/media\/1559"}],"wp:attachment":[{"href":"https:\/\/visionciudadana.com.mx\/oficial\/wp-json\/wp\/v2\/media?parent=17481"}],"wp:term":[{"taxonomy":"category","embeddable":true,"href":"https:\/\/visionciudadana.com.mx\/oficial\/wp-json\/wp\/v2\/categories?post=17481"},{"taxonomy":"post_tag","embeddable":true,"href":"https:\/\/visionciudadana.com.mx\/oficial\/wp-json\/wp\/v2\/tags?post=17481"},{"taxonomy":"author","embeddable":true,"href":"https:\/\/visionciudadana.com.mx\/oficial\/wp-json\/wp\/v2\/ppma_author?post=17481"}],"curies":[{"name":"wp","href":"https:\/\/api.w.org\/{rel}","templated":true}]}}