{"id":17480,"date":"2021-08-26T22:29:29","date_gmt":"2021-08-26T22:29:29","guid":{"rendered":"https:\/\/visionciudadana.com.mx\/chio\/2021\/08\/26\/prision-de-dos-a-cuatro-anos-a-quienes-incurran-en-acoso-laboral-en-sinaloa-dip-magaly-inzunza\/"},"modified":"2025-06-24T23:31:27","modified_gmt":"2025-06-24T23:31:27","slug":"prision-de-dos-a-cuatro-anos-a-quienes-incurran-en-acoso-laboral-en-sinaloa-dip-magaly-inzunza","status":"publish","type":"post","link":"https:\/\/visionciudadana.com.mx\/oficial\/2021\/08\/26\/prision-de-dos-a-cuatro-anos-a-quienes-incurran-en-acoso-laboral-en-sinaloa-dip-magaly-inzunza\/","title":{"rendered":"Prisi\u00f3n de dos a cuatro a\u00f1os a quienes incurran en acoso laboral en Sinaloa: Dip. Magaly Inzunza"},"content":{"rendered":"<div dir=\"ltr\">\n<p><img fetchpriority=\"high\" decoding=\"async\" src=\"images\/2021\/agosto21\/acoso.jpg\" alt=\"acoso\" width=\"720\" height=\"480\" style=\"display: block; margin: 20px auto;\" \/><\/p>\n<p>&nbsp;<\/p>\n<p class=\"x_MsoNormal\" style=\"text-align: justify;\"><span style=\"font-size: 14pt;\">La legisladora pri\u00edsta, manifest\u00f3 que la sanci\u00f3n se impondr\u00e1 a quien en el entorno de trabajo, con independencia de la relaci\u00f3n jer\u00e1rquica, realice actos sistem\u00e1ticos y persistentes que atenten contra la salud, la integridad y la dignidad de las personas en sus lugares de trabajo.<\/span><\/p>\n<p style=\"text-align: justify;\">&nbsp;<\/p>\n<p class=\"x_MsoNormal\" style=\"text-align: justify;\"><span style=\"font-size: 14pt;\">Inzunza Valenzuela, destac\u00f3 que \u00e9sta y otras adecuaciones legales en Sinaloa impulsadas por la actual legislatura han permitido poner al d\u00eda gran parte del andamiaje jur\u00eddico, pol\u00edtico y administrativo, para responder con m\u00e1s eficiencia y calidad a los reclamos y exigencias de una convivencia plena, m\u00e1s respetuosa, civilizada y tolerante.<\/span><\/p>\n<p style=\"text-align: justify;\">&nbsp;<\/p>\n<p class=\"x_MsoNormal\" style=\"text-align: justify;\"><span style=\"font-size: 14pt;\">En su intervenci\u00f3n durante sesi\u00f3n extraordinaria virtual, la diputada aclar\u00f3 que el acoso laboral es una pr\u00e1ctica ejercida en el \u00e1mbito del trabajo que consiste en someter a un empleado a presi\u00f3n para provocar su marginaci\u00f3n, lo que deviene en una situaci\u00f3n de amparo e indefensi\u00f3n.<\/span><\/p>\n<p style=\"text-align: justify;\">&nbsp;<\/p>\n<p class=\"x_MsoNormal\" style=\"text-align: justify;\"><span style=\"font-size: 14pt;\">Durante su posicionamiento dijo que \u201cEvidentemente, no es un fen\u00f3meno nuevo. Acompa\u00f1a al mundo del trabajo desde las fases iniciales de las relaciones entre asalariados y entre asalariados y patrones, y en el mundo moderno se extiende a los m\u00e1s variados \u00e1mbitos de la econom\u00eda, la pol\u00edtica, la ciencia, la cultura, la educaci\u00f3n\u201d.<\/span><\/p>\n<p style=\"text-align: justify;\">&nbsp;<\/p>\n<p class=\"x_MsoNormal\" style=\"text-align: justify;\"><span style=\"font-size: 14pt;\">\u201cLo que ocurre es que gracias a una nueva sensibilidad colectiva se ha logrado dar visibilidad a estos fen\u00f3menos,limitando y estableciendo penas para quienes act\u00faen lesionando la integridad, la dignidad y los derechos humanos de las personas en el \u00e1mbito laboral\u201d.<\/span><\/p>\n<p style=\"text-align: justify;\">&nbsp;<\/p>\n<p class=\"x_MsoNormal\" style=\"text-align: justify;\"><span style=\"font-size: 14pt;\">La presidenta de la comisi\u00f3n de Asuntos Obreros, Trabajo y Previsi\u00f3n Social destac\u00f3 que estas reformas a las leyes, normas, disposiciones, reglamentos, documentos rectores, orientaciones y directrices permitir\u00e1n frenar y castigar el acoso laboral en todos los \u00e1mbitos, en los sectores p\u00fablico y privado, en la econom\u00eda formal e informal, en el mundo urbano y en el mundo rural.<\/span><\/p>\n<p style=\"text-align: justify;\">&nbsp;<\/p>\n<p class=\"x_MsoNormal\" style=\"text-align: justify;\"><span style=\"font-size: 14pt;\">Elva Margarita Inzunza, expres\u00f3 que \u201cNo hay duda de que ha sido la convergencia de esfuerzos y prop\u00f3sitos, lo que ha permitido que, en esta Legislatura, se hayan realizado reformas relevantes para la vida p\u00fablica y para la modernizaci\u00f3n y puesta al d\u00eda del conjunto de nuestras relaciones sociales\u201d.<\/span><\/p>\n<p style=\"text-align: justify;\">&nbsp;<\/p>\n<p class=\"x_MsoNormal\" style=\"text-align: justify;\"><span style=\"font-size: 14pt;\">\u201cEs necesaria para normar una convivencia m\u00e1s plena y sobre todo, para garantizar que la integridad y la dignidad de las personas que est\u00e1n en el mundo del trabajo, habr\u00e1n de ser plenamente respetados\u201d, manifest\u00f3 en su intervenci\u00f3n.<\/span><\/p>\n<div style=\"text-align: justify;\">&nbsp;<\/div>\n<div style=\"text-align: justify;\">&nbsp;<\/div>\n<div style=\"text-align: justify;\">&nbsp;<\/div>\n<div style=\"text-align: justify;\"><span style=\"font-size: 14pt;\">REDACCI\u00d3N\/VISI\u00d3N CIUDADANA.&nbsp;<\/span><\/div>\n<\/div>\n","protected":false},"excerpt":{"rendered":"<p>&nbsp; La legisladora pri\u00edsta, manifest\u00f3 que la sanci\u00f3n se impondr\u00e1 a quien en el entorno de trabajo, con independencia de la relaci\u00f3n jer\u00e1rquica, realice actos sistem\u00e1ticos y persistentes que atenten contra la salud, la integridad y la dignidad de las personas en sus lugares de trabajo. &nbsp; Inzunza Valenzuela, destac\u00f3 que \u00e9sta y otras adecuaciones [&hellip;]<\/p>\n","protected":false},"author":1,"featured_media":1557,"comment_status":"closed","ping_status":"closed","sticky":false,"template":"","format":"standard","meta":{"footnotes":""},"categories":[24],"tags":[],"ppma_author":[31],"class_list":["post-17480","post","type-post","status-publish","format-standard","has-post-thumbnail","hentry","category-relevantes"],"aioseo_notices":[],"authors":[{"term_id":31,"user_id":1,"is_guest":0,"slug":"ivan3vino","display_name":"Iv\u00e1n Trevi\u00f1o","avatar_url":{"url":"https:\/\/visionciudadana.com.mx\/oficial\/wp-content\/uploads\/2025\/09\/columna-ivan-Trevino.png","url2x":"https:\/\/visionciudadana.com.mx\/oficial\/wp-content\/uploads\/2025\/09\/columna-ivan-Trevino.png"},"0":null,"1":"","2":"","3":"","4":"","5":"","6":"","7":"","8":""}],"_links":{"self":[{"href":"https:\/\/visionciudadana.com.mx\/oficial\/wp-json\/wp\/v2\/posts\/17480","targetHints":{"allow":["GET"]}}],"collection":[{"href":"https:\/\/visionciudadana.com.mx\/oficial\/wp-json\/wp\/v2\/posts"}],"about":[{"href":"https:\/\/visionciudadana.com.mx\/oficial\/wp-json\/wp\/v2\/types\/post"}],"author":[{"embeddable":true,"href":"https:\/\/visionciudadana.com.mx\/oficial\/wp-json\/wp\/v2\/users\/1"}],"replies":[{"embeddable":true,"href":"https:\/\/visionciudadana.com.mx\/oficial\/wp-json\/wp\/v2\/comments?post=17480"}],"version-history":[{"count":1,"href":"https:\/\/visionciudadana.com.mx\/oficial\/wp-json\/wp\/v2\/posts\/17480\/revisions"}],"predecessor-version":[{"id":30682,"href":"https:\/\/visionciudadana.com.mx\/oficial\/wp-json\/wp\/v2\/posts\/17480\/revisions\/30682"}],"wp:featuredmedia":[{"embeddable":true,"href":"https:\/\/visionciudadana.com.mx\/oficial\/wp-json\/wp\/v2\/media\/1557"}],"wp:attachment":[{"href":"https:\/\/visionciudadana.com.mx\/oficial\/wp-json\/wp\/v2\/media?parent=17480"}],"wp:term":[{"taxonomy":"category","embeddable":true,"href":"https:\/\/visionciudadana.com.mx\/oficial\/wp-json\/wp\/v2\/categories?post=17480"},{"taxonomy":"post_tag","embeddable":true,"href":"https:\/\/visionciudadana.com.mx\/oficial\/wp-json\/wp\/v2\/tags?post=17480"},{"taxonomy":"author","embeddable":true,"href":"https:\/\/visionciudadana.com.mx\/oficial\/wp-json\/wp\/v2\/ppma_author?post=17480"}],"curies":[{"name":"wp","href":"https:\/\/api.w.org\/{rel}","templated":true}]}}