{"id":17478,"date":"2021-08-26T21:14:00","date_gmt":"2021-08-26T21:14:00","guid":{"rendered":"https:\/\/visionciudadana.com.mx\/chio\/2021\/08\/26\/elige-comision-a-juan-francisco-fierro-presidente-municipal-sustituto-de-ahome\/"},"modified":"2025-06-24T23:31:27","modified_gmt":"2025-06-24T23:31:27","slug":"elige-comision-a-juan-francisco-fierro-presidente-municipal-sustituto-de-ahome","status":"publish","type":"post","link":"https:\/\/visionciudadana.com.mx\/oficial\/2021\/08\/26\/elige-comision-a-juan-francisco-fierro-presidente-municipal-sustituto-de-ahome\/","title":{"rendered":"Elige Comisi\u00f3n a Juan Francisco Fierro Presidente Municipal Sustituto de Ahome"},"content":{"rendered":"<p><img fetchpriority=\"high\" decoding=\"async\" src=\"images\/2021\/agosto21\/elijen.jpg\" alt=\"elijen\" width=\"720\" height=\"480\" style=\"display: block; margin: 20px auto;\" \/><\/p>\n<p style=\"text-align: justify;\"><span style=\"font-size: 14pt;\">La Comisi\u00f3n de Puntos Constitucionales y Gobernaci\u00f3n del Congreso del Estado de Sinaloa eligi\u00f3 a Juan Francisco Fierro Gaxiola, Presidente Municipal Sustituto de Ahome. Fierro Gaxiola deber\u00e1 ejercer dicho cargo a partir de que rinda su toma de protesta ante esta Soberan\u00eda, hasta el d\u00eda que culmine el periodo del ejercicio constitucional de los actuales integrantes del Ayuntamiento de Ahome. <\/span><\/p>\n<p style=\"text-align: justify;\">&nbsp;<\/p>\n<p style=\"text-align: justify;\"><span style=\"font-size: 14pt;\">El dictamen fue aprobado de forma un\u00e1nime por los diputados y diputadas, Horacio Lora Oliva, Ana Cecilia Moreno Romero, \u00c9dgar Augusto Gonz\u00e1lez Zatarain, Graciela Dom\u00ednguez Nava y Flora Isela Miranda Leal, presidente, secretaria y vocales, respectivamente, de la Comisi\u00f3n. <\/span><\/p>\n<p style=\"text-align: justify;\">&nbsp;<\/p>\n<p style=\"text-align: justify;\"><span style=\"font-size: 14pt;\">A la Comisi\u00f3n le fue turnada para su estudio y an\u00e1lisis las constancias que integran el expediente formado en atenci\u00f3n a la falta absoluta que propicia una vacante de la titularidad de la Presidencia de Ahome. Vacante generada por la solicitud de separaci\u00f3n definitiva del cargo de Manuel Guillermo Chapman Moreno. <\/span><\/p>\n<p style=\"text-align: justify;\">&nbsp;<\/p>\n<p style=\"text-align: justify;\"><span style=\"font-size: 14pt;\">De acuerdo al dictamen aprobado, se elige a Fierro Gaxiola por tener acreditados los requisitos que establece la Constituci\u00f3n Pol\u00edtica del Estado de Sinaloa, as\u00ed como por su experiencia y responsabilidad. Se ha desempe\u00f1ado como Auxiliar Operativo en la Secretar\u00eda del Ayuntamiento de Ahome, Actuario Fiscal en los Servicios de Administraci\u00f3n Tributaria de la Administraci\u00f3n Local de Recaudaci\u00f3n de Los Mochis, Agente del Ministerio P\u00fablico de la Federaci\u00f3n en la desaparecida Procuradur\u00eda General de la Rep\u00fablica y como Secretario del Ayuntamiento del Municipio de Ahome. <\/span><\/p>\n<p style=\"text-align: justify;\">&nbsp;<\/p>\n<p style=\"text-align: justify;\"><span style=\"font-size: 14pt;\">En \u00e9l confluyen manifestaciones favorables, por lo que se le considera suficientemente capacitado para la conducci\u00f3n de las funciones de Presidente Municipal Sustituto del H. Ayuntamiento de Ahome, se expone en el dictamen aprobado.<\/span><\/p>\n<p style=\"text-align: justify;\">&nbsp;<\/p>\n<p style=\"text-align: justify;\">&nbsp;<\/p>\n<p style=\"text-align: justify;\"><span style=\"font-size: 14pt;\">REDACCI\u00d3N\/VISI\u00d3N CIUDADANA.<\/span><\/p>\n","protected":false},"excerpt":{"rendered":"<p>La Comisi\u00f3n de Puntos Constitucionales y Gobernaci\u00f3n del Congreso del Estado de Sinaloa eligi\u00f3 a Juan Francisco Fierro Gaxiola, Presidente Municipal Sustituto de Ahome. Fierro Gaxiola deber\u00e1 ejercer dicho cargo a partir de que rinda su toma de protesta ante esta Soberan\u00eda, hasta el d\u00eda que culmine el periodo del ejercicio constitucional de los actuales [&hellip;]<\/p>\n","protected":false},"author":1,"featured_media":1553,"comment_status":"closed","ping_status":"closed","sticky":false,"template":"","format":"standard","meta":{"footnotes":""},"categories":[13],"tags":[],"ppma_author":[31],"class_list":["post-17478","post","type-post","status-publish","format-standard","has-post-thumbnail","hentry","category-locales"],"aioseo_notices":[],"authors":[{"term_id":31,"user_id":1,"is_guest":0,"slug":"ivan3vino","display_name":"Iv\u00e1n Trevi\u00f1o","avatar_url":{"url":"https:\/\/visionciudadana.com.mx\/oficial\/wp-content\/uploads\/2025\/09\/columna-ivan-Trevino.png","url2x":"https:\/\/visionciudadana.com.mx\/oficial\/wp-content\/uploads\/2025\/09\/columna-ivan-Trevino.png"},"0":null,"1":"","2":"","3":"","4":"","5":"","6":"","7":"","8":""}],"_links":{"self":[{"href":"https:\/\/visionciudadana.com.mx\/oficial\/wp-json\/wp\/v2\/posts\/17478","targetHints":{"allow":["GET"]}}],"collection":[{"href":"https:\/\/visionciudadana.com.mx\/oficial\/wp-json\/wp\/v2\/posts"}],"about":[{"href":"https:\/\/visionciudadana.com.mx\/oficial\/wp-json\/wp\/v2\/types\/post"}],"author":[{"embeddable":true,"href":"https:\/\/visionciudadana.com.mx\/oficial\/wp-json\/wp\/v2\/users\/1"}],"replies":[{"embeddable":true,"href":"https:\/\/visionciudadana.com.mx\/oficial\/wp-json\/wp\/v2\/comments?post=17478"}],"version-history":[{"count":1,"href":"https:\/\/visionciudadana.com.mx\/oficial\/wp-json\/wp\/v2\/posts\/17478\/revisions"}],"predecessor-version":[{"id":30684,"href":"https:\/\/visionciudadana.com.mx\/oficial\/wp-json\/wp\/v2\/posts\/17478\/revisions\/30684"}],"wp:featuredmedia":[{"embeddable":true,"href":"https:\/\/visionciudadana.com.mx\/oficial\/wp-json\/wp\/v2\/media\/1553"}],"wp:attachment":[{"href":"https:\/\/visionciudadana.com.mx\/oficial\/wp-json\/wp\/v2\/media?parent=17478"}],"wp:term":[{"taxonomy":"category","embeddable":true,"href":"https:\/\/visionciudadana.com.mx\/oficial\/wp-json\/wp\/v2\/categories?post=17478"},{"taxonomy":"post_tag","embeddable":true,"href":"https:\/\/visionciudadana.com.mx\/oficial\/wp-json\/wp\/v2\/tags?post=17478"},{"taxonomy":"author","embeddable":true,"href":"https:\/\/visionciudadana.com.mx\/oficial\/wp-json\/wp\/v2\/ppma_author?post=17478"}],"curies":[{"name":"wp","href":"https:\/\/api.w.org\/{rel}","templated":true}]}}