{"id":17477,"date":"2021-08-26T21:10:30","date_gmt":"2021-08-26T21:10:30","guid":{"rendered":"https:\/\/visionciudadana.com.mx\/chio\/2021\/08\/26\/ofrece-el-centro-de-estudio-de-idiomas-el-curso-de-preparacion-toefl-2021\/"},"modified":"2025-06-24T23:31:27","modified_gmt":"2025-06-24T23:31:27","slug":"ofrece-el-centro-de-estudio-de-idiomas-el-curso-de-preparacion-toefl-2021","status":"publish","type":"post","link":"https:\/\/visionciudadana.com.mx\/oficial\/2021\/08\/26\/ofrece-el-centro-de-estudio-de-idiomas-el-curso-de-preparacion-toefl-2021\/","title":{"rendered":"Ofrece el Centro de Estudio de Idiomas el curso de preparaci\u00f3n TOEFL 2021"},"content":{"rendered":"<p class=\"x_MsoNormal\" style=\"text-align: justify;\" align=\"center\"><span style=\"font-size: 14pt;\"><b><span lang=\"ES\"><\/span><\/b><\/span><\/p>\n<p class=\"x_MsoNormal\" style=\"text-align: justify;\" align=\"center\"><span style=\"font-size: 14pt;\"><b><span lang=\"ES\"><img fetchpriority=\"high\" decoding=\"async\" src=\"images\/2021\/agosto21\/invitan.jpg\" alt=\"invitan\" width=\"720\" height=\"480\" style=\"display: block; margin: 20px auto;\" \/>&nbsp;<\/span><\/b><\/span><\/p>\n<p class=\"x_MsoNormal\" style=\"text-align: justify;\"><span lang=\"ES\" style=\"font-size: 14pt;\">La Universidad Aut\u00f3noma de Sinaloa (UAS) a trav\u00e9s del Centro de Estudio de Idiomas, invita a todos los interesados en obtener un certificado TOEFL ITP, a inscribirse al&nbsp;<i>Curso de Preparaci\u00f3n TOEFL<\/i>&nbsp;que ofertar\u00e1 la instituci\u00f3n del 20 de septiembre al 8 de octubre del presente a\u00f1o.<\/span><\/p>\n<p class=\"x_MsoNormal\" style=\"text-align: justify;\"><span lang=\"ES\" style=\"font-size: 14pt;\"><\/span><\/p>\n<p class=\"x_MsoNormal\" style=\"text-align: justify;\"><span lang=\"ES\" style=\"font-size: 14pt;\">Dicho curso ser\u00e1 impartido cien por ciento en l\u00ednea contemplando 40 horas de trabajo individual, e incluye libro digital, examen y certificado TOEFL ITP digital al terminar.<\/span><\/p>\n<p class=\"x_MsoNormal\" style=\"text-align: justify;\"><span lang=\"ES\" style=\"font-size: 14pt;\"><\/span><\/p>\n<p class=\"x_MsoNormal\" style=\"text-align: justify;\"><span lang=\"ES\" style=\"font-size: 14pt;\">\u201cEste es un curso donde la edad m\u00ednima es de 16 a\u00f1os por ser de especializaci\u00f3n, y est\u00e1 dirigido para las personas que est\u00e1n estudiando un posgrado y que, eventualmente, van a necesitar tener su documento listo para presentarlo y graduarse de una especialidad, una maestr\u00eda o un doctorado\u201d, explic\u00f3 el doctor Rigoberto Rodr\u00edguez Garc\u00eda, director del CEI unidad Culiac\u00e1n.<\/span><\/p>\n<p class=\"x_MsoNormal\" style=\"text-align: justify;\"><span lang=\"ES\" style=\"font-size: 14pt;\"><\/span><\/p>\n<p class=\"x_MsoNormal\" style=\"text-align: justify;\"><span lang=\"ES\" style=\"font-size: 14pt;\">El costo de recuperaci\u00f3n es de 3 mil 600 pesos, con cupo limitado a veinte personas solamente.<\/span><\/p>\n<p class=\"x_MsoNormal\" style=\"text-align: justify;\"><span lang=\"ES\" style=\"font-size: 14pt;\"><\/span><\/p>\n<p class=\"x_MsoNormal\" style=\"text-align: justify;\"><span style=\"font-size: 14pt;\"><span lang=\"ES\">Los interesados en tomar este curso de preparaci\u00f3n deben contar con un nivel de ingl\u00e9s intermedio, adem\u00e1s de solicitar el recibo de pago al correo electr\u00f3nico&nbsp;<\/span><span lang=\"EN-US\"><a href=\"mailto:certificaciones.ceicln@uas.edu.mx\" target=\"_blank\" rel=\"noopener noreferrer\" data-auth=\"NotApplicable\" data-linkindex=\"0\"><\/a><a href=\"mailto:certificaciones.ceicln@uas.edu.mx\">certificaciones.ceicln@uas.edu.mx<\/a><\/span><span lang=\"ES\">; pagarlo; escanearlo una vez realizado el pago y enviarlo al mismo correo antes del 10 de septiembre junto con una identificaci\u00f3n oficial.<\/span><\/span><\/p>\n<p class=\"x_MsoNormal\" style=\"text-align: justify;\"><span lang=\"ES\" style=\"font-size: 14pt;\"><\/span><\/p>\n<p class=\"x_MsoNormal\" style=\"text-align: justify;\"><span lang=\"ES\" style=\"font-size: 14pt;\">El horario de clases est\u00e1 programado de lunes a viernes de 7:00 a 9:00 horas.<\/span><\/p>\n<p class=\"x_MsoNormal\" style=\"text-align: justify;\"><span lang=\"ES\" style=\"font-size: 14pt;\"><\/span><\/p>\n<p class=\"x_MsoNormal\" style=\"text-align: justify;\"><span lang=\"ES\" style=\"font-size: 14pt;\">\u201cNuestros maestros est\u00e1n certificados por la Universidad de Cambridge por su alto dominio del idioma ingl\u00e9s, y esto permite garantizar que todos los j\u00f3venes que tomen este curso de preparaci\u00f3n TOEFL logren una mejor\u00eda de hasta cien puntos en su examen\u201d, destac\u00f3.<\/span><\/p>\n<p class=\"x_MsoNormal\" style=\"text-align: justify;\"><span lang=\"ES\" style=\"font-size: 14pt;\"><\/span><\/p>\n<p class=\"x_MsoNormal\" style=\"text-align: justify;\"><span lang=\"ES\" style=\"font-size: 14pt;\">Asimismo, Rodr\u00edguez Garc\u00eda invit\u00f3 a la comunidad sinaloense a estudiar una segunda o tercera lengua en alguno de los programas que oferta esta unidad acad\u00e9mica, ya que el mundo actual as\u00ed lo exige.<\/span><\/p>\n<p class=\"x_MsoNormal\" style=\"text-align: justify;\"><span lang=\"ES\" style=\"font-size: 14pt;\"><\/span><\/p>\n<p class=\"x_MsoNormal\" style=\"text-align: justify;\"><span lang=\"ES\" style=\"font-size: 14pt;\">\u201cAhorita es un momento muy especial para que, a pesar de la pandemia, seguir aprendiendo sobre todo que la UAS ha entrado en una modalidad de ense\u00f1anza mixta, la cual nos permite tomar clases de una mejor manera\u201d, concluy\u00f3.<\/span><\/p>\n<p style=\"text-align: justify;\">&nbsp;<\/p>\n<p style=\"text-align: justify;\">&nbsp;<\/p>\n<p class=\"x_MsoNormal\" style=\"text-align: justify;\"><span lang=\"ES\" style=\"font-size: 14pt;\">REDACCI\u00d3N\/VISI\u00d3N CIUDADANA.&nbsp;<\/span><\/p>\n","protected":false},"excerpt":{"rendered":"<p>&nbsp; La Universidad Aut\u00f3noma de Sinaloa (UAS) a trav\u00e9s del Centro de Estudio de Idiomas, invita a todos los interesados en obtener un certificado TOEFL ITP, a inscribirse al&nbsp;Curso de Preparaci\u00f3n TOEFL&nbsp;que ofertar\u00e1 la instituci\u00f3n del 20 de septiembre al 8 de octubre del presente a\u00f1o. Dicho curso ser\u00e1 impartido cien por ciento en l\u00ednea [&hellip;]<\/p>\n","protected":false},"author":1,"featured_media":1551,"comment_status":"closed","ping_status":"closed","sticky":false,"template":"","format":"standard","meta":{"footnotes":""},"categories":[24],"tags":[],"ppma_author":[31],"class_list":["post-17477","post","type-post","status-publish","format-standard","has-post-thumbnail","hentry","category-relevantes"],"aioseo_notices":[],"authors":[{"term_id":31,"user_id":1,"is_guest":0,"slug":"ivan3vino","display_name":"Iv\u00e1n Trevi\u00f1o","avatar_url":{"url":"https:\/\/visionciudadana.com.mx\/oficial\/wp-content\/uploads\/2025\/09\/columna-ivan-Trevino.png","url2x":"https:\/\/visionciudadana.com.mx\/oficial\/wp-content\/uploads\/2025\/09\/columna-ivan-Trevino.png"},"0":null,"1":"","2":"","3":"","4":"","5":"","6":"","7":"","8":""}],"_links":{"self":[{"href":"https:\/\/visionciudadana.com.mx\/oficial\/wp-json\/wp\/v2\/posts\/17477","targetHints":{"allow":["GET"]}}],"collection":[{"href":"https:\/\/visionciudadana.com.mx\/oficial\/wp-json\/wp\/v2\/posts"}],"about":[{"href":"https:\/\/visionciudadana.com.mx\/oficial\/wp-json\/wp\/v2\/types\/post"}],"author":[{"embeddable":true,"href":"https:\/\/visionciudadana.com.mx\/oficial\/wp-json\/wp\/v2\/users\/1"}],"replies":[{"embeddable":true,"href":"https:\/\/visionciudadana.com.mx\/oficial\/wp-json\/wp\/v2\/comments?post=17477"}],"version-history":[{"count":1,"href":"https:\/\/visionciudadana.com.mx\/oficial\/wp-json\/wp\/v2\/posts\/17477\/revisions"}],"predecessor-version":[{"id":30685,"href":"https:\/\/visionciudadana.com.mx\/oficial\/wp-json\/wp\/v2\/posts\/17477\/revisions\/30685"}],"wp:featuredmedia":[{"embeddable":true,"href":"https:\/\/visionciudadana.com.mx\/oficial\/wp-json\/wp\/v2\/media\/1551"}],"wp:attachment":[{"href":"https:\/\/visionciudadana.com.mx\/oficial\/wp-json\/wp\/v2\/media?parent=17477"}],"wp:term":[{"taxonomy":"category","embeddable":true,"href":"https:\/\/visionciudadana.com.mx\/oficial\/wp-json\/wp\/v2\/categories?post=17477"},{"taxonomy":"post_tag","embeddable":true,"href":"https:\/\/visionciudadana.com.mx\/oficial\/wp-json\/wp\/v2\/tags?post=17477"},{"taxonomy":"author","embeddable":true,"href":"https:\/\/visionciudadana.com.mx\/oficial\/wp-json\/wp\/v2\/ppma_author?post=17477"}],"curies":[{"name":"wp","href":"https:\/\/api.w.org\/{rel}","templated":true}]}}