{"id":17476,"date":"2021-08-26T21:06:50","date_gmt":"2021-08-26T21:06:50","guid":{"rendered":"https:\/\/visionciudadana.com.mx\/chio\/2021\/08\/26\/sinaloa-registra-uno-de-los-anos-con-menos-casos-de-dengue-y-cero-muertes-por-este-padecimiento\/"},"modified":"2025-06-24T23:31:27","modified_gmt":"2025-06-24T23:31:27","slug":"sinaloa-registra-uno-de-los-anos-con-menos-casos-de-dengue-y-cero-muertes-por-este-padecimiento","status":"publish","type":"post","link":"https:\/\/visionciudadana.com.mx\/oficial\/2021\/08\/26\/sinaloa-registra-uno-de-los-anos-con-menos-casos-de-dengue-y-cero-muertes-por-este-padecimiento\/","title":{"rendered":"Sinaloa registra uno de los a\u00f1os con menos casos de dengue y cero muertes por este padecimiento"},"content":{"rendered":"<p class=\"x_MsoNormal\" align=\"center\"><b><img fetchpriority=\"high\" decoding=\"async\" src=\"images\/2021\/agosto21\/docs_mun\u0303oz.jpg\" alt=\"docs mun\u0303oz\" width=\"720\" height=\"480\" style=\"display: block; margin-left: auto; margin-right: auto;\" \/>&nbsp;<\/b><\/p>\n<p class=\"x_MsoNormal\" style=\"text-align: justify;\" align=\"center\"><span style=\"font-size: 14pt;\">En el D\u00eda Internacional contra el Dengue a celebrarse cada 26 de agosto en todo el mundo, Sinaloa registra uno de los a\u00f1os con menor n\u00famero de casos, esto gracias a la concientizaci\u00f3n que ha tenido la sociedad sobre medidas de prevenci\u00f3n y el reforzamiento de las acciones para la eliminaci\u00f3n de criaderos que de manera muy puntual realiza personal de vectores, inform\u00f3 el Dr. Cristhian Aldo Mu\u00f1oz Madrid, Director de Prevenci\u00f3n y Promoci\u00f3n de la Salud.<\/span><\/p>\n<p style=\"text-align: justify;\">&nbsp;<\/p>\n<p class=\"x_MsoNormal\" style=\"text-align: justify;\"><span style=\"font-size: 14pt;\">Asimismo, agreg\u00f3 que, con 38 casos confirmados en comparaci\u00f3n de 85 casos registrados a la misma fecha en el 2020, se refleja el gran trabajo que se ha realizado desde el d\u00eda uno en este 2021, con acciones como; con vigilancia, eliminaci\u00f3n de criaderos y fumigaciones focalizadas en las \u00e1reas donde se tienen casos positivos de dengue.<\/span><\/p>\n<p style=\"text-align: justify;\">&nbsp;<\/p>\n<p class=\"x_MsoNormal\" style=\"text-align: justify;\"><span style=\"font-size: 14pt;\">\u201cEs importante mantener limpias nuestras casas con buena ventilaci\u00f3n, adem\u00e1s de buena entrada de luz para que vaya eliminando todas las zonas donde se pueda criar el mosquito, lo m\u00e1s importante aqu\u00ed es que hemos trabajado arduamente desde el inicio de este a\u00f1o en el cual hemos tenido al menos al d\u00eda de hoy 38 casos positivos de dengue, cero casos de Zika y cero de Chikungunya, siendo uno de los a\u00f1os con menos casos activos y sobre todo que no hemos tenido ning\u00fan solo fallecimiento por dengue grave\u201d, manifest\u00f3.Los principales municipios con mayor n\u00famero de casos son; Culiac\u00e1n 11, Mazatl\u00e1n 8, Badiraguato 5 y Salvador Alvarado 4, mientras que los de menor n\u00famero de casos son; Escuinapa 2, Angostura 2, Ahome 2, Sinaloa 1, Navolato 1, Elota 1 y Concordia 1.<\/span><\/p>\n<p style=\"text-align: justify;\">&nbsp;<\/p>\n<p class=\"x_MsoNormal\" style=\"text-align: justify;\"><span style=\"font-size: 14pt;\">Cabe resaltar que, en caso de manifestar alg\u00fan s\u00edntoma como dolor en; abdomen, articulaciones, espalda, huesos, m\u00fasculos o parte posterior de los ojos, adem\u00e1s de tener escalofr\u00edos, fatiga, fiebre o p\u00e9rdida de apetito, nauseas o v\u00f3mitos, erupciones en la piel o manchas rojas y dolor de cabeza, puede tratarse de dengue, en estos casos se recomienda acudir a su Centro de Salud m\u00e1s cercano para ser atendido de manera oportuna.<\/span><\/p>\n<p style=\"text-align: justify;\">&nbsp;<\/p>\n<p style=\"text-align: justify;\">&nbsp;<\/p>\n<p style=\"text-align: justify;\"><span style=\"font-size: 14pt;\">REDACCI\u00d2N\/VISI\u00d3N CIUDADNA.<\/span><\/p>\n","protected":false},"excerpt":{"rendered":"<p>&nbsp; En el D\u00eda Internacional contra el Dengue a celebrarse cada 26 de agosto en todo el mundo, Sinaloa registra uno de los a\u00f1os con menor n\u00famero de casos, esto gracias a la concientizaci\u00f3n que ha tenido la sociedad sobre medidas de prevenci\u00f3n y el reforzamiento de las acciones para la eliminaci\u00f3n de criaderos que [&hellip;]<\/p>\n","protected":false},"author":1,"featured_media":1549,"comment_status":"closed","ping_status":"closed","sticky":false,"template":"","format":"standard","meta":{"footnotes":""},"categories":[24],"tags":[],"ppma_author":[31],"class_list":["post-17476","post","type-post","status-publish","format-standard","has-post-thumbnail","hentry","category-relevantes"],"aioseo_notices":[],"authors":[{"term_id":31,"user_id":1,"is_guest":0,"slug":"ivan3vino","display_name":"Iv\u00e1n Trevi\u00f1o","avatar_url":{"url":"https:\/\/visionciudadana.com.mx\/oficial\/wp-content\/uploads\/2025\/09\/columna-ivan-Trevino.png","url2x":"https:\/\/visionciudadana.com.mx\/oficial\/wp-content\/uploads\/2025\/09\/columna-ivan-Trevino.png"},"0":null,"1":"","2":"","3":"","4":"","5":"","6":"","7":"","8":""}],"_links":{"self":[{"href":"https:\/\/visionciudadana.com.mx\/oficial\/wp-json\/wp\/v2\/posts\/17476","targetHints":{"allow":["GET"]}}],"collection":[{"href":"https:\/\/visionciudadana.com.mx\/oficial\/wp-json\/wp\/v2\/posts"}],"about":[{"href":"https:\/\/visionciudadana.com.mx\/oficial\/wp-json\/wp\/v2\/types\/post"}],"author":[{"embeddable":true,"href":"https:\/\/visionciudadana.com.mx\/oficial\/wp-json\/wp\/v2\/users\/1"}],"replies":[{"embeddable":true,"href":"https:\/\/visionciudadana.com.mx\/oficial\/wp-json\/wp\/v2\/comments?post=17476"}],"version-history":[{"count":1,"href":"https:\/\/visionciudadana.com.mx\/oficial\/wp-json\/wp\/v2\/posts\/17476\/revisions"}],"predecessor-version":[{"id":30686,"href":"https:\/\/visionciudadana.com.mx\/oficial\/wp-json\/wp\/v2\/posts\/17476\/revisions\/30686"}],"wp:featuredmedia":[{"embeddable":true,"href":"https:\/\/visionciudadana.com.mx\/oficial\/wp-json\/wp\/v2\/posts\/1549"}],"wp:attachment":[{"href":"https:\/\/visionciudadana.com.mx\/oficial\/wp-json\/wp\/v2\/media?parent=17476"}],"wp:term":[{"taxonomy":"category","embeddable":true,"href":"https:\/\/visionciudadana.com.mx\/oficial\/wp-json\/wp\/v2\/categories?post=17476"},{"taxonomy":"post_tag","embeddable":true,"href":"https:\/\/visionciudadana.com.mx\/oficial\/wp-json\/wp\/v2\/tags?post=17476"},{"taxonomy":"author","embeddable":true,"href":"https:\/\/visionciudadana.com.mx\/oficial\/wp-json\/wp\/v2\/ppma_author?post=17476"}],"curies":[{"name":"wp","href":"https:\/\/api.w.org\/{rel}","templated":true}]}}