{"id":17475,"date":"2021-08-26T21:00:53","date_gmt":"2021-08-26T21:00:53","guid":{"rendered":"https:\/\/visionciudadana.com.mx\/chio\/2021\/08\/26\/funcionarios-del-pas-apoyaran-decididamente-la-gestion-del-dr-ruben-rocha-moya\/"},"modified":"2025-06-24T23:31:27","modified_gmt":"2025-06-24T23:31:27","slug":"funcionarios-del-pas-apoyaran-decididamente-la-gestion-del-dr-ruben-rocha-moya","status":"publish","type":"post","link":"https:\/\/visionciudadana.com.mx\/oficial\/2021\/08\/26\/funcionarios-del-pas-apoyaran-decididamente-la-gestion-del-dr-ruben-rocha-moya\/","title":{"rendered":"Funcionarios del PAS apoyar\u00e1n decididamente la gesti\u00f3n del Dr. Rub\u00e9n Rocha Moya."},"content":{"rendered":"<div style=\"text-align: justify;\"><img fetchpriority=\"high\" decoding=\"async\" src=\"images\/2021\/agosto21\/cuens.jpg\" alt=\"cuens\" width=\"720\" height=\"480\" style=\"display: block; margin: 20px auto;\" \/><br \/><span style=\"font-size: 14pt;\"><\/span><\/div>\n<div style=\"text-align: justify;\"><span style=\"font-size: 14pt;\">En el Partido Sinaloense nos sentimos muy orgullosos de tener a la diputada m\u00e1s productiva de todo el Congreso de Sinaloa en la persona de la diputada Ang\u00e9lica D\u00edaz Qui\u00f1onez, que present\u00f3 342 iniciativas m\u00e1s 220 intervenciones en tribuna y toda la gesti\u00f3n realizada, pues ahora con 8 diputados, 6 presidentes municipales, 5 s\u00edndicos procuradores y&nbsp; 33 regidores, vemos una gran oportunidad de trascender en beneficio de los ciudadanos, por eso estamos emocionados porque vamos a cogobernar junto al Dr. Rub\u00e9n Rocha Moya, afirm\u00f3 H\u00e9ctor Melesio Cu\u00e9n Ojeda.<\/span><\/div>\n<div style=\"text-align: justify;\">\n<p><span style=\"font-size: 14pt;\">Nuestros funcionarios, que tendr\u00e1n presencia en todos Ayuntamientos, estar\u00e1n muy pendientes que se aplique correctamente los recursos financieros y que exista una verdadera transparencia para acabar con la corrupci\u00f3n.<\/span><\/div>\n<div style=\"text-align: justify;\">\n<p><span style=\"font-size: 14pt;\">\u201cEn las administraciones que vamos encabezar seremos incluyentes, vamos hacer equipo con miembros de Morena, ya estamos en pl\u00e1ticas con ellos, por eso, hago un llamado a algunos presidentes municipales electos&nbsp; para que no sean soberbios, no quieren atender a la gente, no entienden que el Partido Sinaloense hizo un convenio con Morena para incluir en el gobierno a ambos militantes, tener un gobierno de coalici\u00f3n, nosotros vamos a poyar al Dr. Rub\u00e9n Rocha Moya con todo para que sea el mejor gobernador de la historia de nuestro Estado\u201d, destac\u00f3 H\u00e9ctor Melesio Cu\u00e9n Ojeda.<\/span><\/div>\n<div style=\"text-align: justify;\">\n<p><span style=\"font-size: 14pt;\">Sabemos que estamos viviendo momentos dif\u00edciles por la estrategia sanitaria y el problema de la econom\u00eda, pero se puede trascender si aplicamos una planeaci\u00f3n estrat\u00e9gica, inclusi\u00f3n y mucha inteligencia.<\/span><\/div>\n<div style=\"text-align: justify;\">\n<p><span style=\"font-size: 14pt;\">\u201cCon el Dr. Rub\u00e9n Rocha Moya ya hemos platicado para incluir a pasistas en la estructura del gobierno del estado, reconozco que el gobernador electo esta manejando las cosas con humildad, hay una comunicaci\u00f3n plena y estamos en la mejor disposici\u00f3n de colaborar, independientemente de el n\u00famero de militantes del PAS que colaboren en su administraci\u00f3n lo vamos a acompa\u00f1ar en este gran proyecto y apoyar en todas las decisiones que tome para responder a los ciudadanos de todo Sinaloa, no vamos a dejar esta gran oportunidad que tenemos, sabemos que el reto es demasiado grande pero tenemos la capacidad y el conocimiento para sacarlo adelante\u201d, sostuvo H\u00e9ctor Melesio Cu\u00e9n Ojeda.<\/span><\/div>\n<div style=\"text-align: justify;\">&nbsp;<\/div>\n<div style=\"text-align: justify;\">&nbsp;<\/div>\n<div style=\"text-align: justify;\">&nbsp;<\/div>\n<div style=\"text-align: justify;\"><span style=\"font-size: 14pt;\">REDACCI\u00d3N\/VISI\u00d3N CIUDADANA.<\/span><\/div>\n","protected":false},"excerpt":{"rendered":"<p>En el Partido Sinaloense nos sentimos muy orgullosos de tener a la diputada m\u00e1s productiva de todo el Congreso de Sinaloa en la persona de la diputada Ang\u00e9lica D\u00edaz Qui\u00f1onez, que present\u00f3 342 iniciativas m\u00e1s 220 intervenciones en tribuna y toda la gesti\u00f3n realizada, pues ahora con 8 diputados, 6 presidentes municipales, 5 s\u00edndicos procuradores [&hellip;]<\/p>\n","protected":false},"author":1,"featured_media":1547,"comment_status":"closed","ping_status":"closed","sticky":false,"template":"","format":"standard","meta":{"footnotes":""},"categories":[24],"tags":[],"ppma_author":[31],"class_list":["post-17475","post","type-post","status-publish","format-standard","has-post-thumbnail","hentry","category-relevantes"],"aioseo_notices":[],"authors":[{"term_id":31,"user_id":1,"is_guest":0,"slug":"ivan3vino","display_name":"Iv\u00e1n Trevi\u00f1o","avatar_url":{"url":"https:\/\/visionciudadana.com.mx\/oficial\/wp-content\/uploads\/2025\/09\/columna-ivan-Trevino.png","url2x":"https:\/\/visionciudadana.com.mx\/oficial\/wp-content\/uploads\/2025\/09\/columna-ivan-Trevino.png"},"0":null,"1":"","2":"","3":"","4":"","5":"","6":"","7":"","8":""}],"_links":{"self":[{"href":"https:\/\/visionciudadana.com.mx\/oficial\/wp-json\/wp\/v2\/posts\/17475","targetHints":{"allow":["GET"]}}],"collection":[{"href":"https:\/\/visionciudadana.com.mx\/oficial\/wp-json\/wp\/v2\/posts"}],"about":[{"href":"https:\/\/visionciudadana.com.mx\/oficial\/wp-json\/wp\/v2\/types\/post"}],"author":[{"embeddable":true,"href":"https:\/\/visionciudadana.com.mx\/oficial\/wp-json\/wp\/v2\/users\/1"}],"replies":[{"embeddable":true,"href":"https:\/\/visionciudadana.com.mx\/oficial\/wp-json\/wp\/v2\/comments?post=17475"}],"version-history":[{"count":1,"href":"https:\/\/visionciudadana.com.mx\/oficial\/wp-json\/wp\/v2\/posts\/17475\/revisions"}],"predecessor-version":[{"id":30687,"href":"https:\/\/visionciudadana.com.mx\/oficial\/wp-json\/wp\/v2\/posts\/17475\/revisions\/30687"}],"wp:featuredmedia":[{"embeddable":true,"href":"https:\/\/visionciudadana.com.mx\/oficial\/wp-json\/wp\/v2\/posts\/1547"}],"wp:attachment":[{"href":"https:\/\/visionciudadana.com.mx\/oficial\/wp-json\/wp\/v2\/media?parent=17475"}],"wp:term":[{"taxonomy":"category","embeddable":true,"href":"https:\/\/visionciudadana.com.mx\/oficial\/wp-json\/wp\/v2\/categories?post=17475"},{"taxonomy":"post_tag","embeddable":true,"href":"https:\/\/visionciudadana.com.mx\/oficial\/wp-json\/wp\/v2\/tags?post=17475"},{"taxonomy":"author","embeddable":true,"href":"https:\/\/visionciudadana.com.mx\/oficial\/wp-json\/wp\/v2\/ppma_author?post=17475"}],"curies":[{"name":"wp","href":"https:\/\/api.w.org\/{rel}","templated":true}]}}