{"id":17474,"date":"2021-08-26T20:53:39","date_gmt":"2021-08-26T20:53:39","guid":{"rendered":"https:\/\/visionciudadana.com.mx\/chio\/2021\/08\/26\/buscas-trabajo-manana-la-feria-virtual-de-empleo-para-jovenes-en-la-zona-sur\/"},"modified":"2025-06-24T23:31:28","modified_gmt":"2025-06-24T23:31:28","slug":"buscas-trabajo-manana-la-feria-virtual-de-empleo-para-jovenes-en-la-zona-sur","status":"publish","type":"post","link":"https:\/\/visionciudadana.com.mx\/oficial\/2021\/08\/26\/buscas-trabajo-manana-la-feria-virtual-de-empleo-para-jovenes-en-la-zona-sur\/","title":{"rendered":"Buscas trabajo, ma\u00f1ana la Feria Virtual de Empleo para J\u00f3venes en la zona sur"},"content":{"rendered":"<p style=\"text-align: justify;\"><img fetchpriority=\"high\" decoding=\"async\" src=\"images\/2021\/agosto21\/buscas.jpg\" alt=\"buscas\" width=\"720\" height=\"480\" style=\"display: block; margin: 20px auto;\" \/><\/p>\n<p class=\"x_MsoNormal\" style=\"text-align: justify;\"><span style=\"font-size: 14pt;\">Con la finalidad de que quienes est\u00e1n buscando un empleo formal en la zona sur del estado ma\u00f1ana se llevar\u00e1 a cabo la Feria Nacional de Empleo Virtual para J\u00f3venes, v\u00eda plataforma zoom en las oficinas de Coparmex Mazatl\u00e1n, anunci\u00f3 el Director del Servicio Nacional del Empleo en Sinaloa, Arturo Torres Sato.<\/span><\/p>\n<p style=\"text-align: justify;\">&nbsp;<\/p>\n<p class=\"x_MsoNormal\" style=\"text-align: justify;\"><span style=\"font-size: 14pt;\">Esta Feria Nacional Virtual de Empleo para J\u00f3venes se lleva a cabo en el marco del D\u00eda Internacional de la Juventud y el objetivo es ofertar 400 puestos de trabajo de 25 empresas de la zona sur del estado en diversos giros como administrativos, profesionistas, operativos, t\u00e9cnicos, ventas y promotor\u00edas.<\/span><\/p>\n<p style=\"text-align: justify;\">&nbsp;<\/p>\n<p class=\"x_MsoNormal\" style=\"text-align: justify;\"><span style=\"font-size: 14pt;\">\u201cEn Sinaloa si hay trabajo, y estos son esquemas para escalar y los interesados hagan sus propias trayectorias\u201d, destac\u00f3 el Director del Servicio Nacional del Empleo.<\/span><\/p>\n<p style=\"text-align: justify;\">&nbsp;<\/p>\n<p class=\"x_MsoNormal\" style=\"text-align: justify;\"><span style=\"font-size: 14pt;\">Arturo Torres Sato dijo que este tipo de Ferias de Empleo son una opci\u00f3n viable para las personas que est\u00e1n buscando trabajo se acerquen y encuentren una vacante.<\/span><\/p>\n<p style=\"text-align: justify;\">&nbsp;<\/p>\n<p class=\"x_MsoNormal\" style=\"text-align: justify;\"><span style=\"font-size: 14pt;\">&nbsp;\u201cEn esta administraci\u00f3n del Gobernador Quirino Ordaz Coppel, queremos cerrar fuerte y apoyar para que las pol\u00edtica laboral y de empleo siga siendo atractivas para la inversi\u00f3n\u201d, subray\u00f3.<\/span><\/p>\n<p style=\"text-align: justify;\">&nbsp;<\/p>\n<p class=\"x_MsoNormal\" style=\"text-align: justify;\"><span style=\"font-size: 14pt;\">En el 2021 se han llevado a cabo 19 ferias de empleo de este tipo.<\/span><\/p>\n<p style=\"text-align: justify;\">&nbsp;<\/p>\n<p class=\"x_MsoNormal\" style=\"text-align: justify;\"><span style=\"font-size: 14pt;\">Para las personas interesadas en participar en la Feria Nacional de Empleo Virtual para J\u00f3venes podr\u00e1n accesar al siguiente link de la plataforma Zoom el d\u00eda de ma\u00f1ana viernes 27 de agosto a partir de las 09:00 de la ma\u00f1ana:<\/span><\/p>\n<p style=\"text-align: justify;\">&nbsp;<\/p>\n<p style=\"text-align: justify;\">&nbsp;<\/p>\n<p style=\"text-align: justify;\"><span style=\"font-size: 14pt;\">REDACCI\u00d3N\/VISI\u00d3N CIUDADANA.<\/span><\/p>\n","protected":false},"excerpt":{"rendered":"<p>Con la finalidad de que quienes est\u00e1n buscando un empleo formal en la zona sur del estado ma\u00f1ana se llevar\u00e1 a cabo la Feria Nacional de Empleo Virtual para J\u00f3venes, v\u00eda plataforma zoom en las oficinas de Coparmex Mazatl\u00e1n, anunci\u00f3 el Director del Servicio Nacional del Empleo en Sinaloa, Arturo Torres Sato. &nbsp; Esta Feria [&hellip;]<\/p>\n","protected":false},"author":1,"featured_media":1545,"comment_status":"closed","ping_status":"closed","sticky":false,"template":"","format":"standard","meta":{"footnotes":""},"categories":[24],"tags":[],"ppma_author":[31],"class_list":["post-17474","post","type-post","status-publish","format-standard","has-post-thumbnail","hentry","category-relevantes"],"aioseo_notices":[],"authors":[{"term_id":31,"user_id":1,"is_guest":0,"slug":"ivan3vino","display_name":"Iv\u00e1n Trevi\u00f1o","avatar_url":{"url":"https:\/\/visionciudadana.com.mx\/oficial\/wp-content\/uploads\/2025\/09\/columna-ivan-Trevino.png","url2x":"https:\/\/visionciudadana.com.mx\/oficial\/wp-content\/uploads\/2025\/09\/columna-ivan-Trevino.png"},"0":null,"1":"","2":"","3":"","4":"","5":"","6":"","7":"","8":""}],"_links":{"self":[{"href":"https:\/\/visionciudadana.com.mx\/oficial\/wp-json\/wp\/v2\/posts\/17474","targetHints":{"allow":["GET"]}}],"collection":[{"href":"https:\/\/visionciudadana.com.mx\/oficial\/wp-json\/wp\/v2\/posts"}],"about":[{"href":"https:\/\/visionciudadana.com.mx\/oficial\/wp-json\/wp\/v2\/types\/post"}],"author":[{"embeddable":true,"href":"https:\/\/visionciudadana.com.mx\/oficial\/wp-json\/wp\/v2\/users\/1"}],"replies":[{"embeddable":true,"href":"https:\/\/visionciudadana.com.mx\/oficial\/wp-json\/wp\/v2\/comments?post=17474"}],"version-history":[{"count":1,"href":"https:\/\/visionciudadana.com.mx\/oficial\/wp-json\/wp\/v2\/posts\/17474\/revisions"}],"predecessor-version":[{"id":30688,"href":"https:\/\/visionciudadana.com.mx\/oficial\/wp-json\/wp\/v2\/posts\/17474\/revisions\/30688"}],"wp:featuredmedia":[{"embeddable":true,"href":"https:\/\/visionciudadana.com.mx\/oficial\/wp-json\/wp\/v2\/posts\/1545"}],"wp:attachment":[{"href":"https:\/\/visionciudadana.com.mx\/oficial\/wp-json\/wp\/v2\/media?parent=17474"}],"wp:term":[{"taxonomy":"category","embeddable":true,"href":"https:\/\/visionciudadana.com.mx\/oficial\/wp-json\/wp\/v2\/categories?post=17474"},{"taxonomy":"post_tag","embeddable":true,"href":"https:\/\/visionciudadana.com.mx\/oficial\/wp-json\/wp\/v2\/tags?post=17474"},{"taxonomy":"author","embeddable":true,"href":"https:\/\/visionciudadana.com.mx\/oficial\/wp-json\/wp\/v2\/ppma_author?post=17474"}],"curies":[{"name":"wp","href":"https:\/\/api.w.org\/{rel}","templated":true}]}}