{"id":17469,"date":"2021-08-24T19:52:48","date_gmt":"2021-08-24T19:52:48","guid":{"rendered":"https:\/\/visionciudadana.com.mx\/chio\/2021\/08\/24\/sinaloa-cuenta-con-el-mapa-estatal-de-riesgos-sanitarios-coepriss\/"},"modified":"2025-06-24T23:31:28","modified_gmt":"2025-06-24T23:31:28","slug":"sinaloa-cuenta-con-el-mapa-estatal-de-riesgos-sanitarios-coepriss","status":"publish","type":"post","link":"https:\/\/visionciudadana.com.mx\/oficial\/2021\/08\/24\/sinaloa-cuenta-con-el-mapa-estatal-de-riesgos-sanitarios-coepriss\/","title":{"rendered":"Sinaloa cuenta con el Mapa Estatal de Riesgos Sanitarios: Coepriss  \u00a0"},"content":{"rendered":"<p><b><span style=\"font-family: verdana, sans-serif; font-size: large;\"><img fetchpriority=\"high\" decoding=\"async\" src=\"images\/2021\/coepriss.jpg\" alt=\"coepriss\" width=\"780\" height=\"420\" style=\"display: block; margin: 20px auto;\" \/><\/span><\/b><\/p>\n<div>\n<p class=\"x_MsoNormal\" style=\"text-align: justify;\"><span style=\"font-family: verdana, sans-serif; font-size: 14pt;\">El titular de la Comisi\u00f3n Estatal para la Protecci\u00f3n contra Riesgos Sanitarios de Sinaloa (Coepriss), Jorge Alan Urbina Vidales, inform\u00f3 que Sinaloa ya cuenta con un Mapa Estatal de Riesgos Sanitarios, un valioso instrumento que permite identificar y prevenir de manera m\u00e1s eficaz diversas situaciones y padecimientos que pueden afectar la salud de la poblaci\u00f3n.<\/span><\/p>\n<p style=\"text-align: justify;\">&nbsp;<\/p>\n<p class=\"x_MsoNormal\" style=\"text-align: justify;\"><span style=\"font-family: verdana, sans-serif; font-size: 14pt;\">Explic\u00f3 que estos riesgos est\u00e1n relacionados de manera general con aspectos biol\u00f3gicos, qu\u00edmicos y ambientales por lo que contar con el Mapa Estatal de Riesgos Sanitarios permite establecer una bit\u00e1cora y l\u00edneas de acci\u00f3n para proteger la salud de la ciudadan\u00eda.<\/span><\/p>\n<p style=\"text-align: justify;\">&nbsp;<\/p>\n<p class=\"x_MsoNormal\" style=\"text-align: justify;\"><span style=\"font-family: verdana, sans-serif; font-size: 14pt;\">Jorge Alan Urbina Vidales apunt\u00f3 que el mapa contempla lo relacionado con regulaci\u00f3n de servicios e Insumos para la salud, bienes y servicios, alimentos, inocuidad de alimentos frescos y m\u00ednimamente procesados, comercializaci\u00f3n y aplicaci\u00f3n de plaguicidas y nutrientes vegetales, calidad sanitaria del agua para uso y consumo humano, para fines recreativos, agua de mar y albercas, as\u00ed como otros factores ambientales.<\/span><\/p>\n<p style=\"text-align: justify;\">&nbsp;<\/p>\n<p class=\"x_MsoNormal\" style=\"text-align: justify;\"><span style=\"font-family: verdana, sans-serif; font-size: 14pt;\">\u201cFue elaborado por un equipo multidisciplinario y forma parte del gran esfuerzo nacional para que M\u00e9xico pueda integrar, a trav\u00e9s de la Cofepris, un Mapa Nacional de Riesgos Sanitarios con la colaboraci\u00f3n de los sistemas de salud de las 32 entidades federativas\u201d, coment\u00f3.<\/span><\/p>\n<p style=\"text-align: justify;\">&nbsp;<\/p>\n<p class=\"x_MsoNormal\" style=\"text-align: justify;\"><span style=\"font-family: verdana, sans-serif; font-size: 14pt;\">Se\u00f1al\u00f3 que Coepriss est\u00e1 para cuidar la salud de los sinaloenses y trabaja diariamente no solo para hacer cumplir los lineamientos y normatividades sanitarias sino para prevenir cualquier riesgo para la salud de la poblaci\u00f3n. \u201cNuestra misi\u00f3n es cuidar la salud del pueblo sinaloense\u201d, se\u00f1al\u00f3.<\/span><\/p>\n<p style=\"text-align: justify;\">&nbsp;<\/p>\n<p class=\"x_MsoNormal\" style=\"text-align: justify;\"><span style=\"font-family: verdana, sans-serif; font-size: 14pt;\">Subray\u00f3 que la elaboraci\u00f3n del Mapa Estatal de Riesgos Sanitarios se suma a la certificaci\u00f3n del Centro Integral de Servicios (CIS) de la Coepriss y a la labor cotidiana y comprometida de todos los trabajadores sanitarios lo que ha merecido que Sinaloa sea reconocido como uno de los mejores a nivel nacional.<\/span><\/p>\n<p style=\"text-align: justify;\">&nbsp;<\/p>\n<p class=\"x_MsoNormal\" style=\"text-align: justify;\"><span style=\"font-family: verdana, sans-serif; font-size: 14pt;\">Record\u00f3 que el 5 de julio de 2001, se public\u00f3 en el Diario Oficial de la Federaci\u00f3n el decreto de creaci\u00f3n de la COFEPRIS. El 6 de febrero de 2013, se public\u00f3 en el peri\u00f3dico oficial \u201cEl Estado de Sinaloa\u201d el decreto de creaci\u00f3n de la COEPRISS.<\/span><\/p>\n<p style=\"text-align: justify;\">&nbsp;<\/p>\n<p class=\"x_MsoNormal\" style=\"text-align: justify;\"><span style=\"font-family: verdana, sans-serif; font-size: 14pt;\">\u201cEl Mapa Estatal de Riesgos Sanitarios 2021 es un instrumento que nos permite identificar los principales riesgos por municipio o zona geogr\u00e1fica conforme a las actividades que desarrolla la comisi\u00f3n y es un paso importante en la protecci\u00f3n de la salud de la poblaci\u00f3n\u201d, explic\u00f3.<\/span><\/p>\n<p style=\"text-align: justify;\">&nbsp;<\/p>\n<p class=\"x_MsoNormal\" style=\"text-align: justify;\"><span style=\"font-family: verdana, sans-serif; font-size: 14pt;\">M\u00e1s adelante puntualiz\u00f3 que el Mapa Estatal de Riesgos Sanitarios identifica los riesgos por municipio lo que ha permitido elaborar un programa de vigilancia basado en la estrategia de aplicar la verificaci\u00f3n en las zonas de mayor riesgo.<\/span><\/p>\n<p style=\"text-align: justify;\">&nbsp;<\/p>\n<p class=\"x_MsoNormal\" style=\"text-align: justify;\"><span style=\"font-family: verdana, sans-serif; font-size: 14pt;\">Entre los diversos puntos que aborda el mapa precis\u00f3 que atendiendo los objetivos de la metodolog\u00eda planteada de correlacionar la informaci\u00f3n epidemiol\u00f3gica con los factores de riesgo se observa que uno de los riesgos identificados es por agua y alimentos los cuales est\u00e1n asociados con las enfermedades diarreicas, por lo que se han fortalecido las acciones de regulaci\u00f3n, control y fomento en agua y alimentos.<\/span><\/p>\n<p style=\"text-align: justify;\">&nbsp;<\/p>\n<p class=\"x_MsoNormal\" style=\"text-align: justify;\"><span style=\"font-family: verdana, sans-serif; font-size: 14pt;\">Por otra parte, apunt\u00f3, la preponderante actividad agr\u00edcola de Sinaloa y la demanda de jornaleros requiere de acciones de capacitaci\u00f3n, fomento y vinculaci\u00f3n con los sectores educativos, p\u00fablicos, privados y productivos para reducir las intoxicaciones por plaguicidas y nutrientes.<\/span><\/p>\n<p style=\"text-align: justify;\">&nbsp;<\/p>\n<p style=\"text-align: justify;\">&nbsp;<\/p>\n<p style=\"text-align: justify;\"><span style=\"font-size: 14pt;\">REDACCI\u00d3N\/VISI\u00d3N CIDADANA.<\/span><\/p>\n<\/div>\n<div style=\"text-align: justify;\"><span style=\"font-family: verdana, sans-serif; font-size: 14pt;\"><\/span><\/div>\n<div dir=\"ltr\">\n<div dir=\"ltr\">\n<div>\n<div dir=\"ltr\">\n<div style=\"text-align: justify;\"><span style=\"font-size: 14pt;\"><\/span><\/div>\n<\/div>\n<\/div>\n<\/div>\n<\/div>\n","protected":false},"excerpt":{"rendered":"<p>El titular de la Comisi\u00f3n Estatal para la Protecci\u00f3n contra Riesgos Sanitarios de Sinaloa (Coepriss), Jorge Alan Urbina Vidales, inform\u00f3 que Sinaloa ya cuenta con un Mapa Estatal de Riesgos Sanitarios, un valioso instrumento que permite identificar y prevenir de manera m\u00e1s eficaz diversas situaciones y padecimientos que pueden afectar la salud de la poblaci\u00f3n. [&hellip;]<\/p>\n","protected":false},"author":1,"featured_media":885,"comment_status":"closed","ping_status":"closed","sticky":false,"template":"","format":"standard","meta":{"footnotes":""},"categories":[24],"tags":[],"ppma_author":[31],"class_list":["post-17469","post","type-post","status-publish","format-standard","has-post-thumbnail","hentry","category-relevantes"],"aioseo_notices":[],"authors":[{"term_id":31,"user_id":1,"is_guest":0,"slug":"ivan3vino","display_name":"Iv\u00e1n Trevi\u00f1o","avatar_url":{"url":"https:\/\/visionciudadana.com.mx\/oficial\/wp-content\/uploads\/2025\/09\/columna-ivan-Trevino.png","url2x":"https:\/\/visionciudadana.com.mx\/oficial\/wp-content\/uploads\/2025\/09\/columna-ivan-Trevino.png"},"0":null,"1":"","2":"","3":"","4":"","5":"","6":"","7":"","8":""}],"_links":{"self":[{"href":"https:\/\/visionciudadana.com.mx\/oficial\/wp-json\/wp\/v2\/posts\/17469","targetHints":{"allow":["GET"]}}],"collection":[{"href":"https:\/\/visionciudadana.com.mx\/oficial\/wp-json\/wp\/v2\/posts"}],"about":[{"href":"https:\/\/visionciudadana.com.mx\/oficial\/wp-json\/wp\/v2\/types\/post"}],"author":[{"embeddable":true,"href":"https:\/\/visionciudadana.com.mx\/oficial\/wp-json\/wp\/v2\/users\/1"}],"replies":[{"embeddable":true,"href":"https:\/\/visionciudadana.com.mx\/oficial\/wp-json\/wp\/v2\/comments?post=17469"}],"version-history":[{"count":1,"href":"https:\/\/visionciudadana.com.mx\/oficial\/wp-json\/wp\/v2\/posts\/17469\/revisions"}],"predecessor-version":[{"id":30690,"href":"https:\/\/visionciudadana.com.mx\/oficial\/wp-json\/wp\/v2\/posts\/17469\/revisions\/30690"}],"wp:featuredmedia":[{"embeddable":true,"href":"https:\/\/visionciudadana.com.mx\/oficial\/wp-json\/wp\/v2\/posts\/885"}],"wp:attachment":[{"href":"https:\/\/visionciudadana.com.mx\/oficial\/wp-json\/wp\/v2\/media?parent=17469"}],"wp:term":[{"taxonomy":"category","embeddable":true,"href":"https:\/\/visionciudadana.com.mx\/oficial\/wp-json\/wp\/v2\/categories?post=17469"},{"taxonomy":"post_tag","embeddable":true,"href":"https:\/\/visionciudadana.com.mx\/oficial\/wp-json\/wp\/v2\/tags?post=17469"},{"taxonomy":"author","embeddable":true,"href":"https:\/\/visionciudadana.com.mx\/oficial\/wp-json\/wp\/v2\/ppma_author?post=17469"}],"curies":[{"name":"wp","href":"https:\/\/api.w.org\/{rel}","templated":true}]}}