{"id":17465,"date":"2021-08-24T19:06:37","date_gmt":"2021-08-24T19:06:37","guid":{"rendered":"https:\/\/visionciudadana.com.mx\/chio\/2021\/08\/24\/lopez-gatell-no-descarta-mas-olas-de-covid-en-el-pais\/"},"modified":"2025-06-24T23:31:28","modified_gmt":"2025-06-24T23:31:28","slug":"lopez-gatell-no-descarta-mas-olas-de-covid-en-el-pais","status":"publish","type":"post","link":"https:\/\/visionciudadana.com.mx\/oficial\/2021\/08\/24\/lopez-gatell-no-descarta-mas-olas-de-covid-en-el-pais\/","title":{"rendered":"L\u00f3pez-Gatell no descarta m\u00e1s olas de Covid en el pa\u00eds"},"content":{"rendered":"<p><img fetchpriority=\"high\" decoding=\"async\" src=\"images\/2021\/lopez.jpg\" alt=\"lopez\" width=\"780\" height=\"420\" style=\"display: block; margin: 20px auto;\" \/><\/p>\n<p style=\"text-align: justify;\"><span style=\"font-size: 14pt;\">Tal y como lo ha mencionado en reiteradas ocasiones, mientras exista el virus SARS-CoV-2, la pandemia no acabar\u00e1, por ello Hugo L\u00f3pez-Gatell Ram\u00edrez, subsecretario de Salud, advirti\u00f3 que podr\u00eda haber una cuarta ola de contagios durante la \u00e9poca invernal.<\/span><\/p>\n<p style=\"text-align: justify;\">&nbsp;<\/p>\n<p style=\"text-align: justify;\"><span style=\"font-size: 14pt;\">Lo anterior lo dijo a pregunta expresa sobre si M\u00e9xico tendr\u00eda m\u00e1s repuntes de la enfermedad, a lo que \u00e9l se\u00f1al\u00f3 que si la epidemia sigue en el mundo, todos los pa\u00edses tienen probabilidades de tener cuartas, quintas o sextas olas de contagio.<\/span><\/p>\n<p style=\"text-align: justify;\">&nbsp;<\/p>\n<p class=\"text-align-center\" style=\"text-align: justify;\"><span style=\"font-size: 14pt;\"><em>\u201cEn este momento en Europa tienen la quinta o sexta ola, Estados Unidos va en su cuarta casi quinta ola, entonces en todo momento puede ocurrir por eso hay que estar muy al pendiente de lo que ocurrir\u00e1 en cada pa\u00eds\u201d, manifest\u00f3 este martes en la matutina.<\/em><\/span><\/p>\n<p style=\"text-align: justify;\">&nbsp;<\/p>\n<p style=\"text-align: justify;\"><span style=\"font-size: 14pt;\">Ante el inminente regreso a las clases presenciales, el funcionario abund\u00f3 que los ni\u00f1os y adolescentes tienen casi un \u201criesgo nulo\u201d de morir por coronavirus o presentar enfermedad grave.<\/span><\/p>\n<p style=\"text-align: justify;\">&nbsp;<\/p>\n<p style=\"text-align: justify;\"><span style=\"font-size: 14pt;\">Insisti\u00f3 en que este fue uno de los motivos por los que se decidi\u00f3 volver a las aulas el pr\u00f3ximo 30 de agosto.<\/span><\/p>\n<p style=\"text-align: justify;\">&nbsp;<\/p>\n<p style=\"text-align: justify;\"><span style=\"font-size: 14pt;\">Por su parte el presidente Andr\u00e9s Manuel L\u00f3pez Obrador indic\u00f3 que por esta situaci\u00f3n se le da toda la atenci\u00f3n al plan Nacional de Vacunaci\u00f3n para cumplir con la meta de que en octubre todos los mayores de 18 a\u00f1os est\u00e9n vacunados cuando al menos una dosis.<\/span><\/p>\n<p style=\"text-align: justify;\">&nbsp;<\/p>\n<p style=\"text-align: justify;\"><span style=\"font-size: 14pt;\">De acuerdo con el mandatario, los biol\u00f3gicos son lo mejor para prevenir la hospitalizaci\u00f3n y para que no haya fallecimientos.<\/span><\/p>\n<p style=\"text-align: justify;\">&nbsp;<\/p>\n<p style=\"text-align: justify;\">&nbsp;<\/p>\n<p style=\"text-align: justify;\"><span style=\"font-size: 14pt;\">FUENTE: ddmx.com<\/span><\/p>\n<div style=\"text-align: justify;\"><span style=\"font-size: 14pt;\"><\/span><\/div>\n","protected":false},"excerpt":{"rendered":"<p>Tal y como lo ha mencionado en reiteradas ocasiones, mientras exista el virus SARS-CoV-2, la pandemia no acabar\u00e1, por ello Hugo L\u00f3pez-Gatell Ram\u00edrez, subsecretario de Salud, advirti\u00f3 que podr\u00eda haber una cuarta ola de contagios durante la \u00e9poca invernal. &nbsp; Lo anterior lo dijo a pregunta expresa sobre si M\u00e9xico tendr\u00eda m\u00e1s repuntes de la [&hellip;]<\/p>\n","protected":false},"author":1,"featured_media":1531,"comment_status":"closed","ping_status":"closed","sticky":false,"template":"","format":"standard","meta":{"footnotes":""},"categories":[24],"tags":[],"ppma_author":[31],"class_list":["post-17465","post","type-post","status-publish","format-standard","has-post-thumbnail","hentry","category-relevantes"],"aioseo_notices":[],"authors":[{"term_id":31,"user_id":1,"is_guest":0,"slug":"ivan3vino","display_name":"Iv\u00e1n Trevi\u00f1o","avatar_url":{"url":"https:\/\/visionciudadana.com.mx\/oficial\/wp-content\/uploads\/2025\/09\/columna-ivan-Trevino.png","url2x":"https:\/\/visionciudadana.com.mx\/oficial\/wp-content\/uploads\/2025\/09\/columna-ivan-Trevino.png"},"0":null,"1":"","2":"","3":"","4":"","5":"","6":"","7":"","8":""}],"_links":{"self":[{"href":"https:\/\/visionciudadana.com.mx\/oficial\/wp-json\/wp\/v2\/posts\/17465","targetHints":{"allow":["GET"]}}],"collection":[{"href":"https:\/\/visionciudadana.com.mx\/oficial\/wp-json\/wp\/v2\/posts"}],"about":[{"href":"https:\/\/visionciudadana.com.mx\/oficial\/wp-json\/wp\/v2\/types\/post"}],"author":[{"embeddable":true,"href":"https:\/\/visionciudadana.com.mx\/oficial\/wp-json\/wp\/v2\/users\/1"}],"replies":[{"embeddable":true,"href":"https:\/\/visionciudadana.com.mx\/oficial\/wp-json\/wp\/v2\/comments?post=17465"}],"version-history":[{"count":1,"href":"https:\/\/visionciudadana.com.mx\/oficial\/wp-json\/wp\/v2\/posts\/17465\/revisions"}],"predecessor-version":[{"id":30694,"href":"https:\/\/visionciudadana.com.mx\/oficial\/wp-json\/wp\/v2\/posts\/17465\/revisions\/30694"}],"wp:featuredmedia":[{"embeddable":true,"href":"https:\/\/visionciudadana.com.mx\/oficial\/wp-json\/wp\/v2\/posts\/1531"}],"wp:attachment":[{"href":"https:\/\/visionciudadana.com.mx\/oficial\/wp-json\/wp\/v2\/media?parent=17465"}],"wp:term":[{"taxonomy":"category","embeddable":true,"href":"https:\/\/visionciudadana.com.mx\/oficial\/wp-json\/wp\/v2\/categories?post=17465"},{"taxonomy":"post_tag","embeddable":true,"href":"https:\/\/visionciudadana.com.mx\/oficial\/wp-json\/wp\/v2\/tags?post=17465"},{"taxonomy":"author","embeddable":true,"href":"https:\/\/visionciudadana.com.mx\/oficial\/wp-json\/wp\/v2\/ppma_author?post=17465"}],"curies":[{"name":"wp","href":"https:\/\/api.w.org\/{rel}","templated":true}]}}