{"id":17457,"date":"2021-08-23T23:31:40","date_gmt":"2021-08-23T23:31:40","guid":{"rendered":"https:\/\/visionciudadana.com.mx\/chio\/2021\/08\/23\/se-atiende-reporte-de-cerca-de-30-arboles-caidos-tras-lluvias-de-lunes-por-la-madrugada\/"},"modified":"2025-06-24T23:31:29","modified_gmt":"2025-06-24T23:31:29","slug":"se-atiende-reporte-de-cerca-de-30-arboles-caidos-tras-lluvias-de-lunes-por-la-madrugada","status":"publish","type":"post","link":"https:\/\/visionciudadana.com.mx\/oficial\/2021\/08\/23\/se-atiende-reporte-de-cerca-de-30-arboles-caidos-tras-lluvias-de-lunes-por-la-madrugada\/","title":{"rendered":"Se atiende reporte de cerca de 30 \u00e1rboles ca\u00eddos tras lluvias de lunes por la madrugada"},"content":{"rendered":"<p style=\"text-align: justify;\"><img fetchpriority=\"high\" decoding=\"async\" src=\"images\/2021\/agosto21\/caida_de_arbol.jpg\" alt=\"caida de arbol\" width=\"720\" height=\"480\" style=\"display: block; margin: 20px auto;\" \/><\/p>\n<p style=\"text-align: justify;\"><span style=\"font-size: 14pt; font-family: arial, helvetica, sans-serif;\">Ante las intensas lluvias que se registraron la madrugada de este lunes en la capital sinaloense, el Gobierno de Culiac\u00e1n atendi\u00f3 el reporte de alrededor de 30 \u00e1rboles ca\u00eddos en diversos sectores.<\/span><\/p>\n<p style=\"text-align: justify;\">\n<p><span style=\"font-size: 14pt; font-family: arial, helvetica, sans-serif;\">Personal de Servicios P\u00fablicos trabaj\u00f3 hasta este d\u00eda para recoger ramas y troncos que obstru\u00edan las vialidades y con ello evitar accidentes y riesgos para automovilistas y peatones.<\/span><\/p>\n<p style=\"text-align: justify;\"><span style=\"font-size: 14pt; font-family: arial, helvetica, sans-serif;\">En sectores como el Fraccionamiento Las Estancias, Calzada Heroico Colegio Militar, Avenida Ram\u00f3n L\u00f3pez Velarde, se recogieron brazos, ramas y troncos de \u00e1rboles como ceibas.<\/span><\/p>\n<p style=\"text-align: justify;\">\n<p><span style=\"font-size: 14pt; font-family: arial, helvetica, sans-serif;\">Asimismo, a las afueras del Centro C\u00edvico Constituci\u00f3n por el Paseo Ni\u00f1os H\u00e9roes y en el andador del Parque Las Riberas tambi\u00e9n se realizaron trabajos de retiro para impedir riesgos para los ciudadanos que por ah\u00ed circulan.<\/span><\/p>\n<p style=\"text-align: justify;\">\n<p><span style=\"font-size: 14pt; font-family: arial, helvetica, sans-serif;\">El llamado a la poblaci\u00f3n en esta temporada de lluvias sigue siendo a maximizar la prevenci\u00f3n y no cruzar corrientes de agua mientras llueve, resguardarse en sus hogares y en caso de estar en una situaci\u00f3n de peligro llamar de inmediato al 911.<\/span><\/p>\n<p style=\"text-align: justify;\">&nbsp;<\/p>\n<p style=\"text-align: justify;\"><span style=\"font-size: 14pt; font-family: arial, helvetica, sans-serif;\">REDACCI\u00d3N\/VISI\u00d3N CIUDADANA.<\/span><\/p>\n","protected":false},"excerpt":{"rendered":"<p>Ante las intensas lluvias que se registraron la madrugada de este lunes en la capital sinaloense, el Gobierno de Culiac\u00e1n atendi\u00f3 el reporte de alrededor de 30 \u00e1rboles ca\u00eddos en diversos sectores. Personal de Servicios P\u00fablicos trabaj\u00f3 hasta este d\u00eda para recoger ramas y troncos que obstru\u00edan las vialidades y con ello evitar accidentes y [&hellip;]<\/p>\n","protected":false},"author":1,"featured_media":1519,"comment_status":"closed","ping_status":"closed","sticky":false,"template":"","format":"standard","meta":{"footnotes":""},"categories":[24],"tags":[],"ppma_author":[31],"class_list":["post-17457","post","type-post","status-publish","format-standard","has-post-thumbnail","hentry","category-relevantes"],"aioseo_notices":[],"authors":[{"term_id":31,"user_id":1,"is_guest":0,"slug":"ivan3vino","display_name":"Iv\u00e1n Trevi\u00f1o","avatar_url":{"url":"https:\/\/visionciudadana.com.mx\/oficial\/wp-content\/uploads\/2025\/09\/columna-ivan-Trevino.png","url2x":"https:\/\/visionciudadana.com.mx\/oficial\/wp-content\/uploads\/2025\/09\/columna-ivan-Trevino.png"},"0":null,"1":"","2":"","3":"","4":"","5":"","6":"","7":"","8":""}],"_links":{"self":[{"href":"https:\/\/visionciudadana.com.mx\/oficial\/wp-json\/wp\/v2\/posts\/17457","targetHints":{"allow":["GET"]}}],"collection":[{"href":"https:\/\/visionciudadana.com.mx\/oficial\/wp-json\/wp\/v2\/posts"}],"about":[{"href":"https:\/\/visionciudadana.com.mx\/oficial\/wp-json\/wp\/v2\/types\/post"}],"author":[{"embeddable":true,"href":"https:\/\/visionciudadana.com.mx\/oficial\/wp-json\/wp\/v2\/users\/1"}],"replies":[{"embeddable":true,"href":"https:\/\/visionciudadana.com.mx\/oficial\/wp-json\/wp\/v2\/comments?post=17457"}],"version-history":[{"count":1,"href":"https:\/\/visionciudadana.com.mx\/oficial\/wp-json\/wp\/v2\/posts\/17457\/revisions"}],"predecessor-version":[{"id":30698,"href":"https:\/\/visionciudadana.com.mx\/oficial\/wp-json\/wp\/v2\/posts\/17457\/revisions\/30698"}],"wp:featuredmedia":[{"embeddable":true,"href":"https:\/\/visionciudadana.com.mx\/oficial\/wp-json\/wp\/v2\/posts\/1519"}],"wp:attachment":[{"href":"https:\/\/visionciudadana.com.mx\/oficial\/wp-json\/wp\/v2\/media?parent=17457"}],"wp:term":[{"taxonomy":"category","embeddable":true,"href":"https:\/\/visionciudadana.com.mx\/oficial\/wp-json\/wp\/v2\/categories?post=17457"},{"taxonomy":"post_tag","embeddable":true,"href":"https:\/\/visionciudadana.com.mx\/oficial\/wp-json\/wp\/v2\/tags?post=17457"},{"taxonomy":"author","embeddable":true,"href":"https:\/\/visionciudadana.com.mx\/oficial\/wp-json\/wp\/v2\/ppma_author?post=17457"}],"curies":[{"name":"wp","href":"https:\/\/api.w.org\/{rel}","templated":true}]}}