{"id":17455,"date":"2021-08-23T23:05:07","date_gmt":"2021-08-23T23:05:07","guid":{"rendered":"https:\/\/visionciudadana.com.mx\/chio\/2021\/08\/23\/quirino-donara-ambulancia-y-recursos-para-nueva-base-de-cruz-roja-en-altata\/"},"modified":"2025-06-24T23:31:29","modified_gmt":"2025-06-24T23:31:29","slug":"quirino-donara-ambulancia-y-recursos-para-nueva-base-de-cruz-roja-en-altata","status":"publish","type":"post","link":"https:\/\/visionciudadana.com.mx\/oficial\/2021\/08\/23\/quirino-donara-ambulancia-y-recursos-para-nueva-base-de-cruz-roja-en-altata\/","title":{"rendered":"Quirino donar\u00e1 ambulancia y recursos para nueva base de Cruz Roja en Altata"},"content":{"rendered":"<p><img fetchpriority=\"high\" decoding=\"async\" src=\"images\/2021\/agosto21\/dona_ambul.jpg\" alt=\"dona ambul\" width=\"720\" height=\"480\" style=\"display: block; margin: 20px auto;\" \/><\/p>\n<p>&nbsp;<\/p>\n<p class=\"x_MsoNormal\" style=\"text-align: justify;\"><span style=\"font-size: 14pt; font-family: arial, helvetica, sans-serif;\">Al atestiguar la entrega de una ambulancia a Cruz Roja de Navolato, el gobernador Quirino Ordaz Coppel anunci\u00f3 la donaci\u00f3n de una ambulancia adicional pero para la base en construcci\u00f3n en Altata, en beneficio de ese destino tur\u00edstico pero tambi\u00e9n de comunidades aleda\u00f1as en esa zona de la costa.<\/span><\/p>\n<p style=\"text-align: justify;\">&nbsp;<\/p>\n<p class=\"x_MsoNormal\" style=\"text-align: justify;\"><span style=\"font-size: 14pt; font-family: arial, helvetica, sans-serif;\">As\u00ed tambi\u00e9n, inform\u00f3, que Gobierno del Estado apoyar\u00e1 con los recursos que sean necesarios para terminar la construcci\u00f3n de esa base en Altata, por lo que, incluyendo la nueva ambulancia, destinar\u00e1n alrededor de tres millones de pesos.<\/span><\/p>\n<p style=\"text-align: justify;\">&nbsp;<\/p>\n<p class=\"x_MsoNormal\" style=\"text-align: justify;\"><span style=\"font-size: 14pt; font-family: arial, helvetica, sans-serif;\">Acompa\u00f1ado de su esposa y presidenta del Sistema DIF Estatal, Rosy Fuentes de Ordaz; y del secretario de Salud, Efr\u00e9n Encinas Torres, el mandatario estatal celebr\u00f3 la iniciativa de algunos empresarios, encabezados por Jos\u00e9 Ignacio de Nicol\u00e1s Guti\u00e9rrez y su esposa Brenda Machado, de donar una ambulancia, que le llamaron \u201cSantiago De Nicol\u00e1s Machado\u201d.<\/span><\/p>\n<p style=\"text-align: justify;\">&nbsp;<\/p>\n<p class=\"x_MsoNormal\" style=\"text-align: justify;\"><span style=\"font-size: 14pt; font-family: arial, helvetica, sans-serif;\">Esta unidad de atenci\u00f3n a emergencias ayudar\u00e1 en la operatividad de Cruz Roja en el municipio de Navolato, en beneficio de la poblaci\u00f3n de la regi\u00f3n.<\/span><\/p>\n<p style=\"text-align: justify;\">&nbsp;<\/p>\n<p class=\"x_MsoNormal\" style=\"text-align: justify;\"><span style=\"font-size: 14pt; font-family: arial, helvetica, sans-serif;\">\u201cEs un evento bien importante de un enorme sentir humano por lo que significa, por la realidad que vive mucha gente que por falta de ambulancia o una base no se alcance a llegar a una emergencia. Yo celebro, reconozco el coraz\u00f3n por hacer esta aportaci\u00f3n tan importante a la sociedad, va a ser de gran beneficio y va a salvar muchas vidas\u201d, se\u00f1al\u00f3 Quirino durante su participaci\u00f3n.<\/span><\/p>\n<p style=\"text-align: justify;\">&nbsp;<\/p>\n<p class=\"x_MsoNormal\" style=\"text-align: justify;\"><span style=\"font-size: 14pt; font-family: arial, helvetica, sans-serif;\">En ese marco anunci\u00f3 la aportaci\u00f3n de otra ambulancia, \u201cy vamos aportar tambi\u00e9n los recursos para que se termine esta nueva base de la Cruz Roja en Altata, es decir, ser\u00e1n poco m\u00e1s de tres millones de pesos, y lo haremos con todo el gusto Rosy y yo a nombre del Gobierno del Estado porque sabemos para qui\u00e9n va; el destino y la causa\u201d, resalt\u00f3 el gobernador.<\/span><\/p>\n<p style=\"text-align: justify;\">&nbsp;<\/p>\n<p class=\"x_MsoNormal\" style=\"text-align: justify;\"><span style=\"font-size: 14pt; font-family: arial, helvetica, sans-serif;\">De la misma manera, Rosy Fuentes de Ordaz se manifest\u00f3 muy contenta por el gran acto comunitario que se lleva a cabo en esta instituci\u00f3n para salvar vidas, lo cual es de reconocerse, ya que cerca del 85 por ciento de quienes laboran en Cruz Roja lo hacen de manera voluntaria.<\/span><\/p>\n<p style=\"text-align: justify;\">&nbsp;<\/p>\n<p class=\"x_MsoNormal\" style=\"text-align: justify;\"><span style=\"font-size: 14pt; font-family: arial, helvetica, sans-serif;\">Por su parte, el delegado de la Cruz Roja Mexicana en Sinaloa, Carlos Bloch Artola, se\u00f1al\u00f3 que se pretende aperturar la nueva base en Altata para finales del mes de octubre, con el fin de estar al servicio de quienes van a vacacionar en Nuevo Altata, Altata, el Tetu\u00e1n, Dautillos y alrededores.<\/span><\/p>\n<p style=\"text-align: justify;\">&nbsp;<\/p>\n<p style=\"text-align: justify;\">&nbsp;<\/p>\n<p style=\"text-align: justify;\"><span style=\"font-size: 14pt; font-family: arial, helvetica, sans-serif;\">REDACCI\u00d3N\/VISI\u00d3N CIUDADANA.<\/span><\/p>\n","protected":false},"excerpt":{"rendered":"<p>&nbsp; Al atestiguar la entrega de una ambulancia a Cruz Roja de Navolato, el gobernador Quirino Ordaz Coppel anunci\u00f3 la donaci\u00f3n de una ambulancia adicional pero para la base en construcci\u00f3n en Altata, en beneficio de ese destino tur\u00edstico pero tambi\u00e9n de comunidades aleda\u00f1as en esa zona de la costa. &nbsp; As\u00ed tambi\u00e9n, inform\u00f3, que [&hellip;]<\/p>\n","protected":false},"author":1,"featured_media":1515,"comment_status":"closed","ping_status":"closed","sticky":false,"template":"","format":"standard","meta":{"footnotes":""},"categories":[24],"tags":[],"ppma_author":[31],"class_list":["post-17455","post","type-post","status-publish","format-standard","has-post-thumbnail","hentry","category-relevantes"],"aioseo_notices":[],"authors":[{"term_id":31,"user_id":1,"is_guest":0,"slug":"ivan3vino","display_name":"Iv\u00e1n Trevi\u00f1o","avatar_url":{"url":"https:\/\/visionciudadana.com.mx\/oficial\/wp-content\/uploads\/2025\/09\/columna-ivan-Trevino.png","url2x":"https:\/\/visionciudadana.com.mx\/oficial\/wp-content\/uploads\/2025\/09\/columna-ivan-Trevino.png"},"0":null,"1":"","2":"","3":"","4":"","5":"","6":"","7":"","8":""}],"_links":{"self":[{"href":"https:\/\/visionciudadana.com.mx\/oficial\/wp-json\/wp\/v2\/posts\/17455","targetHints":{"allow":["GET"]}}],"collection":[{"href":"https:\/\/visionciudadana.com.mx\/oficial\/wp-json\/wp\/v2\/posts"}],"about":[{"href":"https:\/\/visionciudadana.com.mx\/oficial\/wp-json\/wp\/v2\/types\/post"}],"author":[{"embeddable":true,"href":"https:\/\/visionciudadana.com.mx\/oficial\/wp-json\/wp\/v2\/users\/1"}],"replies":[{"embeddable":true,"href":"https:\/\/visionciudadana.com.mx\/oficial\/wp-json\/wp\/v2\/comments?post=17455"}],"version-history":[{"count":1,"href":"https:\/\/visionciudadana.com.mx\/oficial\/wp-json\/wp\/v2\/posts\/17455\/revisions"}],"predecessor-version":[{"id":30700,"href":"https:\/\/visionciudadana.com.mx\/oficial\/wp-json\/wp\/v2\/posts\/17455\/revisions\/30700"}],"wp:featuredmedia":[{"embeddable":true,"href":"https:\/\/visionciudadana.com.mx\/oficial\/wp-json\/wp\/v2\/posts\/1515"}],"wp:attachment":[{"href":"https:\/\/visionciudadana.com.mx\/oficial\/wp-json\/wp\/v2\/media?parent=17455"}],"wp:term":[{"taxonomy":"category","embeddable":true,"href":"https:\/\/visionciudadana.com.mx\/oficial\/wp-json\/wp\/v2\/categories?post=17455"},{"taxonomy":"post_tag","embeddable":true,"href":"https:\/\/visionciudadana.com.mx\/oficial\/wp-json\/wp\/v2\/tags?post=17455"},{"taxonomy":"author","embeddable":true,"href":"https:\/\/visionciudadana.com.mx\/oficial\/wp-json\/wp\/v2\/ppma_author?post=17455"}],"curies":[{"name":"wp","href":"https:\/\/api.w.org\/{rel}","templated":true}]}}