{"id":17454,"date":"2021-08-23T23:02:28","date_gmt":"2021-08-23T23:02:28","guid":{"rendered":"https:\/\/visionciudadana.com.mx\/chio\/2021\/08\/23\/trabajos-de-reparacion-de-infraestructura-llegan-a-ciclovia-de-sector-los-angeles\/"},"modified":"2025-06-24T23:31:29","modified_gmt":"2025-06-24T23:31:29","slug":"trabajos-de-reparacion-de-infraestructura-llegan-a-ciclovia-de-sector-los-angeles","status":"publish","type":"post","link":"https:\/\/visionciudadana.com.mx\/oficial\/2021\/08\/23\/trabajos-de-reparacion-de-infraestructura-llegan-a-ciclovia-de-sector-los-angeles\/","title":{"rendered":"Trabajos de reparaci\u00f3n de infraestructura llegan a Ciclov\u00eda de Sector Los \u00c1ngeles"},"content":{"rendered":"<p><img fetchpriority=\"high\" decoding=\"async\" src=\"images\/2021\/agosto21\/ciclobice.jpg\" alt=\"ciclobice\" width=\"720\" height=\"480\" style=\"display: block; margin: 20px auto;\" \/><\/p>\n<p>&nbsp;<\/p>\n<p style=\"text-align: justify;\"><span style=\"font-size: 14pt; font-family: arial, helvetica, sans-serif;\">El contar con infraestructura en \u00f3ptimas condiciones es uno de los objetivos del Gobierno de Culiac\u00e1n, por ello contin\u00faan los trabajos para lograrlo y estos llegaron hasta la Ciclov\u00eda del sector Los \u00c1ngeles, en el tramo ubicado frente al Nuevo Hospital General, donde se ubicaba un socav\u00f3n de gran tama\u00f1o.<\/span><\/p>\n<p style=\"text-align: justify;\">\n<p><span style=\"font-size: 14pt; font-family: arial, helvetica, sans-serif;\">El desperfecto imped\u00eda a los ciudadanos que se transportan en bicicleta circular adecuadamente por la zona, por lo que personal de la Secretar\u00eda de Obras y Servicios P\u00fablicos acudi\u00f3 a realizar las labores pertinentes.<\/span><\/p>\n<p style=\"text-align: justify;\">\n<p><span style=\"font-size: 14pt; font-family: arial, helvetica, sans-serif;\">Apoyados con una retroexcavadora, los trabajadores retiraron primero el material da\u00f1ado para luego aplanar el terreno y rellenar con la mezcla asf\u00e1ltica que luego de secar qued\u00f3 en buen estado para permitir el paso de los ciclistas.<\/span><\/p>\n<p style=\"text-align: justify;\">\n<p><span style=\"font-size: 14pt; font-family: arial, helvetica, sans-serif;\">La instrucci\u00f3n del alcalde Lic. Jes\u00fas Estrada Ferreiro es seguir mejorando la movilidad en toda la ciudad y fomentar el transporte que no sea contaminante y sea m\u00e1s amigable con el medio ambiente, adem\u00e1s de que contribuya a la actividad f\u00edsica de las personas.<\/span><\/p>\n<p style=\"text-align: justify;\">&nbsp;<\/p>\n<p style=\"text-align: justify;\">&nbsp;<\/p>\n<p style=\"text-align: justify;\"><span style=\"font-size: 14pt; font-family: arial, helvetica, sans-serif;\">REDACCI\u00d3N\/VISI\u00d3N CIUDADANA.<\/span><\/p>\n","protected":false},"excerpt":{"rendered":"<p>&nbsp; El contar con infraestructura en \u00f3ptimas condiciones es uno de los objetivos del Gobierno de Culiac\u00e1n, por ello contin\u00faan los trabajos para lograrlo y estos llegaron hasta la Ciclov\u00eda del sector Los \u00c1ngeles, en el tramo ubicado frente al Nuevo Hospital General, donde se ubicaba un socav\u00f3n de gran tama\u00f1o. El desperfecto imped\u00eda a [&hellip;]<\/p>\n","protected":false},"author":1,"featured_media":1513,"comment_status":"closed","ping_status":"closed","sticky":false,"template":"","format":"standard","meta":{"footnotes":""},"categories":[24],"tags":[],"ppma_author":[31],"class_list":["post-17454","post","type-post","status-publish","format-standard","has-post-thumbnail","hentry","category-relevantes"],"aioseo_notices":[],"authors":[{"term_id":31,"user_id":1,"is_guest":0,"slug":"ivan3vino","display_name":"Iv\u00e1n Trevi\u00f1o","avatar_url":{"url":"https:\/\/visionciudadana.com.mx\/oficial\/wp-content\/uploads\/2025\/09\/columna-ivan-Trevino.png","url2x":"https:\/\/visionciudadana.com.mx\/oficial\/wp-content\/uploads\/2025\/09\/columna-ivan-Trevino.png"},"0":null,"1":"","2":"","3":"","4":"","5":"","6":"","7":"","8":""}],"_links":{"self":[{"href":"https:\/\/visionciudadana.com.mx\/oficial\/wp-json\/wp\/v2\/posts\/17454","targetHints":{"allow":["GET"]}}],"collection":[{"href":"https:\/\/visionciudadana.com.mx\/oficial\/wp-json\/wp\/v2\/posts"}],"about":[{"href":"https:\/\/visionciudadana.com.mx\/oficial\/wp-json\/wp\/v2\/types\/post"}],"author":[{"embeddable":true,"href":"https:\/\/visionciudadana.com.mx\/oficial\/wp-json\/wp\/v2\/users\/1"}],"replies":[{"embeddable":true,"href":"https:\/\/visionciudadana.com.mx\/oficial\/wp-json\/wp\/v2\/comments?post=17454"}],"version-history":[{"count":1,"href":"https:\/\/visionciudadana.com.mx\/oficial\/wp-json\/wp\/v2\/posts\/17454\/revisions"}],"predecessor-version":[{"id":30701,"href":"https:\/\/visionciudadana.com.mx\/oficial\/wp-json\/wp\/v2\/posts\/17454\/revisions\/30701"}],"wp:featuredmedia":[{"embeddable":true,"href":"https:\/\/visionciudadana.com.mx\/oficial\/wp-json\/wp\/v2\/posts\/1513"}],"wp:attachment":[{"href":"https:\/\/visionciudadana.com.mx\/oficial\/wp-json\/wp\/v2\/media?parent=17454"}],"wp:term":[{"taxonomy":"category","embeddable":true,"href":"https:\/\/visionciudadana.com.mx\/oficial\/wp-json\/wp\/v2\/categories?post=17454"},{"taxonomy":"post_tag","embeddable":true,"href":"https:\/\/visionciudadana.com.mx\/oficial\/wp-json\/wp\/v2\/tags?post=17454"},{"taxonomy":"author","embeddable":true,"href":"https:\/\/visionciudadana.com.mx\/oficial\/wp-json\/wp\/v2\/ppma_author?post=17454"}],"curies":[{"name":"wp","href":"https:\/\/api.w.org\/{rel}","templated":true}]}}