{"id":17451,"date":"2021-08-23T20:22:50","date_gmt":"2021-08-23T20:22:50","guid":{"rendered":"https:\/\/visionciudadana.com.mx\/chio\/2021\/08\/23\/se-pronuncia-cedh-por-el-respeto-a-los-derechos-de-la-salud-y-educacion-del-alumnado\/"},"modified":"2025-06-24T23:31:30","modified_gmt":"2025-06-24T23:31:30","slug":"se-pronuncia-cedh-por-el-respeto-a-los-derechos-de-la-salud-y-educacion-del-alumnado","status":"publish","type":"post","link":"https:\/\/visionciudadana.com.mx\/oficial\/2021\/08\/23\/se-pronuncia-cedh-por-el-respeto-a-los-derechos-de-la-salud-y-educacion-del-alumnado\/","title":{"rendered":"Se pronuncia CEDH por el respeto a los derechos de la salud y educaci\u00f3n del alumnado"},"content":{"rendered":"<p>&nbsp;<\/p>\n<p><img fetchpriority=\"high\" decoding=\"async\" src=\"images\/2021\/jose_car.jpg\" alt=\"jose car\" width=\"720\" height=\"480\" style=\"display: block; margin: 20px auto;\" \/><\/p>\n<p style=\"text-align: justify;\"><span style=\"font-size: 14pt; font-family: arial, helvetica, sans-serif;\">En atenci\u00f3n al llamado de las autoridades federales y estatales para el regreso presencial a clases durante el pr\u00f3ximo ciclo escolar 2021-2022, la Comisi\u00f3n Estatal de los Derechos Humanos (CEDH) se pronuncia porque se garantice el inter\u00e9s superior de la ni\u00f1ez, armonizando los derechos a la salud y a la educaci\u00f3n de ni\u00f1as, ni\u00f1os, adolescentes y j\u00f3venes del estado de Sinaloa.<\/span><\/p>\n<p style=\"text-align: justify;\">&nbsp;<\/p>\n<p style=\"text-align: justify;\"><span style=\"font-size: 14pt; font-family: arial, helvetica, sans-serif;\">La CEDH atentamente exhorta a las autoridades competentes para que, dentro del marco constitucional y legal correspondiente, se generen los consensos pertinentes a trav\u00e9s de la informaci\u00f3n disponible, bajo criterios t\u00e9cnicos y con base cient\u00edfica y del di\u00e1logo respetuoso entre autoridades educativas, escolares, docentes, padres de familia y estudiantes en general, para que de esa manera se garantice la participaci\u00f3n de todos los sectores involucrados y se legitime la decisi\u00f3n que se tome al respecto.<\/span><\/p>\n<p style=\"text-align: justify;\">&nbsp;<\/p>\n<p style=\"text-align: justify;\"><span style=\"font-size: 14pt; font-family: arial, helvetica, sans-serif;\">La Organizaci\u00f3n Mundial de la Salud ha se\u00f1alado de manera reiterada que todos los pa\u00edses deben encontrar un equilibrio entre la protecci\u00f3n de la salud, la prevenci\u00f3n de los trastornos sociales y econ\u00f3micos, y el respeto de los derechos humanos frente a la pandemia por covid-19.<\/span><\/p>\n<p style=\"text-align: justify;\">&nbsp;<\/p>\n<p style=\"text-align: justify;\"><span style=\"font-size: 14pt; font-family: arial, helvetica, sans-serif;\">Por tanto, la Comisi\u00f3n Estatal de los Derechos Humanos continuar\u00e1 atenta de las medidas que en su momento se adopten y estar\u00e1 vigilante de que \u00e9stas se ajusten al \u00e1mbito constitucional de respeto irrestricto a los derechos humanos de la poblaci\u00f3n escolar sinaloense.<\/span><\/p>\n<p style=\"text-align: justify;\">&nbsp;<\/p>\n<p style=\"text-align: justify;\">&nbsp;<\/p>\n<p style=\"text-align: justify;\"><span style=\"font-size: 14pt; font-family: arial, helvetica, sans-serif;\">REDACCI\u00d3N\/VISI\u00d3N CIUDADANA.<\/span><\/p>\n","protected":false},"excerpt":{"rendered":"<p>&nbsp; En atenci\u00f3n al llamado de las autoridades federales y estatales para el regreso presencial a clases durante el pr\u00f3ximo ciclo escolar 2021-2022, la Comisi\u00f3n Estatal de los Derechos Humanos (CEDH) se pronuncia porque se garantice el inter\u00e9s superior de la ni\u00f1ez, armonizando los derechos a la salud y a la educaci\u00f3n de ni\u00f1as, ni\u00f1os, [&hellip;]<\/p>\n","protected":false},"author":1,"featured_media":1507,"comment_status":"closed","ping_status":"closed","sticky":false,"template":"","format":"standard","meta":{"footnotes":""},"categories":[24],"tags":[],"ppma_author":[31],"class_list":["post-17451","post","type-post","status-publish","format-standard","has-post-thumbnail","hentry","category-relevantes"],"aioseo_notices":[],"authors":[{"term_id":31,"user_id":1,"is_guest":0,"slug":"ivan3vino","display_name":"Iv\u00e1n Trevi\u00f1o","avatar_url":{"url":"https:\/\/visionciudadana.com.mx\/oficial\/wp-content\/uploads\/2025\/09\/columna-ivan-Trevino.png","url2x":"https:\/\/visionciudadana.com.mx\/oficial\/wp-content\/uploads\/2025\/09\/columna-ivan-Trevino.png"},"0":null,"1":"","2":"","3":"","4":"","5":"","6":"","7":"","8":""}],"_links":{"self":[{"href":"https:\/\/visionciudadana.com.mx\/oficial\/wp-json\/wp\/v2\/posts\/17451","targetHints":{"allow":["GET"]}}],"collection":[{"href":"https:\/\/visionciudadana.com.mx\/oficial\/wp-json\/wp\/v2\/posts"}],"about":[{"href":"https:\/\/visionciudadana.com.mx\/oficial\/wp-json\/wp\/v2\/types\/post"}],"author":[{"embeddable":true,"href":"https:\/\/visionciudadana.com.mx\/oficial\/wp-json\/wp\/v2\/users\/1"}],"replies":[{"embeddable":true,"href":"https:\/\/visionciudadana.com.mx\/oficial\/wp-json\/wp\/v2\/comments?post=17451"}],"version-history":[{"count":1,"href":"https:\/\/visionciudadana.com.mx\/oficial\/wp-json\/wp\/v2\/posts\/17451\/revisions"}],"predecessor-version":[{"id":30704,"href":"https:\/\/visionciudadana.com.mx\/oficial\/wp-json\/wp\/v2\/posts\/17451\/revisions\/30704"}],"wp:featuredmedia":[{"embeddable":true,"href":"https:\/\/visionciudadana.com.mx\/oficial\/wp-json\/wp\/v2\/posts\/1507"}],"wp:attachment":[{"href":"https:\/\/visionciudadana.com.mx\/oficial\/wp-json\/wp\/v2\/media?parent=17451"}],"wp:term":[{"taxonomy":"category","embeddable":true,"href":"https:\/\/visionciudadana.com.mx\/oficial\/wp-json\/wp\/v2\/categories?post=17451"},{"taxonomy":"post_tag","embeddable":true,"href":"https:\/\/visionciudadana.com.mx\/oficial\/wp-json\/wp\/v2\/tags?post=17451"},{"taxonomy":"author","embeddable":true,"href":"https:\/\/visionciudadana.com.mx\/oficial\/wp-json\/wp\/v2\/ppma_author?post=17451"}],"curies":[{"name":"wp","href":"https:\/\/api.w.org\/{rel}","templated":true}]}}