{"id":17442,"date":"2021-08-20T19:04:36","date_gmt":"2021-08-20T19:04:36","guid":{"rendered":"https:\/\/visionciudadana.com.mx\/chio\/2021\/08\/20\/llevan-a-cabo-feria-nacional-de-empleo-para-jovenes-e-inclusion-laboral\/"},"modified":"2025-06-24T23:31:30","modified_gmt":"2025-06-24T23:31:30","slug":"llevan-a-cabo-feria-nacional-de-empleo-para-jovenes-e-inclusion-laboral","status":"publish","type":"post","link":"https:\/\/visionciudadana.com.mx\/oficial\/2021\/08\/20\/llevan-a-cabo-feria-nacional-de-empleo-para-jovenes-e-inclusion-laboral\/","title":{"rendered":"Llevan a cabo \u201cFeria Nacional de Empleo para J\u00f3venes e Inclusi\u00f3n Laboral\u201d"},"content":{"rendered":"<p style=\"text-align: justify;\"><b><br \/><span style=\"font-size: 14pt; font-family: arial, helvetica, sans-serif;\"><\/span><\/b><\/p>\n<p class=\"x_MsoNormal\" style=\"text-align: justify;\" align=\"center\"><span style=\"font-size: 14pt; font-family: arial, helvetica, sans-serif;\"><b>&nbsp;<img fetchpriority=\"high\" decoding=\"async\" src=\"images\/2021\/laboral.jpg\" alt=\"laboral\" width=\"780\" height=\"420\" style=\"display: block; margin: 20px auto;\" \/><\/b><\/span><\/p>\n<p class=\"x_MsoNormal\" style=\"text-align: justify;\" align=\"center\"><span style=\"font-size: 14pt; font-family: arial, helvetica, sans-serif;\">Al participar en la apertura de la Feria Nacional Virtual de Empleo para J\u00f3venes e Inclusi\u00f3n Laboral que llev\u00f3 a cabo el Servicio&nbsp; Nacional del Empleo en Sinaloa, el Secretario de Econom\u00eda,&nbsp; Javier Liz\u00e1rraga Mercado, destac\u00f3 que en el Gobierno de Quirino Ordaz Coppel en los \u00faltimos cuatro meses se ha ido recuperando la creaci\u00f3n de nuevos empleos formales registrados ante el IMSS.<\/span><\/p>\n<p style=\"text-align: justify;\">&nbsp;<\/p>\n<p class=\"x_MsoNormal\" style=\"text-align: justify;\"><span style=\"font-size: 14pt; font-family: arial, helvetica, sans-serif;\">\u201cEsto demuestra que&nbsp; Sinaloa va en una franca recuperaci\u00f3n del empleo, mi benepl\u00e1cito por estas nuevas vacantes y demuestra el restablecimiento en la econom\u00eda y esperamos que todos ustedes logren una oportunidad laboral y colocarse en una empresa\u201d, precis\u00f3.<\/span><\/p>\n<p style=\"text-align: justify;\">&nbsp;<\/p>\n<p class=\"x_MsoNormal\" style=\"text-align: justify;\"><span style=\"font-size: 14pt; font-family: arial, helvetica, sans-serif;\">En su mensaje el Director del Servicio Nacional del Empleo en Sinaloa, Arturo Torres Sato, destac\u00f3 que las Ferias del Empleo tienen la finalidad integrar a m\u00e1s personas, se genere ocupaci\u00f3n y empleo productivo.<\/span><\/p>\n<p style=\"text-align: justify;\">&nbsp;<\/p>\n<p class=\"x_MsoNormal\" style=\"text-align: justify;\"><span style=\"font-size: 14pt; font-family: arial, helvetica, sans-serif;\">\u201cDestacar que Sinaloa se ha posicionado en el mes de julio en el 7 lugar en la generaci\u00f3n de empleo, lo que quiere decir que se crearon 36 mil 881 nuevos puestos de trabajo formales ante el IMSS comparando al mismo mes del a\u00f1o pasado\u201d subray\u00f3.<\/span><\/p>\n<p style=\"text-align: justify;\">&nbsp;<\/p>\n<p class=\"x_MsoNormal\" style=\"text-align: justify;\"><span style=\"font-size: 14pt; font-family: arial, helvetica, sans-serif;\">El Director del Servicio Nacional del Empleo dijo que estas jornadas virtuales de empleo ayudar\u00e1 a que cada vez un mayor n\u00famero de personas interesadas se coloquen en una empresa y puedan acceder a mejores ingresos.<\/span><\/p>\n<p style=\"text-align: justify;\">&nbsp;<\/p>\n<p class=\"x_MsoNormal\" style=\"text-align: justify;\"><span style=\"font-size: 14pt; font-family: arial, helvetica, sans-serif;\">En esta Feria Nacional Virtual de Empleo para J\u00f3venes e Inclusi\u00f3n Laboral en Culiac\u00e1n se ofertaron m\u00e1s de 516 vacantes y participaron m\u00e1s de 54 empresas para diversos giros como administrativos, profesionistas, operativos, t\u00e9cnicos, ventas y promotor\u00edas.<\/span><\/p>\n<p style=\"text-align: justify;\">&nbsp;<\/p>\n<p class=\"x_MsoNormal\" style=\"text-align: justify;\"><span style=\"font-size: 14pt; font-family: arial, helvetica, sans-serif;\">Este concepto de Feria Virtual se llevar\u00e1 a cabo el pr\u00f3ximo fin de Semana con vacantes en&nbsp; Mazatl\u00e1n y en lo que va del 2021 se han desarrollados 19 ferias y jornadas de empleo con modelos de este tipo y mixto.<\/span><\/p>\n<p style=\"text-align: justify;\">&nbsp;<\/p>\n<p class=\"x_MsoNormal\" style=\"text-align: justify;\"><span style=\"font-size: 14pt; font-family: arial, helvetica, sans-serif;\">Participaron en esta Feria del Empleo, Beny Corrales Vega, representante del programa J\u00f3venes Construyendo el Futuro y Roberto Aguilar Ramos, Director del Instituto Sinaloense de la Juventud.<\/span><\/p>\n<p style=\"text-align: justify;\">&nbsp;<\/p>\n<p style=\"text-align: justify;\">&nbsp;<\/p>\n<p style=\"text-align: justify;\"><span style=\"font-size: 14pt; font-family: arial, helvetica, sans-serif;\">REDACCI\u00d3N\/VISI\u00d3N CIUDADANA.<\/span><\/p>\n","protected":false},"excerpt":{"rendered":"<p>&nbsp; Al participar en la apertura de la Feria Nacional Virtual de Empleo para J\u00f3venes e Inclusi\u00f3n Laboral que llev\u00f3 a cabo el Servicio&nbsp; Nacional del Empleo en Sinaloa, el Secretario de Econom\u00eda,&nbsp; Javier Liz\u00e1rraga Mercado, destac\u00f3 que en el Gobierno de Quirino Ordaz Coppel en los \u00faltimos cuatro meses se ha ido recuperando la [&hellip;]<\/p>\n","protected":false},"author":1,"featured_media":1497,"comment_status":"closed","ping_status":"closed","sticky":false,"template":"","format":"standard","meta":{"footnotes":""},"categories":[24],"tags":[],"ppma_author":[31],"class_list":["post-17442","post","type-post","status-publish","format-standard","has-post-thumbnail","hentry","category-relevantes"],"aioseo_notices":[],"authors":[{"term_id":31,"user_id":1,"is_guest":0,"slug":"ivan3vino","display_name":"Iv\u00e1n Trevi\u00f1o","avatar_url":{"url":"https:\/\/visionciudadana.com.mx\/oficial\/wp-content\/uploads\/2025\/09\/columna-ivan-Trevino.png","url2x":"https:\/\/visionciudadana.com.mx\/oficial\/wp-content\/uploads\/2025\/09\/columna-ivan-Trevino.png"},"0":null,"1":"","2":"","3":"","4":"","5":"","6":"","7":"","8":""}],"_links":{"self":[{"href":"https:\/\/visionciudadana.com.mx\/oficial\/wp-json\/wp\/v2\/posts\/17442","targetHints":{"allow":["GET"]}}],"collection":[{"href":"https:\/\/visionciudadana.com.mx\/oficial\/wp-json\/wp\/v2\/posts"}],"about":[{"href":"https:\/\/visionciudadana.com.mx\/oficial\/wp-json\/wp\/v2\/types\/post"}],"author":[{"embeddable":true,"href":"https:\/\/visionciudadana.com.mx\/oficial\/wp-json\/wp\/v2\/users\/1"}],"replies":[{"embeddable":true,"href":"https:\/\/visionciudadana.com.mx\/oficial\/wp-json\/wp\/v2\/comments?post=17442"}],"version-history":[{"count":1,"href":"https:\/\/visionciudadana.com.mx\/oficial\/wp-json\/wp\/v2\/posts\/17442\/revisions"}],"predecessor-version":[{"id":30705,"href":"https:\/\/visionciudadana.com.mx\/oficial\/wp-json\/wp\/v2\/posts\/17442\/revisions\/30705"}],"wp:featuredmedia":[{"embeddable":true,"href":"https:\/\/visionciudadana.com.mx\/oficial\/wp-json\/wp\/v2\/posts\/1497"}],"wp:attachment":[{"href":"https:\/\/visionciudadana.com.mx\/oficial\/wp-json\/wp\/v2\/media?parent=17442"}],"wp:term":[{"taxonomy":"category","embeddable":true,"href":"https:\/\/visionciudadana.com.mx\/oficial\/wp-json\/wp\/v2\/categories?post=17442"},{"taxonomy":"post_tag","embeddable":true,"href":"https:\/\/visionciudadana.com.mx\/oficial\/wp-json\/wp\/v2\/tags?post=17442"},{"taxonomy":"author","embeddable":true,"href":"https:\/\/visionciudadana.com.mx\/oficial\/wp-json\/wp\/v2\/ppma_author?post=17442"}],"curies":[{"name":"wp","href":"https:\/\/api.w.org\/{rel}","templated":true}]}}