{"id":17441,"date":"2021-08-20T18:02:32","date_gmt":"2021-08-20T18:02:32","guid":{"rendered":"https:\/\/visionciudadana.com.mx\/chio\/2021\/08\/20\/las-clases-presenciales-no-violan-el-derecho-a-la-salud-de-los-menores-sepyc\/"},"modified":"2025-06-24T23:31:30","modified_gmt":"2025-06-24T23:31:30","slug":"las-clases-presenciales-no-violan-el-derecho-a-la-salud-de-los-menores-sepyc","status":"publish","type":"post","link":"https:\/\/visionciudadana.com.mx\/oficial\/2021\/08\/20\/las-clases-presenciales-no-violan-el-derecho-a-la-salud-de-los-menores-sepyc\/","title":{"rendered":"Las clases presenciales NO violan el derecho a la salud de los menores: SEPyC"},"content":{"rendered":"<p>&nbsp;<\/p>\n<p><img fetchpriority=\"high\" decoding=\"async\" src=\"images\/2021\/aulas.jpg\" alt=\"aulas\" width=\"780\" height=\"420\" style=\"display: block; margin: 20px auto;\" \/><\/p>\n<p style=\"text-align: justify;\"><span style=\"font-size: 14pt; font-family: arial, helvetica, sans-serif;\">Sin un control de pandemia (Covid-19) y sin una vacuna existente para los menores de edad y, otros factores que no garantizan la salud de estos, es imposible un regreso a clases presencial.<\/span><\/p>\n<p style=\"text-align: justify;\">&nbsp;<\/p>\n<p style=\"text-align: justify;\"><span style=\"font-size: 14pt; font-family: arial, helvetica, sans-serif;\">Por tanto es Importante que autoridades federales y estatales consideren de manera pertinente dar marcha atr\u00e1s a la idea de dar inicio a las clases presenciales en estos momentos al igual que, los Centros de Aprendizaje porque no son lo mejor para los Ni\u00f1os, Ni\u00f1as y Adolescentes ya que, el sem\u00e1foro en Sinaloa, as\u00ed como en otras entidades del pa\u00eds contin\u00faa en rojo lo que significa que no pueden, ni deben entrar en una necedad de apertura y poner en riesgo la vida de los menores.<\/span><\/p>\n<p style=\"text-align: justify;\">&nbsp;<\/p>\n<p style=\"text-align: justify;\"><span style=\"font-size: 14pt; font-family: arial, helvetica, sans-serif;\">Por lo que es inadmisible que las autoridades contin\u00faen en la misma tesitura cuando claramente Sinaloa tiene m\u00e1s de 200 escuelas vandalizadas afectando con mayores da\u00f1os a instituciones educativas de Culiac\u00e1n donde los robos fueron desde el cableado, tuber\u00edas, aires acondicionados adem\u00e1s de la suciedad en la que se encuentran por el desuso de las mismas como basura acumulada, monte crecido, ramas de \u00e1rboles ca\u00eddos y dem\u00e1s. Sin contar con los m\u00e1s de dos mil 500 casos de contagios de Covid y las m\u00e1s de 20 defunciones en menores.<\/span><\/p>\n<p style=\"text-align: justify;\">&nbsp;<\/p>\n<p style=\"text-align: justify;\"><span style=\"font-size: 14pt; font-family: arial, helvetica, sans-serif;\">Ante esto la Secretar\u00eda de Educaci\u00f3n P\u00fablica y cultura en la localidad inform\u00f3 v\u00eda Acceso a la Informaci\u00f3n P\u00fablica a Visi\u00f3n Ciudadana Portal que actualmente est\u00e1n en proceso tanto de la Autoridad federal como estatal la publicaci\u00f3n del protocolo o medidas sanitarias contra el Covid-19 para el regreso a clases de los NNA.<\/span><\/p>\n<p style=\"text-align: justify;\">&nbsp;<\/p>\n<p style=\"text-align: justify;\"><span style=\"font-size: 14pt; font-family: arial, helvetica, sans-serif;\">Lo que en la investigaci\u00f3n se encontr\u00f3 es que SEPyC se contradice ya que desde al a\u00f1o pasado tanto Salud y SEP federal cuentan con una gu\u00eda de orientaci\u00f3n para la reapertura de las escuelas ante COVID-19 donde expone claramente cu\u00e1ndo reabrir escuelas, jornadas de limpieza, uso adecuado del cubre bocas, recomendaciones para la limpieza y desinfecci\u00f3n diaria de escuelas entre otras, que de igual manera hizo llegar la SEP con la Estrategia Nacional para el Regreso Seguro a Clases Presenciales en las Escuelas de Educaci\u00f3n B\u00e1sica donde de igual modo, muestra detalladamente cada una de las medidas de prevenci\u00f3n, organizaci\u00f3n, coordinaci\u00f3n y una serie de esquemas de seguimiento del retorno y desarrollo de clases presenciales as\u00ed como las estrategias a nivel nacional para tal fin.<\/span><\/p>\n<p style=\"text-align: justify;\">&nbsp;<\/p>\n<p style=\"text-align: justify;\"><span style=\"font-size: 14pt; font-family: arial, helvetica, sans-serif;\">Adem\u00e1s a dicha solicitud la Secretar\u00eda de Educaci\u00f3n P\u00fablica en la entidad, respondi\u00f3 que en estos momentos la Secretar\u00eda de Salud no ha emitido un documento que especifique o en su caso avale que el regreso a clases de Ni\u00f1os, Ni\u00f1as y Adolescentes es una actividad esencial ante la situaci\u00f3n de sem\u00e1foro en rojo.<\/span><\/p>\n<p style=\"text-align: justify;\">&nbsp;<\/p>\n<p style=\"text-align: justify;\"><span style=\"font-size: 14pt; font-family: arial, helvetica, sans-serif;\">Pero donde queda el Derecho a la salud?<\/span><\/p>\n<p style=\"text-align: justify;\"><span style=\"font-size: 14pt; font-family: arial, helvetica, sans-serif;\">Este podr\u00eda ser uno de los principales temas que las autoridades federales y estatales deber\u00edan de estar analizando pues estar\u00edan violando de acuerdo a la Estrategia Nacional para el regreso Seguro a Clases Presenciales en las Escuelas de Educaci\u00f3n b\u00e1sica y la Gu\u00eda de orientaci\u00f3n para la reapertura de las escuelas ante Covid-19, mencionadas anteriormente toda vez que es necesario ser cautos y reabrir las escuelas en el momento en que se tengan las mejores condiciones para ello, a fin de controlar los riesgos para la salud.<\/span><\/p>\n<p style=\"text-align: justify;\">&nbsp;<\/p>\n<p style=\"text-align: justify;\"><span style=\"font-size: 14pt; font-family: arial, helvetica, sans-serif;\">Sin embargo a esto, la SepYC manifest\u00f3 en la informaci\u00f3n solicitada que el regreso a clases presenciales de NNA no viola el derecho a la salud de estos, ni a la seguridad social lo que contradice tambi\u00e9n y pone en entre dicho a la Gu\u00eda de Orientaci\u00f3n para la reapertura de las escuelas ante Covid-19 donde claramente informa que: Las Escuelas abrir\u00e1n hasta que el sem\u00e1foro est\u00e9 en color verde considerando que la reapertura de estas, depender\u00e1 tambi\u00e9n de la evoluci\u00f3n de los escenarios epidemiol\u00f3gicos en cada entidad, ya que en cada regi\u00f3n la carga comunitaria del virus es diferente y el nivel de riesgo tambi\u00e9n var\u00eda.<\/span><\/p>\n<p style=\"text-align: justify;\">&nbsp;<\/p>\n<p style=\"text-align: justify;\"><span style=\"font-size: 14pt; font-family: arial, helvetica, sans-serif;\">Tambi\u00e9n especifica que tampoco cuentan con un dictamen cient\u00edfico emitido por especialistas en la materia de combate al Covid-19 que avale que el regreso a clases de manera presencial a las aulas ser\u00e1 seguro para los ni\u00f1os.<\/span><\/p>\n<p style=\"text-align: justify;\">&nbsp;<\/p>\n<p style=\"text-align: justify;\"><span style=\"font-size: 14pt; font-family: arial, helvetica, sans-serif;\">Contradiciendo adem\u00e1s lo manifestado por la Secretaria Ejecutiva de Sipinna, Marganita Ur\u00edas Burgos, quien dej\u00f3 en claro que primero est\u00e1 en el centro la salud de los ni\u00f1os como una prioridad, sin omitir el derecho a la Educaci\u00f3n.<\/span><\/p>\n<p style=\"text-align: justify;\">&nbsp;<\/p>\n<p style=\"text-align: justify;\"><span style=\"font-size: 14pt; font-family: arial, helvetica, sans-serif;\">\u201cLa prioridad aqu\u00ed es el tema de salud y m\u00e1s que estad\u00edsticas se debe de pensar en los NNA y en cada experiencia se debe de retomar el tema, y no podemos omitir el derecho a la educaci\u00f3n, pero s\u00ed debemos de poner en el centro el derecho a la salud de la ni\u00f1ez por lo que, dentro de eso podemos ver el riesgo que se tiene todav\u00eda por el n\u00famero de casos de contagio y fallecimientos por lo que se tiene que modificar el m\u00e9todo de regreso a clases y aplicar el m\u00e9todo h\u00edbrido para los municipios que m\u00e1s convenga\u201d.<\/span><\/p>\n<p style=\"text-align: justify;\">&nbsp;<\/p>\n<p style=\"text-align: justify;\"><span style=\"font-size: 14pt; font-family: arial, helvetica, sans-serif;\">REDACCI\u00d3N\/CELINA FONSECA.<\/span><\/p>\n","protected":false},"excerpt":{"rendered":"<p>&nbsp; Sin un control de pandemia (Covid-19) y sin una vacuna existente para los menores de edad y, otros factores que no garantizan la salud de estos, es imposible un regreso a clases presencial. &nbsp; Por tanto es Importante que autoridades federales y estatales consideren de manera pertinente dar marcha atr\u00e1s a la idea de [&hellip;]<\/p>\n","protected":false},"author":1,"featured_media":1495,"comment_status":"closed","ping_status":"closed","sticky":false,"template":"","format":"standard","meta":{"footnotes":""},"categories":[24],"tags":[],"ppma_author":[31],"class_list":["post-17441","post","type-post","status-publish","format-standard","has-post-thumbnail","hentry","category-relevantes"],"aioseo_notices":[],"authors":[{"term_id":31,"user_id":1,"is_guest":0,"slug":"ivan3vino","display_name":"Iv\u00e1n Trevi\u00f1o","avatar_url":{"url":"https:\/\/visionciudadana.com.mx\/oficial\/wp-content\/uploads\/2025\/09\/columna-ivan-Trevino.png","url2x":"https:\/\/visionciudadana.com.mx\/oficial\/wp-content\/uploads\/2025\/09\/columna-ivan-Trevino.png"},"0":null,"1":"","2":"","3":"","4":"","5":"","6":"","7":"","8":""}],"_links":{"self":[{"href":"https:\/\/visionciudadana.com.mx\/oficial\/wp-json\/wp\/v2\/posts\/17441","targetHints":{"allow":["GET"]}}],"collection":[{"href":"https:\/\/visionciudadana.com.mx\/oficial\/wp-json\/wp\/v2\/posts"}],"about":[{"href":"https:\/\/visionciudadana.com.mx\/oficial\/wp-json\/wp\/v2\/types\/post"}],"author":[{"embeddable":true,"href":"https:\/\/visionciudadana.com.mx\/oficial\/wp-json\/wp\/v2\/users\/1"}],"replies":[{"embeddable":true,"href":"https:\/\/visionciudadana.com.mx\/oficial\/wp-json\/wp\/v2\/comments?post=17441"}],"version-history":[{"count":1,"href":"https:\/\/visionciudadana.com.mx\/oficial\/wp-json\/wp\/v2\/posts\/17441\/revisions"}],"predecessor-version":[{"id":30706,"href":"https:\/\/visionciudadana.com.mx\/oficial\/wp-json\/wp\/v2\/posts\/17441\/revisions\/30706"}],"wp:featuredmedia":[{"embeddable":true,"href":"https:\/\/visionciudadana.com.mx\/oficial\/wp-json\/wp\/v2\/posts\/1495"}],"wp:attachment":[{"href":"https:\/\/visionciudadana.com.mx\/oficial\/wp-json\/wp\/v2\/media?parent=17441"}],"wp:term":[{"taxonomy":"category","embeddable":true,"href":"https:\/\/visionciudadana.com.mx\/oficial\/wp-json\/wp\/v2\/categories?post=17441"},{"taxonomy":"post_tag","embeddable":true,"href":"https:\/\/visionciudadana.com.mx\/oficial\/wp-json\/wp\/v2\/tags?post=17441"},{"taxonomy":"author","embeddable":true,"href":"https:\/\/visionciudadana.com.mx\/oficial\/wp-json\/wp\/v2\/ppma_author?post=17441"}],"curies":[{"name":"wp","href":"https:\/\/api.w.org\/{rel}","templated":true}]}}