{"id":17438,"date":"2021-08-19T21:53:52","date_gmt":"2021-08-19T21:53:52","guid":{"rendered":"https:\/\/visionciudadana.com.mx\/chio\/2021\/08\/19\/entregan-documento-comercio-certificado-a-comerciantes-de-la-via-publica-en-el-primer-cuadro\/"},"modified":"2025-06-24T23:31:30","modified_gmt":"2025-06-24T23:31:30","slug":"entregan-documento-comercio-certificado-a-comerciantes-de-la-via-publica-en-el-primer-cuadro","status":"publish","type":"post","link":"https:\/\/visionciudadana.com.mx\/oficial\/2021\/08\/19\/entregan-documento-comercio-certificado-a-comerciantes-de-la-via-publica-en-el-primer-cuadro\/","title":{"rendered":"Entregan documento comercio certificado a comerciantes de la v\u00eda p\u00fablica en el primer cuadro"},"content":{"rendered":"<p style=\"text-align: justify;\"><img fetchpriority=\"high\" decoding=\"async\" src=\"images\/2021\/agosto21\/locales_certificado.jpg\" alt=\"locales certificado\" width=\"780\" height=\"420\" style=\"display: block; margin: 20px auto;\" \/><br \/><span style=\"font-size: 14pt; font-family: arial, helvetica, sans-serif;\">Los esfuerzos del Gobierno de Culiac\u00e1n encabezado por el alcalde Lic. Jes\u00fas Estrada Ferreiro, para salvaguardar la salud de todos, se han reforzado en todas las actividades de la capital Sinaloense, principalmente en el comercio, por ello el d\u00eda de hoy se verificaron algunos puntos de venta.<\/span><\/p>\n<p style=\"text-align: justify;\">&nbsp;<\/p>\n<p style=\"text-align: justify;\"><span style=\"font-size: 14pt; font-family: arial, helvetica, sans-serif;\">Mediante el trabajo coordinado entre la Direcci\u00f3n de Salud Municipal, Departamento de Mercados y Comercio en la V\u00eda P\u00fablica, Coordinaci\u00f3n de Inspecci\u00f3n y Vigilancia, este jueves se visit\u00f3 a los responsables de los puestos, quienes de forma voluntaria re\u00fanen los requisitos para recibir el documento denominado Comercio Certificado.<\/span><\/p>\n<p style=\"text-align: justify;\">&nbsp;<\/p>\n<p style=\"text-align: justify;\"><span style=\"font-size: 14pt; font-family: arial, helvetica, sans-serif;\">Durante el recorrido por el primer cuadro de la ciudad, Jes\u00fas Adri\u00e1n Cerda Orozco titular de Mercados del Municipio, corrobor\u00f3 los datos de los due\u00f1os y despachadores, e hizo entrega del documento, tras comprobar ambas dosis de vacuna contra el Covid-19.<\/span><\/p>\n<p style=\"text-align: justify;\">&nbsp;<\/p>\n<p style=\"text-align: justify;\"><span style=\"font-size: 14pt; font-family: arial, helvetica, sans-serif;\">Con la presente medida preventiva, se busca crear las condiciones de confianza entre los consumidores de la ciudad, y que esto a su vez incida en un incremento de las ventas.<\/span><\/p>\n<p style=\"text-align: justify;\">&nbsp;<\/p>\n<p style=\"text-align: justify;\"><span style=\"font-size: 14pt; font-family: arial, helvetica, sans-serif;\">El documento comercio certificado ser\u00e1 otorgado a 120 comerciantes de la v\u00eda p\u00fablica localizados en el primer cuadro de la ciudad, que se suman a los protocolos de salud ya conocidos; cubrebocas, desinfecci\u00f3n de manos y sana distancia.<\/span><\/p>\n<p style=\"text-align: justify;\">&nbsp;<\/p>\n<p style=\"text-align: justify;\"><span style=\"font-size: 14pt; font-family: arial, helvetica, sans-serif;\">El Gobierno de Culiac\u00e1n reafirma su compromiso de trabajar en conjunto con los comercios de la ciudad, esto a fin de proteger la salud de la poblaci\u00f3n. y reitera que no se emitir\u00e1n sanciones a quienes no lo consideren necesario.<\/span><\/p>\n<p style=\"text-align: justify;\">&nbsp;<\/p>\n<p style=\"text-align: justify;\">&nbsp;<\/p>\n<p style=\"text-align: justify;\"><span style=\"font-size: 14pt; font-family: arial, helvetica, sans-serif;\">REDACCI\u00d3N\/VISI\u00d3N CIUDADANA.<\/span><\/p>\n","protected":false},"excerpt":{"rendered":"<p>Los esfuerzos del Gobierno de Culiac\u00e1n encabezado por el alcalde Lic. Jes\u00fas Estrada Ferreiro, para salvaguardar la salud de todos, se han reforzado en todas las actividades de la capital Sinaloense, principalmente en el comercio, por ello el d\u00eda de hoy se verificaron algunos puntos de venta. &nbsp; Mediante el trabajo coordinado entre la Direcci\u00f3n [&hellip;]<\/p>\n","protected":false},"author":1,"featured_media":1491,"comment_status":"closed","ping_status":"closed","sticky":false,"template":"","format":"standard","meta":{"footnotes":""},"categories":[13],"tags":[],"ppma_author":[31],"class_list":["post-17438","post","type-post","status-publish","format-standard","has-post-thumbnail","hentry","category-locales"],"aioseo_notices":[],"authors":[{"term_id":31,"user_id":1,"is_guest":0,"slug":"ivan3vino","display_name":"Iv\u00e1n Trevi\u00f1o","avatar_url":{"url":"https:\/\/visionciudadana.com.mx\/oficial\/wp-content\/uploads\/2025\/09\/columna-ivan-Trevino.png","url2x":"https:\/\/visionciudadana.com.mx\/oficial\/wp-content\/uploads\/2025\/09\/columna-ivan-Trevino.png"},"0":null,"1":"","2":"","3":"","4":"","5":"","6":"","7":"","8":""}],"_links":{"self":[{"href":"https:\/\/visionciudadana.com.mx\/oficial\/wp-json\/wp\/v2\/posts\/17438","targetHints":{"allow":["GET"]}}],"collection":[{"href":"https:\/\/visionciudadana.com.mx\/oficial\/wp-json\/wp\/v2\/posts"}],"about":[{"href":"https:\/\/visionciudadana.com.mx\/oficial\/wp-json\/wp\/v2\/types\/post"}],"author":[{"embeddable":true,"href":"https:\/\/visionciudadana.com.mx\/oficial\/wp-json\/wp\/v2\/users\/1"}],"replies":[{"embeddable":true,"href":"https:\/\/visionciudadana.com.mx\/oficial\/wp-json\/wp\/v2\/comments?post=17438"}],"version-history":[{"count":1,"href":"https:\/\/visionciudadana.com.mx\/oficial\/wp-json\/wp\/v2\/posts\/17438\/revisions"}],"predecessor-version":[{"id":30707,"href":"https:\/\/visionciudadana.com.mx\/oficial\/wp-json\/wp\/v2\/posts\/17438\/revisions\/30707"}],"wp:featuredmedia":[{"embeddable":true,"href":"https:\/\/visionciudadana.com.mx\/oficial\/wp-json\/wp\/v2\/posts\/1491"}],"wp:attachment":[{"href":"https:\/\/visionciudadana.com.mx\/oficial\/wp-json\/wp\/v2\/media?parent=17438"}],"wp:term":[{"taxonomy":"category","embeddable":true,"href":"https:\/\/visionciudadana.com.mx\/oficial\/wp-json\/wp\/v2\/categories?post=17438"},{"taxonomy":"post_tag","embeddable":true,"href":"https:\/\/visionciudadana.com.mx\/oficial\/wp-json\/wp\/v2\/tags?post=17438"},{"taxonomy":"author","embeddable":true,"href":"https:\/\/visionciudadana.com.mx\/oficial\/wp-json\/wp\/v2\/ppma_author?post=17438"}],"curies":[{"name":"wp","href":"https:\/\/api.w.org\/{rel}","templated":true}]}}