{"id":17436,"date":"2021-08-19T20:15:31","date_gmt":"2021-08-19T20:15:31","guid":{"rendered":"https:\/\/visionciudadana.com.mx\/chio\/2021\/08\/19\/imposible-el-regreso-a-clases-de-manera-presencial\/"},"modified":"2025-06-24T23:31:30","modified_gmt":"2025-06-24T23:31:30","slug":"imposible-el-regreso-a-clases-de-manera-presencial","status":"publish","type":"post","link":"https:\/\/visionciudadana.com.mx\/oficial\/2021\/08\/19\/imposible-el-regreso-a-clases-de-manera-presencial\/","title":{"rendered":"Imposible el regreso a clases de manera presencial"},"content":{"rendered":"<p style=\"text-align: justify;\"><img fetchpriority=\"high\" decoding=\"async\" src=\"images\/2021\/agosto21\/regreso_a_clases.jpg\" alt=\"regreso a clases\" width=\"1280\" height=\"720\" style=\"display: block; margin: 20px auto;\" \/><\/p>\n<p style=\"text-align: justify;\"><span style=\"font-size: 14pt; font-family: arial, helvetica, sans-serif;\">Al asegurar que el regreso a clases de manera presencial de este ciclo 2021-2022 ser\u00eda lo mejor para los ni\u00f1os, ni\u00f1as y adolescentes en cuesti\u00f3n de ense\u00f1anza-aprendizaje, socializaci\u00f3n y dem\u00e1s sigue siendo a\u00fan muy incierto y desconcertante para los padres de familia y maestros porque no hay condiciones \u00f3ptimas para retomar actividades en las aulas este pr\u00f3ximo 30 de agosto.<\/span><\/p>\n<p style=\"text-align: justify;\">&nbsp;<\/p>\n<p style=\"text-align: justify;\"><span style=\"font-size: 14pt; font-family: arial, helvetica, sans-serif;\">Se ha hablado mucho de que este regreso es inminente y no se puede postergar m\u00e1s, pues es fundamental y necesario, dicho por autoridades de la Secretar\u00eda de Educaci\u00f3n P\u00fablica y el propio presidente de la Rep\u00fablica, Andr\u00e9s Manuel L\u00f3pez Obrador quienes aseguran y garantizan que el programa estrat\u00e9gico en limpieza y sanidad escolar dar\u00e1n buenos resultados.<\/span><\/p>\n<p style=\"text-align: justify;\">&nbsp;<\/p>\n<p style=\"text-align: justify;\"><span style=\"font-size: 14pt; font-family: arial, helvetica, sans-serif;\">Sin embargo, el sem\u00e1foro epidemiol\u00f3gico que se toma en cuenta por las particularidades de cada regi\u00f3n y en Sinaloa, es por dem\u00e1s decir que es imposible e inconveniente un regreso a clases de manera presencial toda vez que, la gu\u00eda de Orientaci\u00f3n para la Reapertura de escuelas ante Covid-19, detalla que: las escuelas abrir\u00e1n hasta que el sem\u00e1foro est\u00e9 en color verde y que para darles apertura se debe de tener en cuenta la variabilidad del sem\u00e1foro en riesgo.<\/span><\/p>\n<p style=\"text-align: justify;\">&nbsp;<\/p>\n<p style=\"text-align: justify;\"><span style=\"font-size: 14pt; font-family: arial, helvetica, sans-serif;\">Al respecto la Secretaria Ejecutiva del Sistema Estatal de protecci\u00f3n Integral de Ni\u00f1os, Ni\u00f1as y Adolescentes en Sinaloa, Margarita Ur\u00edas Burgos, expres\u00f3 que tomando todas las consideraciones y elementos analizados, tanto la Secretar\u00eda de Educaci\u00f3n P\u00fablica como padre de familia y autoridades de los tres niveles de gobierno deben de ir paulatinamente experiencia por experiencia generando una nueva pol\u00edtica p\u00fablica en el derecho a la educaci\u00f3n sin violar el derecho a la salud de los menores.<\/span><\/p>\n<p style=\"text-align: justify;\">&nbsp;<\/p>\n<p style=\"text-align: justify;\"><span style=\"font-size: 14pt; font-family: arial, helvetica, sans-serif;\">\u201cDebemos buscar equilibrios y respeto de quienes est\u00e1n a favor o no en el regreso a clases presencial y el m\u00e9todo aqu\u00ed nos tiene que ir diciendo como se puede seguir ya que para un regreso masivo no se tienen condiciones\u201d.<\/span><\/p>\n<p style=\"text-align: justify;\">&nbsp;<\/p>\n<p style=\"text-align: justify;\"><span style=\"font-size: 14pt; font-family: arial, helvetica, sans-serif;\">Se\u00f1al\u00f3 que el regreso se tiene que hacer previniendo en todos los sentidos tanto de los que pueden ir a presencial y los que se quedan en casa y en ese sentido \u2013dijo- la SEPyC puede ir mejorando en mucho de manera paulatina.<\/span><\/p>\n<p style=\"text-align: justify;\">&nbsp;<\/p>\n<p style=\"text-align: justify;\"><span style=\"font-size: 14pt; font-family: arial, helvetica, sans-serif;\">\u201cLa prioridad aqu\u00ed es el tema de salud y m\u00e1s que estad\u00edsticas se debe de pensar en los NNA y en cada experiencia se debe de retomar el tema, y no podemos omitir el derecho a la educaci\u00f3n, pero s\u00ed debemos de poner en el centro el derecho a la salud de la ni\u00f1ez por lo que, dentro de eso podemos ver el riesgo que se tiene todav\u00eda por el n\u00famero de casos de contagio y fallecimientos por lo que se tiene que modificar el m\u00e9todo de regreso a clases y aplicar el m\u00e9todo h\u00edbrido para los municipios que m\u00e1s convenga\u201d.<\/span><\/p>\n<p style=\"text-align: justify;\">&nbsp;<\/p>\n<p style=\"text-align: justify;\">&nbsp;<\/p>\n<p style=\"text-align: justify;\"><span style=\"font-size: 14pt; font-family: arial, helvetica, sans-serif;\">REDACCI\u00d3N\/CELINA FONSECA.<\/span><\/p>\n","protected":false},"excerpt":{"rendered":"<p>Al asegurar que el regreso a clases de manera presencial de este ciclo 2021-2022 ser\u00eda lo mejor para los ni\u00f1os, ni\u00f1as y adolescentes en cuesti\u00f3n de ense\u00f1anza-aprendizaje, socializaci\u00f3n y dem\u00e1s sigue siendo a\u00fan muy incierto y desconcertante para los padres de familia y maestros porque no hay condiciones \u00f3ptimas para retomar actividades en las aulas [&hellip;]<\/p>\n","protected":false},"author":1,"featured_media":1487,"comment_status":"closed","ping_status":"closed","sticky":false,"template":"","format":"standard","meta":{"footnotes":""},"categories":[24],"tags":[],"ppma_author":[31],"class_list":["post-17436","post","type-post","status-publish","format-standard","has-post-thumbnail","hentry","category-relevantes"],"aioseo_notices":[],"authors":[{"term_id":31,"user_id":1,"is_guest":0,"slug":"ivan3vino","display_name":"Iv\u00e1n Trevi\u00f1o","avatar_url":{"url":"https:\/\/visionciudadana.com.mx\/oficial\/wp-content\/uploads\/2025\/09\/columna-ivan-Trevino.png","url2x":"https:\/\/visionciudadana.com.mx\/oficial\/wp-content\/uploads\/2025\/09\/columna-ivan-Trevino.png"},"0":null,"1":"","2":"","3":"","4":"","5":"","6":"","7":"","8":""}],"_links":{"self":[{"href":"https:\/\/visionciudadana.com.mx\/oficial\/wp-json\/wp\/v2\/posts\/17436","targetHints":{"allow":["GET"]}}],"collection":[{"href":"https:\/\/visionciudadana.com.mx\/oficial\/wp-json\/wp\/v2\/posts"}],"about":[{"href":"https:\/\/visionciudadana.com.mx\/oficial\/wp-json\/wp\/v2\/types\/post"}],"author":[{"embeddable":true,"href":"https:\/\/visionciudadana.com.mx\/oficial\/wp-json\/wp\/v2\/users\/1"}],"replies":[{"embeddable":true,"href":"https:\/\/visionciudadana.com.mx\/oficial\/wp-json\/wp\/v2\/comments?post=17436"}],"version-history":[{"count":1,"href":"https:\/\/visionciudadana.com.mx\/oficial\/wp-json\/wp\/v2\/posts\/17436\/revisions"}],"predecessor-version":[{"id":30709,"href":"https:\/\/visionciudadana.com.mx\/oficial\/wp-json\/wp\/v2\/posts\/17436\/revisions\/30709"}],"wp:featuredmedia":[{"embeddable":true,"href":"https:\/\/visionciudadana.com.mx\/oficial\/wp-json\/wp\/v2\/posts\/1487"}],"wp:attachment":[{"href":"https:\/\/visionciudadana.com.mx\/oficial\/wp-json\/wp\/v2\/media?parent=17436"}],"wp:term":[{"taxonomy":"category","embeddable":true,"href":"https:\/\/visionciudadana.com.mx\/oficial\/wp-json\/wp\/v2\/categories?post=17436"},{"taxonomy":"post_tag","embeddable":true,"href":"https:\/\/visionciudadana.com.mx\/oficial\/wp-json\/wp\/v2\/tags?post=17436"},{"taxonomy":"author","embeddable":true,"href":"https:\/\/visionciudadana.com.mx\/oficial\/wp-json\/wp\/v2\/ppma_author?post=17436"}],"curies":[{"name":"wp","href":"https:\/\/api.w.org\/{rel}","templated":true}]}}