{"id":17426,"date":"2021-08-18T02:32:20","date_gmt":"2021-08-18T02:32:20","guid":{"rendered":"https:\/\/visionciudadana.com.mx\/chio\/2021\/08\/18\/avanza-proyecto-de-movilidad-segura-en-su-primera-etapa-en-prolongacion-francisco-i-madero\/"},"modified":"2025-06-24T23:31:31","modified_gmt":"2025-06-24T23:31:31","slug":"avanza-proyecto-de-movilidad-segura-en-su-primera-etapa-en-prolongacion-francisco-i-madero","status":"publish","type":"post","link":"https:\/\/visionciudadana.com.mx\/oficial\/2021\/08\/18\/avanza-proyecto-de-movilidad-segura-en-su-primera-etapa-en-prolongacion-francisco-i-madero\/","title":{"rendered":"Avanza proyecto de movilidad segura en su primera etapa en prolongaci\u00f3n Francisco I. Madero"},"content":{"rendered":"<p>&nbsp;<\/p>\n<p><img fetchpriority=\"high\" decoding=\"async\" src=\"images\/2021\/agosto21\/movis.jpg\" alt=\"movis\" width=\"720\" height=\"480\" style=\"display: block; margin: 20px auto;\" \/><\/p>\n<p style=\"text-align: justify;\"><span style=\"font-size: 14pt; font-family: arial, helvetica, sans-serif;\">El proyecto de movilidad segura contin\u00faa avanzando sobre el bulevar Prolongaci\u00f3n Francisco I. Madero y acceso al fraccionamiento Villa del Real, tal y como fue previsto por el alcalde Lic. Jes\u00fas Estrada Ferreiro, esto con el objetivo brindar seguridad a todos los habitantes del sector en su desplazamiento diario.<\/span><\/p>\n<p style=\"text-align: justify;\">&nbsp;<\/p>\n<p style=\"text-align: justify;\"><span style=\"font-size: 14pt; font-family: arial, helvetica, sans-serif;\">A tres semanas de iniciar la construcci\u00f3n de este espacio seguro, el Gobierno de Culiac\u00e1n a trav\u00e9s de la Secretar\u00eda de Obras y Servicios P\u00fablicos ha logrado la instalaci\u00f3n del camell\u00f3n central en un \u00e1rea de 150 metros.<\/span><\/p>\n<p style=\"text-align: justify;\"><span style=\"font-size: 14pt; font-family: arial, helvetica, sans-serif;\">Con la aplicaci\u00f3n de concreto en el camell\u00f3n del bulevar se busca un ordenamiento seguro tanto para automovilistas como peatones, siendo esta la primera etapa del proyecto de movilidad segura.<\/span><\/p>\n<p style=\"text-align: justify;\"><span style=\"font-size: 14pt; font-family: arial, helvetica, sans-serif;\">La comuna est\u00e1 proyectando la instalaci\u00f3n de sem\u00e1foros en las intersecciones a los fraccionamientos aleda\u00f1os, adem\u00e1s de boyas y pintados del camell\u00f3n con su respectiva jardiner\u00eda al interior.<\/span><\/p>\n<p style=\"text-align: justify;\"><span style=\"font-size: 14pt; font-family: arial, helvetica, sans-serif;\">Asimismo, se exhorta a la ciudadan\u00eda a mantener una cultura vial inclusiva y de respeto hacia los dem\u00e1s, esto con la finalidad de evitar siniestros viales en la capital Sinaloense.<\/span><\/p>\n<p style=\"text-align: justify;\">&nbsp;<\/p>\n<p style=\"text-align: justify;\">&nbsp;<\/p>\n<p style=\"text-align: justify;\"><span style=\"font-size: 14pt; font-family: arial, helvetica, sans-serif;\">REDACCI\u00d3N\/VISI\u00d3N CIUDADANA.<\/span><\/p>\n","protected":false},"excerpt":{"rendered":"<p>&nbsp; El proyecto de movilidad segura contin\u00faa avanzando sobre el bulevar Prolongaci\u00f3n Francisco I. Madero y acceso al fraccionamiento Villa del Real, tal y como fue previsto por el alcalde Lic. Jes\u00fas Estrada Ferreiro, esto con el objetivo brindar seguridad a todos los habitantes del sector en su desplazamiento diario. &nbsp; A tres semanas de [&hellip;]<\/p>\n","protected":false},"author":1,"featured_media":1476,"comment_status":"closed","ping_status":"closed","sticky":false,"template":"","format":"standard","meta":{"footnotes":""},"categories":[13],"tags":[],"ppma_author":[31],"class_list":["post-17426","post","type-post","status-publish","format-standard","has-post-thumbnail","hentry","category-locales"],"aioseo_notices":[],"authors":[{"term_id":31,"user_id":1,"is_guest":0,"slug":"ivan3vino","display_name":"Iv\u00e1n Trevi\u00f1o","avatar_url":{"url":"https:\/\/visionciudadana.com.mx\/oficial\/wp-content\/uploads\/2025\/09\/columna-ivan-Trevino.png","url2x":"https:\/\/visionciudadana.com.mx\/oficial\/wp-content\/uploads\/2025\/09\/columna-ivan-Trevino.png"},"0":null,"1":"","2":"","3":"","4":"","5":"","6":"","7":"","8":""}],"_links":{"self":[{"href":"https:\/\/visionciudadana.com.mx\/oficial\/wp-json\/wp\/v2\/posts\/17426","targetHints":{"allow":["GET"]}}],"collection":[{"href":"https:\/\/visionciudadana.com.mx\/oficial\/wp-json\/wp\/v2\/posts"}],"about":[{"href":"https:\/\/visionciudadana.com.mx\/oficial\/wp-json\/wp\/v2\/types\/post"}],"author":[{"embeddable":true,"href":"https:\/\/visionciudadana.com.mx\/oficial\/wp-json\/wp\/v2\/users\/1"}],"replies":[{"embeddable":true,"href":"https:\/\/visionciudadana.com.mx\/oficial\/wp-json\/wp\/v2\/comments?post=17426"}],"version-history":[{"count":1,"href":"https:\/\/visionciudadana.com.mx\/oficial\/wp-json\/wp\/v2\/posts\/17426\/revisions"}],"predecessor-version":[{"id":30710,"href":"https:\/\/visionciudadana.com.mx\/oficial\/wp-json\/wp\/v2\/posts\/17426\/revisions\/30710"}],"wp:featuredmedia":[{"embeddable":true,"href":"https:\/\/visionciudadana.com.mx\/oficial\/wp-json\/wp\/v2\/posts\/1476"}],"wp:attachment":[{"href":"https:\/\/visionciudadana.com.mx\/oficial\/wp-json\/wp\/v2\/media?parent=17426"}],"wp:term":[{"taxonomy":"category","embeddable":true,"href":"https:\/\/visionciudadana.com.mx\/oficial\/wp-json\/wp\/v2\/categories?post=17426"},{"taxonomy":"post_tag","embeddable":true,"href":"https:\/\/visionciudadana.com.mx\/oficial\/wp-json\/wp\/v2\/tags?post=17426"},{"taxonomy":"author","embeddable":true,"href":"https:\/\/visionciudadana.com.mx\/oficial\/wp-json\/wp\/v2\/ppma_author?post=17426"}],"curies":[{"name":"wp","href":"https:\/\/api.w.org\/{rel}","templated":true}]}}