{"id":17425,"date":"2021-08-18T02:25:53","date_gmt":"2021-08-18T02:25:53","guid":{"rendered":"https:\/\/visionciudadana.com.mx\/chio\/2021\/08\/18\/inician-trabajos-de-poda-y-deshierbe-en-la-isla-de-oraba-del-parque-las-riberas\/"},"modified":"2025-06-24T23:31:31","modified_gmt":"2025-06-24T23:31:31","slug":"inician-trabajos-de-poda-y-deshierbe-en-la-isla-de-oraba-del-parque-las-riberas","status":"publish","type":"post","link":"https:\/\/visionciudadana.com.mx\/oficial\/2021\/08\/18\/inician-trabajos-de-poda-y-deshierbe-en-la-isla-de-oraba-del-parque-las-riberas\/","title":{"rendered":"Inician trabajos de poda y deshierbe en la Isla de Orab\u00e1 del Parque Las Riberas"},"content":{"rendered":"<p><img fetchpriority=\"high\" decoding=\"async\" src=\"images\/2021\/agosto21\/poda.jpg\" alt=\"poda\" width=\"720\" height=\"480\" style=\"display: block; margin: 20px auto;\" \/><\/p>\n<p style=\"text-align: justify;\">&nbsp;<\/p>\n<p style=\"text-align: justify;\"><span style=\"font-size: 14pt; font-family: arial, helvetica, sans-serif;\">Personal del Parque Las Riberas inici\u00f3 una jornada de limpieza y deshierbe en la secci\u00f3n de la Isla de Orab\u00e1, sitio declarado santuario protegido de la iguana verde por el Gobierno de Culiac\u00e1n que encabeza el alcalde, Lic. Jes\u00fas Estrada Ferreiro.<\/span><\/p>\n<p style=\"text-align: justify;\"><span style=\"font-size: 14pt; font-family: arial, helvetica, sans-serif;\">Las acciones de retiro de la maleza y acondicionamiento del espacio natural, est\u00e1n desempe\u00f1adas por alrededor de 10 empleados de la Comuna, quienes tienen como actividades principales la poda del zacate de la isla.<\/span><\/p>\n<p style=\"text-align: justify;\"><span style=\"font-size: 14pt; font-family: arial, helvetica, sans-serif;\">Con el uso de desbrozadoras y una tractopodadora de pasto y herramientas de jardiner\u00eda, se arranc\u00f3 con los trabajos de mantenimiento y conservaci\u00f3n del \u00e1rea que se asign\u00f3 de incubaci\u00f3n para la iguana verde.<\/span><\/p>\n<p style=\"text-align: justify;\"><span style=\"font-size: 14pt; font-family: arial, helvetica, sans-serif;\">Este lugar, por el que cruzan cientos de personas diariamente con destino a una conocida plaza comercial y el primer cuadro de la ciudad, su pasto ya presentaba crecimiento desmedido, por ello la urgencia de brindar atenci\u00f3n inmediata.<\/span><\/p>\n<p style=\"text-align: justify;\"><span style=\"font-size: 14pt; font-family: arial, helvetica, sans-serif;\">Durante la temporada de lluvias es com\u00fan que se permita el crecimiento de las plantas y zacates para evitar afectaciones al ecosistema y flora del lugar, por ello es que, a trav\u00e9s de recomendaciones de la Direcci\u00f3n de Medio Ambiente, se realiza en dos ciclos durante todo el periodo.<\/span><\/p>\n<p style=\"text-align: justify;\"><span style=\"font-size: 14pt; font-family: arial, helvetica, sans-serif;\">El Gobierno de Culiac\u00e1n exhorta a la ciudadan\u00eda a proteger los espacios naturales de la ciudad y a su vez participar en su resguardo y permanencia, mediante la responsabilidad compartida de todos.<\/span><\/p>\n<p style=\"text-align: justify;\">&nbsp;<\/p>\n<p style=\"text-align: justify;\">&nbsp;<\/p>\n<p style=\"text-align: justify;\"><span style=\"font-size: 14pt; font-family: arial, helvetica, sans-serif;\">REDACCI\u00d3N\/VISI\u00d3N CIUDADANA.<\/span><\/p>\n","protected":false},"excerpt":{"rendered":"<p>&nbsp; Personal del Parque Las Riberas inici\u00f3 una jornada de limpieza y deshierbe en la secci\u00f3n de la Isla de Orab\u00e1, sitio declarado santuario protegido de la iguana verde por el Gobierno de Culiac\u00e1n que encabeza el alcalde, Lic. Jes\u00fas Estrada Ferreiro. Las acciones de retiro de la maleza y acondicionamiento del espacio natural, est\u00e1n [&hellip;]<\/p>\n","protected":false},"author":1,"featured_media":1474,"comment_status":"closed","ping_status":"closed","sticky":false,"template":"","format":"standard","meta":{"footnotes":""},"categories":[13],"tags":[],"ppma_author":[31],"class_list":["post-17425","post","type-post","status-publish","format-standard","has-post-thumbnail","hentry","category-locales"],"aioseo_notices":[],"authors":[{"term_id":31,"user_id":1,"is_guest":0,"slug":"ivan3vino","display_name":"Iv\u00e1n Trevi\u00f1o","avatar_url":{"url":"https:\/\/visionciudadana.com.mx\/oficial\/wp-content\/uploads\/2025\/09\/columna-ivan-Trevino.png","url2x":"https:\/\/visionciudadana.com.mx\/oficial\/wp-content\/uploads\/2025\/09\/columna-ivan-Trevino.png"},"0":null,"1":"","2":"","3":"","4":"","5":"","6":"","7":"","8":""}],"_links":{"self":[{"href":"https:\/\/visionciudadana.com.mx\/oficial\/wp-json\/wp\/v2\/posts\/17425","targetHints":{"allow":["GET"]}}],"collection":[{"href":"https:\/\/visionciudadana.com.mx\/oficial\/wp-json\/wp\/v2\/posts"}],"about":[{"href":"https:\/\/visionciudadana.com.mx\/oficial\/wp-json\/wp\/v2\/types\/post"}],"author":[{"embeddable":true,"href":"https:\/\/visionciudadana.com.mx\/oficial\/wp-json\/wp\/v2\/users\/1"}],"replies":[{"embeddable":true,"href":"https:\/\/visionciudadana.com.mx\/oficial\/wp-json\/wp\/v2\/comments?post=17425"}],"version-history":[{"count":1,"href":"https:\/\/visionciudadana.com.mx\/oficial\/wp-json\/wp\/v2\/posts\/17425\/revisions"}],"predecessor-version":[{"id":30711,"href":"https:\/\/visionciudadana.com.mx\/oficial\/wp-json\/wp\/v2\/posts\/17425\/revisions\/30711"}],"wp:featuredmedia":[{"embeddable":true,"href":"https:\/\/visionciudadana.com.mx\/oficial\/wp-json\/wp\/v2\/posts\/1474"}],"wp:attachment":[{"href":"https:\/\/visionciudadana.com.mx\/oficial\/wp-json\/wp\/v2\/media?parent=17425"}],"wp:term":[{"taxonomy":"category","embeddable":true,"href":"https:\/\/visionciudadana.com.mx\/oficial\/wp-json\/wp\/v2\/categories?post=17425"},{"taxonomy":"post_tag","embeddable":true,"href":"https:\/\/visionciudadana.com.mx\/oficial\/wp-json\/wp\/v2\/tags?post=17425"},{"taxonomy":"author","embeddable":true,"href":"https:\/\/visionciudadana.com.mx\/oficial\/wp-json\/wp\/v2\/ppma_author?post=17425"}],"curies":[{"name":"wp","href":"https:\/\/api.w.org\/{rel}","templated":true}]}}