{"id":17424,"date":"2021-08-18T02:22:21","date_gmt":"2021-08-18T02:22:21","guid":{"rendered":"https:\/\/visionciudadana.com.mx\/chio\/2021\/08\/18\/inauguran-metrominuto-modulos-informativos-para-fomentar-traslados-a-pie-y-en-bicicleta\/"},"modified":"2025-06-24T23:31:31","modified_gmt":"2025-06-24T23:31:31","slug":"inauguran-metrominuto-modulos-informativos-para-fomentar-traslados-a-pie-y-en-bicicleta","status":"publish","type":"post","link":"https:\/\/visionciudadana.com.mx\/oficial\/2021\/08\/18\/inauguran-metrominuto-modulos-informativos-para-fomentar-traslados-a-pie-y-en-bicicleta\/","title":{"rendered":"Inauguran \u201cMetrominuto\u201d, m\u00f3dulos informativos para fomentar traslados a pie y en bicicleta"},"content":{"rendered":"<p><img fetchpriority=\"high\" decoding=\"async\" src=\"images\/2021\/agosto21\/bici.jpg\" alt=\"bici\" width=\"720\" height=\"480\" style=\"display: block; margin: 20px auto;\" \/><\/p>\n<p style=\"text-align: justify;\"><span style=\"font-size: 14pt; font-family: arial, helvetica, sans-serif;\">En el marco del D\u00eda Mundial del Peat\u00f3n, el alcalde Lic. Jes\u00fas Estrada Ferreiro inaugur\u00f3 \u201cMetrominuto\u201d, proyecto impulsado por el Gobierno de Culiac\u00e1n a trav\u00e9s del Instituto Municipal de Planeaci\u00f3n Urbana (IMPLAN), la Asociaci\u00f3n Civil MAPASIN y la Secretar\u00eda de Desarrollo Sustentable del Estado.<\/span><\/p>\n<p style=\"text-align: justify;\">\n<p><span style=\"font-size: 14pt; font-family: arial, helvetica, sans-serif;\">Esto consiste en la instalaci\u00f3n de m\u00f3dulos informativos con las distancias y tiempos que sirven a los ciudadanos para que puedan orientarse sobre sus trayectos ya sea a pie o en bicicleta, con el objetivo de fomentar otros medios de transporte no contaminantes y amigables con el medio ambiente, adem\u00e1s de promover la actividad f\u00edsica.<\/span><\/p>\n<p style=\"text-align: justify;\">\n<p><span style=\"font-size: 14pt; font-family: arial, helvetica, sans-serif;\">El presidente municipal, celebr\u00f3 esta instalaci\u00f3n que se suma a las acciones realizadas por el municipio para contribuir a mejorar la movilidad y hacerla m\u00e1s segura principalmente para los peatones, quienes son primero en la Pir\u00e1mide de Movilidad Urbana.<\/span><\/p>\n<p style=\"text-align: justify;\">\n<p><span style=\"font-size: 14pt; font-family: arial, helvetica, sans-serif;\">\u201cEn este tema de movilidad, hemos retirado muchos puentes peatonales o antipeatonales, hemos hecho pasos seguros, hemos tratado de peatonalizar parcialmente el centro como estrategia para que la gente entienda que los veh\u00edculos no compran, que las personas son las que compran y las que van a ir a pararse a un escaparate y que les beneficia a los comerciantes\u201d, precis\u00f3.<\/span><\/p>\n<p style=\"text-align: justify;\">\n<p><span style=\"font-size: 14pt; font-family: arial, helvetica, sans-serif;\">Por su parte, Andr\u00e9s Salazar de Proyectos Ejecutivos de Mapasin, explic\u00f3 que el proyecto Metrominuto es un cuadro sin\u00f3ptico de la ciudad de Culiac\u00e1n y de algunos puntos importantes de la misma, que contiene las distancias y el tiempo de recorrido que se har\u00eda caminando y en bicicleta, con la peculiaridad de que dicho mapa, est\u00e1 trazado para demostrar que estos tambi\u00e9n son medios de transporte.<\/span><\/p>\n<p style=\"text-align: justify;\">\n<p><span style=\"font-size: 14pt; font-family: arial, helvetica, sans-serif;\">\u201cEste proyecto est\u00e1 en proceso de hace dos a\u00f1os y nos vali\u00f3 la invitaci\u00f3n a Mapasin a un Congreso Peatonal en Morelia hace dos a\u00f1os de la Organizaci\u00f3n Liga Peatonal, estos mapas son muy comunes en ciudades como Pontevedra en Espa\u00f1a, y otras ciudades espa\u00f1olas y europeas y tambi\u00e9n otras ciudades mexicanas ya los est\u00e1n implementando como es Puebla, San Luis Potos\u00ed y creo que Morelia tambi\u00e9n tiene el suyo\u201d, expres\u00f3.<\/span><\/p>\n<p style=\"text-align: justify;\">\n<p><span style=\"font-size: 14pt; font-family: arial, helvetica, sans-serif;\">Resalt\u00f3 que esta se\u00f1alizaci\u00f3n era muy necesaria para romper el estigma de que trasladarse a pie o en bicicleta es tardado como muchas veces se cree.<\/span><\/p>\n<p style=\"text-align: justify;\">\n<p><span style=\"font-size: 14pt; font-family: arial, helvetica, sans-serif;\">El subsecretario de Desarrollo Sustentable, Jes\u00fas Tesemi Avenda\u00f1o Guerrero, agreg\u00f3 que por primera vez en Culiac\u00e1n se cuenta con esta informaci\u00f3n de primera mano para los usuarios y se le apuesta a una movilidad m\u00e1s moderna y segura, por lo cual felicit\u00f3 al alcalde Lic. Jes\u00fas Estrada Ferreiro por impulsar las pol\u00edticas p\u00fablicas necesarias para ello y para que el peat\u00f3n tenga los derechos que debe de tener.<\/span><\/p>\n<p style=\"text-align: justify;\">&nbsp;<\/p>\n<p style=\"text-align: justify;\">&nbsp;<\/p>\n<p style=\"text-align: justify;\"><span style=\"font-size: 14pt; font-family: arial, helvetica, sans-serif;\">REDACCI\u00d3N\/VISI\u00d3N CIUDADANA.<\/span><\/p>\n","protected":false},"excerpt":{"rendered":"<p>En el marco del D\u00eda Mundial del Peat\u00f3n, el alcalde Lic. Jes\u00fas Estrada Ferreiro inaugur\u00f3 \u201cMetrominuto\u201d, proyecto impulsado por el Gobierno de Culiac\u00e1n a trav\u00e9s del Instituto Municipal de Planeaci\u00f3n Urbana (IMPLAN), la Asociaci\u00f3n Civil MAPASIN y la Secretar\u00eda de Desarrollo Sustentable del Estado. Esto consiste en la instalaci\u00f3n de m\u00f3dulos informativos con las distancias [&hellip;]<\/p>\n","protected":false},"author":1,"featured_media":1472,"comment_status":"closed","ping_status":"closed","sticky":false,"template":"","format":"standard","meta":{"footnotes":""},"categories":[13],"tags":[],"ppma_author":[31],"class_list":["post-17424","post","type-post","status-publish","format-standard","has-post-thumbnail","hentry","category-locales"],"aioseo_notices":[],"authors":[{"term_id":31,"user_id":1,"is_guest":0,"slug":"ivan3vino","display_name":"Iv\u00e1n Trevi\u00f1o","avatar_url":{"url":"https:\/\/visionciudadana.com.mx\/oficial\/wp-content\/uploads\/2025\/09\/columna-ivan-Trevino.png","url2x":"https:\/\/visionciudadana.com.mx\/oficial\/wp-content\/uploads\/2025\/09\/columna-ivan-Trevino.png"},"0":null,"1":"","2":"","3":"","4":"","5":"","6":"","7":"","8":""}],"_links":{"self":[{"href":"https:\/\/visionciudadana.com.mx\/oficial\/wp-json\/wp\/v2\/posts\/17424","targetHints":{"allow":["GET"]}}],"collection":[{"href":"https:\/\/visionciudadana.com.mx\/oficial\/wp-json\/wp\/v2\/posts"}],"about":[{"href":"https:\/\/visionciudadana.com.mx\/oficial\/wp-json\/wp\/v2\/types\/post"}],"author":[{"embeddable":true,"href":"https:\/\/visionciudadana.com.mx\/oficial\/wp-json\/wp\/v2\/users\/1"}],"replies":[{"embeddable":true,"href":"https:\/\/visionciudadana.com.mx\/oficial\/wp-json\/wp\/v2\/comments?post=17424"}],"version-history":[{"count":1,"href":"https:\/\/visionciudadana.com.mx\/oficial\/wp-json\/wp\/v2\/posts\/17424\/revisions"}],"predecessor-version":[{"id":30712,"href":"https:\/\/visionciudadana.com.mx\/oficial\/wp-json\/wp\/v2\/posts\/17424\/revisions\/30712"}],"wp:featuredmedia":[{"embeddable":true,"href":"https:\/\/visionciudadana.com.mx\/oficial\/wp-json\/wp\/v2\/posts\/1472"}],"wp:attachment":[{"href":"https:\/\/visionciudadana.com.mx\/oficial\/wp-json\/wp\/v2\/media?parent=17424"}],"wp:term":[{"taxonomy":"category","embeddable":true,"href":"https:\/\/visionciudadana.com.mx\/oficial\/wp-json\/wp\/v2\/categories?post=17424"},{"taxonomy":"post_tag","embeddable":true,"href":"https:\/\/visionciudadana.com.mx\/oficial\/wp-json\/wp\/v2\/tags?post=17424"},{"taxonomy":"author","embeddable":true,"href":"https:\/\/visionciudadana.com.mx\/oficial\/wp-json\/wp\/v2\/ppma_author?post=17424"}],"curies":[{"name":"wp","href":"https:\/\/api.w.org\/{rel}","templated":true}]}}