{"id":17423,"date":"2021-08-18T02:18:28","date_gmt":"2021-08-18T02:18:28","guid":{"rendered":"https:\/\/visionciudadana.com.mx\/chio\/2021\/08\/18\/anuncia-alcalde-programa-de-rescate-de-espacios-publicos-en-el-dia-mundial-del-peaton\/"},"modified":"2025-06-24T23:31:31","modified_gmt":"2025-06-24T23:31:31","slug":"anuncia-alcalde-programa-de-rescate-de-espacios-publicos-en-el-dia-mundial-del-peaton","status":"publish","type":"post","link":"https:\/\/visionciudadana.com.mx\/oficial\/2021\/08\/18\/anuncia-alcalde-programa-de-rescate-de-espacios-publicos-en-el-dia-mundial-del-peaton\/","title":{"rendered":"Anuncia Alcalde programa de rescate de espacios p\u00fablicos en el D\u00eda Mundial del Peat\u00f3n"},"content":{"rendered":"<p>&nbsp;<\/p>\n<p><img fetchpriority=\"high\" decoding=\"async\" src=\"images\/2021\/agosto21\/alcaide.png\" alt=\"alcaide\" width=\"720\" height=\"480\" style=\"display: block; margin: 20px auto;\" \/><\/p>\n<p class=\"x_MsoNormal\" style=\"text-align: justify;\"><span lang=\"ES\" style=\"font-size: 14pt; font-family: arial, helvetica, sans-serif;\">En el marco de las actividades conmemorativas del D\u00eda Mundial del Peat\u00f3n 2021, el alcalde, Lic. Jes\u00fas Estrada Ferreiro, particip\u00f3 en el seminario virtual organizado por la iniciativa ciudadana MAPASIN, donde la especialista argentina en temas de urbanismo y movilidad de la Asociaci\u00f3n Civil \u201cActivvas\u201d, Ema Cibotti, disert\u00f3 como panelista en temas de accesibilidad universal.<\/span><\/p>\n<p style=\"text-align: justify;\">&nbsp;<\/p>\n<p class=\"x_MsoNormal\" style=\"text-align: justify;\"><span lang=\"ES\" style=\"font-size: 14pt; font-family: arial, helvetica, sans-serif;\">En dicha reuni\u00f3n, Estrada Ferreiro dio a conocer las diferentes acciones que el Gobierno de Culiac\u00e1n ha venido realizando para generar mayores condiciones de seguridad en el desplazamiento vial, como lo son el retiro de puentes antipeatonales, pasos seguros nivel banqueta, instalaci\u00f3n de se\u00f1al\u00e9ticas y restauraci\u00f3n de banquetas.<\/span><\/p>\n<p style=\"text-align: justify;\">&nbsp;<\/p>\n<p class=\"x_MsoNormal\" style=\"text-align: justify;\"><span lang=\"ES\" style=\"font-size: 14pt; font-family: arial, helvetica, sans-serif;\">Ah\u00ed mismo, anunci\u00f3 que a partir del pr\u00f3ximo mes dar\u00e1 inicio un programa integral de rescate de espacios p\u00fablicos, mismo que arrancar\u00eda con labores de restauraci\u00f3n de banquetas ubicadas dentro del primer y segundo cuadro de la ciudad.<\/span><\/p>\n<p style=\"text-align: justify;\">&nbsp;<\/p>\n<p class=\"x_MsoNormal\" style=\"text-align: justify;\"><span lang=\"ES\" style=\"font-size: 14pt; font-family: arial, helvetica, sans-serif;\">\u201cAqu\u00ed, nuestra intenci\u00f3n ser\u00e1 mejorar y reparar la infraestructura urbana del sector, pero adem\u00e1s trabajaremos en varios puntos en los que hemos detectado abusos por parte de vendedores ambulantes y establecimientos comerciales, quienes impiden un debido tr\u00e1nsito del peat\u00f3n al colocar su mercanc\u00eda en plena acera\u201d, expuso el primer edil.<\/span><\/p>\n<p style=\"text-align: justify;\">&nbsp;<\/p>\n<p class=\"x_MsoNormal\" style=\"text-align: justify;\"><span lang=\"ES\" style=\"font-size: 14pt; font-family: arial, helvetica, sans-serif;\">Esta situaci\u00f3n, se\u00f1al\u00f3, obliga a los transe\u00fantes a descender de la banqueta y exponer su integridad f\u00edsica en la vialidad, por lo que \u201cvamos a implementar medidas muy efectivas para corregir esto, porque debemos entender que la ciudad es de todos y no de unos cuantos\u201d.<\/span><\/p>\n<p style=\"text-align: justify;\">&nbsp;<\/p>\n<p class=\"x_MsoNormal\" style=\"text-align: justify;\"><span lang=\"ES\" style=\"font-size: 14pt; font-family: arial, helvetica, sans-serif;\">Durante su participaci\u00f3n, el presidente municipal se comprometi\u00f3 a proponer ante el Cabildo de Culiac\u00e1n un Punto de Acuerdo para que el 2022 sea considerado como \u201cEl A\u00f1o del Peat\u00f3n\u201d, conmemoraci\u00f3n que ser\u00eda acompa\u00f1ada de acciones sustantivas orientadas a garantizar el libre tr\u00e1nsito con condiciones \u00f3ptimas de seguridad y desplazamiento.<\/span><\/p>\n<p style=\"text-align: justify;\">&nbsp;<\/p>\n<p class=\"x_MsoNormal\" style=\"text-align: justify;\"><span lang=\"ES\" style=\"font-size: 14pt; font-family: arial, helvetica, sans-serif;\">Por su parte, la panelista Ema Cibotti, reconoci\u00f3 la voluntad y sensibilidad pol\u00edtica que el alcalde ha plasmado a trav\u00e9s de hechos palpables a lo largo y ancho de la capital, destacando su visi\u00f3n de futuro en proyecto de mediano y largo plazo para construir un municipio con armon\u00eda en la convivencia vial.<\/span><\/p>\n<p style=\"text-align: justify;\">&nbsp;<\/p>\n<p class=\"x_MsoNormal\" style=\"text-align: justify;\"><span lang=\"ES\" style=\"font-size: 14pt; font-family: arial, helvetica, sans-serif;\">Previamente, al disertar la conferencia magistral denominada \u201cCaminar es un derecho, exijamos accesibilidad universal\u201d, hizo un recuento hist\u00f3rico sobre hechos que han impactado al mundo y las naciones para ir dise\u00f1ando poco a poco los esquemas de orden y respeto al peat\u00f3n.<\/span><\/p>\n<p style=\"text-align: justify;\">&nbsp;<\/p>\n<p class=\"x_MsoNormal\" style=\"text-align: justify;\"><span lang=\"ES\" style=\"font-size: 14pt; font-family: arial, helvetica, sans-serif;\">Ponder\u00f3 que caminar con libre tr\u00e1nsito conforma un derecho pol\u00edtico que todo humano deber\u00eda gozar, \u201cen esto reside la importancia de dise\u00f1ar estrategias que contribuyan a una movilidad activa y sustentable al interior de las ciudades, siendo el principal objetivo la generaci\u00f3n de un mayor orden para evitar accidentes viales que ocasionan lesiones severas y hasta la muerte las personas\u201d.<\/span><\/p>\n<p style=\"text-align: justify;\">&nbsp;<\/p>\n<p class=\"x_MsoNormal\" style=\"text-align: justify;\"><span lang=\"ES\" style=\"font-size: 14pt; font-family: arial, helvetica, sans-serif;\">Finalmente, Luis Ernesto Castro, director de MAPASIN, agradeci\u00f3 al alcalde su disposici\u00f3n para trabajar de manera conjunta en temas que impacten positivamente en el flujo vial de la ciudad.<\/span><\/p>\n<p style=\"text-align: justify;\">&nbsp;<\/p>\n<p style=\"text-align: justify;\">&nbsp;<\/p>\n<p style=\"text-align: justify;\"><span style=\"font-size: 14pt; font-family: arial, helvetica, sans-serif;\">REDACCI\u00d3N\/VISI\u00d3N CIUDADANA.<\/span><\/p>\n","protected":false},"excerpt":{"rendered":"<p>&nbsp; En el marco de las actividades conmemorativas del D\u00eda Mundial del Peat\u00f3n 2021, el alcalde, Lic. Jes\u00fas Estrada Ferreiro, particip\u00f3 en el seminario virtual organizado por la iniciativa ciudadana MAPASIN, donde la especialista argentina en temas de urbanismo y movilidad de la Asociaci\u00f3n Civil \u201cActivvas\u201d, Ema Cibotti, disert\u00f3 como panelista en temas de accesibilidad [&hellip;]<\/p>\n","protected":false},"author":1,"featured_media":1470,"comment_status":"closed","ping_status":"closed","sticky":false,"template":"","format":"standard","meta":{"footnotes":""},"categories":[13],"tags":[],"ppma_author":[31],"class_list":["post-17423","post","type-post","status-publish","format-standard","has-post-thumbnail","hentry","category-locales"],"aioseo_notices":[],"authors":[{"term_id":31,"user_id":1,"is_guest":0,"slug":"ivan3vino","display_name":"Iv\u00e1n Trevi\u00f1o","avatar_url":{"url":"https:\/\/visionciudadana.com.mx\/oficial\/wp-content\/uploads\/2025\/09\/columna-ivan-Trevino.png","url2x":"https:\/\/visionciudadana.com.mx\/oficial\/wp-content\/uploads\/2025\/09\/columna-ivan-Trevino.png"},"0":null,"1":"","2":"","3":"","4":"","5":"","6":"","7":"","8":""}],"_links":{"self":[{"href":"https:\/\/visionciudadana.com.mx\/oficial\/wp-json\/wp\/v2\/posts\/17423","targetHints":{"allow":["GET"]}}],"collection":[{"href":"https:\/\/visionciudadana.com.mx\/oficial\/wp-json\/wp\/v2\/posts"}],"about":[{"href":"https:\/\/visionciudadana.com.mx\/oficial\/wp-json\/wp\/v2\/types\/post"}],"author":[{"embeddable":true,"href":"https:\/\/visionciudadana.com.mx\/oficial\/wp-json\/wp\/v2\/users\/1"}],"replies":[{"embeddable":true,"href":"https:\/\/visionciudadana.com.mx\/oficial\/wp-json\/wp\/v2\/comments?post=17423"}],"version-history":[{"count":1,"href":"https:\/\/visionciudadana.com.mx\/oficial\/wp-json\/wp\/v2\/posts\/17423\/revisions"}],"predecessor-version":[{"id":30713,"href":"https:\/\/visionciudadana.com.mx\/oficial\/wp-json\/wp\/v2\/posts\/17423\/revisions\/30713"}],"wp:featuredmedia":[{"embeddable":true,"href":"https:\/\/visionciudadana.com.mx\/oficial\/wp-json\/wp\/v2\/media\/1470"}],"wp:attachment":[{"href":"https:\/\/visionciudadana.com.mx\/oficial\/wp-json\/wp\/v2\/media?parent=17423"}],"wp:term":[{"taxonomy":"category","embeddable":true,"href":"https:\/\/visionciudadana.com.mx\/oficial\/wp-json\/wp\/v2\/categories?post=17423"},{"taxonomy":"post_tag","embeddable":true,"href":"https:\/\/visionciudadana.com.mx\/oficial\/wp-json\/wp\/v2\/tags?post=17423"},{"taxonomy":"author","embeddable":true,"href":"https:\/\/visionciudadana.com.mx\/oficial\/wp-json\/wp\/v2\/ppma_author?post=17423"}],"curies":[{"name":"wp","href":"https:\/\/api.w.org\/{rel}","templated":true}]}}