{"id":17422,"date":"2021-08-18T02:14:07","date_gmt":"2021-08-18T02:14:07","guid":{"rendered":"https:\/\/visionciudadana.com.mx\/chio\/2021\/08\/18\/sinaloa-en-tercer-lugar-nacional-de-vacunacion-contra-covid\/"},"modified":"2025-06-24T23:31:31","modified_gmt":"2025-06-24T23:31:31","slug":"sinaloa-en-tercer-lugar-nacional-de-vacunacion-contra-covid","status":"publish","type":"post","link":"https:\/\/visionciudadana.com.mx\/oficial\/2021\/08\/18\/sinaloa-en-tercer-lugar-nacional-de-vacunacion-contra-covid\/","title":{"rendered":"Sinaloa en tercer lugar nacional de Vacunaci\u00f3n contra Covid"},"content":{"rendered":"<div dir=\"ltr\"><img fetchpriority=\"high\" decoding=\"async\" src=\"images\/2021\/agosto21\/doc_efren.jpg\" alt=\"doc efren\" width=\"720\" height=\"480\" style=\"display: block; margin: 20px auto;\" \/><\/div>\n<div>&nbsp;<\/div>\n<div dir=\"ltr\" style=\"text-align: justify;\"><span style=\"font-size: 14pt; font-family: arial, helvetica, sans-serif;\">Con m\u00e1s de 8 meses continuos de vacunaci\u00f3n contra Covid en todo el estado, hasta el momento m\u00e1s de 1 mill\u00f3n 845 mil Sinaloenses han recibido, cuando menos, una vacuna contra el Covid 19, colocando a Sinaloa en el tercer lugar a nivel nacional en aplicaci\u00f3n de esta protecci\u00f3n.<\/span><\/div>\n<div>&nbsp;<\/div>\n<div dir=\"ltr\" style=\"text-align: justify;\"><span style=\"font-size: 14pt; font-family: arial, helvetica, sans-serif;\">El Dr. Efr\u00e9n Encinas Torres, Secretario de Salud del Estado de Sinaloa, explic\u00f3 que m\u00e1s de 915 mil ciudadanos tienen ya su esquema completo, incluyendo en ello 51 mil trabajadores de Salud, 77 mil 500 docentes, casi 20 mil mujeres embarazadas as\u00ed como m\u00e1s de 8 mil brigadistas y voluntarios de las campa\u00f1as de vacunaci\u00f3n.<\/span><\/div>\n<div style=\"text-align: justify;\">&nbsp;<\/div>\n<div dir=\"ltr\" style=\"text-align: justify;\"><span style=\"font-size: 14pt; font-family: arial, helvetica, sans-serif;\">\u201cEs decir, m\u00e1s de 1 mill\u00f3n 800 mil sinaloenses ya vacunados, ocupamos de hecho el tercer lugar en el pa\u00eds, en cobertura a nivel nacional, est\u00e1 por encima de nosotros la CDMX y Quintana Roo, enseguida Sinaloa, esto ha tra\u00eddo un beneficio importante, como vemos en las \u00faltimas tres semanas, una tendencia estabilizadora de reducci\u00f3n de casos\u201d.<\/span><\/div>\n<div style=\"text-align: justify;\">&nbsp;<\/div>\n<div dir=\"ltr\" style=\"text-align: justify;\"><span style=\"font-size: 14pt; font-family: arial, helvetica, sans-serif;\">Con estos n\u00fameros, Sinaloa marca ya un 82 por ciento de la meta a lograr, con lo que se busca bajar los casos de gravedad en nuestro estado.<\/span><\/div>\n<div style=\"text-align: justify;\">&nbsp;<\/div>\n<div dir=\"ltr\" style=\"text-align: justify;\"><span style=\"font-size: 14pt; font-family: arial, helvetica, sans-serif;\">Encinas Torres insisti\u00f3 en que la vacunaci\u00f3n marcar\u00e1 la diferencia en el manejo de la pandemia, porque si bien, una persona vacunada a\u00fan se puede contagiar, la gravedad de sus s\u00edntomas baja notablemente, lo que da menos posibilidades de llegar a una hospitalizaci\u00f3n o a la muerte.<\/span><\/div>\n<div style=\"text-align: justify;\">&nbsp;<\/div>\n<div dir=\"ltr\" style=\"text-align: justify;\"><span style=\"font-size: 14pt; font-family: arial, helvetica, sans-serif;\">Record\u00f3 que si bien hace poco m\u00e1s de un mes se tuvo un aumento de casos y ocupaci\u00f3n hospitalaria alarmante, la aplicaci\u00f3n de vacunas en los municipios con mayores casos se dio de forma masiva lo que ha logrado, que hasta el momento, se tengan ya tres semanas con n\u00fameros a la baja, pero sobre todo, sin tanta ocupaci\u00f3n de camas en los hospitales.<\/span><\/div>\n<div style=\"text-align: justify;\">&nbsp;<\/div>\n<div dir=\"ltr\" style=\"text-align: justify;\"><span style=\"font-size: 14pt; font-family: arial, helvetica, sans-serif;\">Insisti\u00f3 que ante la necesidad de algunos sectores de salir a laborar es importante recordarles que est\u00e1n protegidos por su vacuna, ya que todas las aplicadas en el estado son confiables y avaladas por la autoridad nacional, pero a la par hay que seguirnos cuidando con el uso permanente del cubrebocas, la sana distancia y el lavado de manos.<\/span><\/div>\n<div style=\"text-align: justify;\">&nbsp;<\/div>\n<div style=\"text-align: justify;\">&nbsp;<\/div>\n<div style=\"text-align: justify;\">&nbsp;<\/div>\n<div style=\"text-align: justify;\"><span style=\"font-size: 14pt; font-family: arial, helvetica, sans-serif;\">REDACCI\u00d3N\/VISI\u00d3N CIUDADANA.<\/span><\/div>\n<div dir=\"ltr\" style=\"text-align: justify;\"><span style=\"font-size: 14pt; font-family: arial, helvetica, sans-serif;\"><\/span><\/div>\n","protected":false},"excerpt":{"rendered":"<p>&nbsp; Con m\u00e1s de 8 meses continuos de vacunaci\u00f3n contra Covid en todo el estado, hasta el momento m\u00e1s de 1 mill\u00f3n 845 mil Sinaloenses han recibido, cuando menos, una vacuna contra el Covid 19, colocando a Sinaloa en el tercer lugar a nivel nacional en aplicaci\u00f3n de esta protecci\u00f3n. &nbsp; El Dr. Efr\u00e9n Encinas [&hellip;]<\/p>\n","protected":false},"author":1,"featured_media":1468,"comment_status":"closed","ping_status":"closed","sticky":false,"template":"","format":"standard","meta":{"footnotes":""},"categories":[24],"tags":[],"ppma_author":[31],"class_list":["post-17422","post","type-post","status-publish","format-standard","has-post-thumbnail","hentry","category-relevantes"],"aioseo_notices":[],"authors":[{"term_id":31,"user_id":1,"is_guest":0,"slug":"ivan3vino","display_name":"Iv\u00e1n Trevi\u00f1o","avatar_url":{"url":"https:\/\/visionciudadana.com.mx\/oficial\/wp-content\/uploads\/2025\/09\/columna-ivan-Trevino.png","url2x":"https:\/\/visionciudadana.com.mx\/oficial\/wp-content\/uploads\/2025\/09\/columna-ivan-Trevino.png"},"0":null,"1":"","2":"","3":"","4":"","5":"","6":"","7":"","8":""}],"_links":{"self":[{"href":"https:\/\/visionciudadana.com.mx\/oficial\/wp-json\/wp\/v2\/posts\/17422","targetHints":{"allow":["GET"]}}],"collection":[{"href":"https:\/\/visionciudadana.com.mx\/oficial\/wp-json\/wp\/v2\/posts"}],"about":[{"href":"https:\/\/visionciudadana.com.mx\/oficial\/wp-json\/wp\/v2\/types\/post"}],"author":[{"embeddable":true,"href":"https:\/\/visionciudadana.com.mx\/oficial\/wp-json\/wp\/v2\/users\/1"}],"replies":[{"embeddable":true,"href":"https:\/\/visionciudadana.com.mx\/oficial\/wp-json\/wp\/v2\/comments?post=17422"}],"version-history":[{"count":1,"href":"https:\/\/visionciudadana.com.mx\/oficial\/wp-json\/wp\/v2\/posts\/17422\/revisions"}],"predecessor-version":[{"id":30714,"href":"https:\/\/visionciudadana.com.mx\/oficial\/wp-json\/wp\/v2\/posts\/17422\/revisions\/30714"}],"wp:featuredmedia":[{"embeddable":true,"href":"https:\/\/visionciudadana.com.mx\/oficial\/wp-json\/wp\/v2\/media\/1468"}],"wp:attachment":[{"href":"https:\/\/visionciudadana.com.mx\/oficial\/wp-json\/wp\/v2\/media?parent=17422"}],"wp:term":[{"taxonomy":"category","embeddable":true,"href":"https:\/\/visionciudadana.com.mx\/oficial\/wp-json\/wp\/v2\/categories?post=17422"},{"taxonomy":"post_tag","embeddable":true,"href":"https:\/\/visionciudadana.com.mx\/oficial\/wp-json\/wp\/v2\/tags?post=17422"},{"taxonomy":"author","embeddable":true,"href":"https:\/\/visionciudadana.com.mx\/oficial\/wp-json\/wp\/v2\/ppma_author?post=17422"}],"curies":[{"name":"wp","href":"https:\/\/api.w.org\/{rel}","templated":true}]}}