{"id":17421,"date":"2021-08-18T02:10:55","date_gmt":"2021-08-18T02:10:55","guid":{"rendered":"https:\/\/visionciudadana.com.mx\/chio\/2021\/08\/18\/con-canje-de-utiles-y-uniformes-se-beneficia-la-economia-local-y-de-las-familias-sinaloenses-quirino\/"},"modified":"2025-06-24T23:31:31","modified_gmt":"2025-06-24T23:31:31","slug":"con-canje-de-utiles-y-uniformes-se-beneficia-la-economia-local-y-de-las-familias-sinaloenses-quirino","status":"publish","type":"post","link":"https:\/\/visionciudadana.com.mx\/oficial\/2021\/08\/18\/con-canje-de-utiles-y-uniformes-se-beneficia-la-economia-local-y-de-las-familias-sinaloenses-quirino\/","title":{"rendered":"Con canje de \u00fatiles y uniformes, se beneficia la econom\u00eda local y de las familias sinaloenses: Quirino"},"content":{"rendered":"<p>&nbsp;<\/p>\n<p><img fetchpriority=\"high\" decoding=\"async\" src=\"images\/2021\/agosto21\/canje.jpg\" alt=\"canje\" width=\"720\" height=\"480\" style=\"display: block; margin: 20px auto;\" \/><\/p>\n<p class=\"x_MsoNormal\" style=\"text-align: justify;\"><span style=\"font-size: 14pt; font-family: arial, helvetica, sans-serif;\">Con una inversi\u00f3n superior a los 300 millones, m\u00e1s de 509 mil alumnos en todo el estado recibir\u00e1n uniformes y \u00fatiles escolares gratuitos, lo cual beneficia a la econom\u00eda de sus familias y a los negocios participantes con la derrama que se propicia, dijo el gobernador Quirino Ordaz Coppel mientras supervisaba los puntos de entrega en el centro&nbsp; comercial de Culiac\u00e1n.<\/span><\/p>\n<p style=\"text-align: justify;\">&nbsp;<\/p>\n<p class=\"x_MsoNormal\" style=\"text-align: justify;\"><span style=\"font-size: 14pt; font-family: arial, helvetica, sans-serif;\">En compa\u00f1\u00eda del secretario de Econom\u00eda, Javier Liz\u00e1rraga Mercado; y el secretario de Educaci\u00f3n P\u00fablica y Cultura, Juan Alfonso Mej\u00eda L\u00f3pez, el gobernador visit\u00f3 las instalaciones de una papeler\u00eda y dos centros de distribuci\u00f3n de uniformes escolares, donde padres y madres de familia le agradecieron por el apoyo recibido para este nuevo ciclo escolar.<\/span><\/p>\n<p style=\"text-align: justify;\">&nbsp;<\/p>\n<p class=\"x_MsoNormal\" style=\"text-align: justify;\"><span style=\"font-size: 14pt; font-family: arial, helvetica, sans-serif;\">A ellos Quirino Ordaz se\u00f1al\u00f3 que esta entrega de \u00fatiles y uniformes \u201ces un programa que ayuda much\u00edsimo a las jefas de familia, a la casa, al hogar, al bolsillo en \u00e9pocas como las que estamos viviendo\u201d, es por ello que Gobierno del Estado invirti\u00f3 m\u00e1s de 300 millones de pesos para beneficiar a m\u00e1s de 509 mil estudiantes.<\/span><\/p>\n<p>&nbsp;<\/p>\n<p class=\"x_MsoNormal\" style=\"text-align: justify;\"><span style=\"font-size: 14pt; font-family: arial, helvetica, sans-serif;\">Reconoci\u00f3 que los establecimientos donde se distribuyen estos apoyos aplican las medidas sanitarias necesarias para prevenir el Covid19, por lo que es seguro que la ciudadan\u00eda acuda a hacer los canjes.<\/span><\/p>\n<p>&nbsp;<\/p>\n<p class=\"x_MsoNormal\" style=\"text-align: justify;\"><span style=\"font-size: 14pt; font-family: arial, helvetica, sans-serif;\">Cabe se\u00f1alar que hay 556 centros de canje de uniformes escolares, de los que corresponden dos por estudiante; y son 316 centros de \u00fatiles escolares.<\/span><\/p>\n<p>&nbsp;<\/p>\n<p class=\"x_MsoNormal\" style=\"text-align: justify;\"><span style=\"font-size: 14pt; font-family: arial, helvetica, sans-serif;\">Se destaca que esta administraci\u00f3n ha invertido m\u00e1s de mil millones 290 mil pesos en uniformes, \u00fatiles y calzado&nbsp;deportivo, lo cual apoya a la econom\u00eda familiar e impulsa a la econom\u00eda local en la industria textil y proveedoras, a la vez que genera miles de empleos.<\/span><\/p>\n<p>&nbsp;<\/p>\n<p>&nbsp;<\/p>\n<p>REDACCI\u00d3N\/VISI\u00d3N CIUDADANA.<\/p>\n","protected":false},"excerpt":{"rendered":"<p>&nbsp; Con una inversi\u00f3n superior a los 300 millones, m\u00e1s de 509 mil alumnos en todo el estado recibir\u00e1n uniformes y \u00fatiles escolares gratuitos, lo cual beneficia a la econom\u00eda de sus familias y a los negocios participantes con la derrama que se propicia, dijo el gobernador Quirino Ordaz Coppel mientras supervisaba los puntos de [&hellip;]<\/p>\n","protected":false},"author":1,"featured_media":1466,"comment_status":"closed","ping_status":"closed","sticky":false,"template":"","format":"standard","meta":{"footnotes":""},"categories":[24],"tags":[],"ppma_author":[31],"class_list":["post-17421","post","type-post","status-publish","format-standard","has-post-thumbnail","hentry","category-relevantes"],"aioseo_notices":[],"authors":[{"term_id":31,"user_id":1,"is_guest":0,"slug":"ivan3vino","display_name":"Iv\u00e1n Trevi\u00f1o","avatar_url":{"url":"https:\/\/visionciudadana.com.mx\/oficial\/wp-content\/uploads\/2025\/09\/columna-ivan-Trevino.png","url2x":"https:\/\/visionciudadana.com.mx\/oficial\/wp-content\/uploads\/2025\/09\/columna-ivan-Trevino.png"},"0":null,"1":"","2":"","3":"","4":"","5":"","6":"","7":"","8":""}],"_links":{"self":[{"href":"https:\/\/visionciudadana.com.mx\/oficial\/wp-json\/wp\/v2\/posts\/17421","targetHints":{"allow":["GET"]}}],"collection":[{"href":"https:\/\/visionciudadana.com.mx\/oficial\/wp-json\/wp\/v2\/posts"}],"about":[{"href":"https:\/\/visionciudadana.com.mx\/oficial\/wp-json\/wp\/v2\/types\/post"}],"author":[{"embeddable":true,"href":"https:\/\/visionciudadana.com.mx\/oficial\/wp-json\/wp\/v2\/users\/1"}],"replies":[{"embeddable":true,"href":"https:\/\/visionciudadana.com.mx\/oficial\/wp-json\/wp\/v2\/comments?post=17421"}],"version-history":[{"count":1,"href":"https:\/\/visionciudadana.com.mx\/oficial\/wp-json\/wp\/v2\/posts\/17421\/revisions"}],"predecessor-version":[{"id":30715,"href":"https:\/\/visionciudadana.com.mx\/oficial\/wp-json\/wp\/v2\/posts\/17421\/revisions\/30715"}],"wp:featuredmedia":[{"embeddable":true,"href":"https:\/\/visionciudadana.com.mx\/oficial\/wp-json\/wp\/v2\/media\/1466"}],"wp:attachment":[{"href":"https:\/\/visionciudadana.com.mx\/oficial\/wp-json\/wp\/v2\/media?parent=17421"}],"wp:term":[{"taxonomy":"category","embeddable":true,"href":"https:\/\/visionciudadana.com.mx\/oficial\/wp-json\/wp\/v2\/categories?post=17421"},{"taxonomy":"post_tag","embeddable":true,"href":"https:\/\/visionciudadana.com.mx\/oficial\/wp-json\/wp\/v2\/tags?post=17421"},{"taxonomy":"author","embeddable":true,"href":"https:\/\/visionciudadana.com.mx\/oficial\/wp-json\/wp\/v2\/ppma_author?post=17421"}],"curies":[{"name":"wp","href":"https:\/\/api.w.org\/{rel}","templated":true}]}}