{"id":17420,"date":"2021-08-18T02:07:33","date_gmt":"2021-08-18T02:07:33","guid":{"rendered":"https:\/\/visionciudadana.com.mx\/chio\/2021\/08\/18\/por-unanimidad-aprueba-cabildo-cambiar-de-recinto-para-realizar-la-sesion-oficial\/"},"modified":"2025-06-24T23:31:31","modified_gmt":"2025-06-24T23:31:31","slug":"por-unanimidad-aprueba-cabildo-cambiar-de-recinto-para-realizar-la-sesion-oficial","status":"publish","type":"post","link":"https:\/\/visionciudadana.com.mx\/oficial\/2021\/08\/18\/por-unanimidad-aprueba-cabildo-cambiar-de-recinto-para-realizar-la-sesion-oficial\/","title":{"rendered":"Por unanimidad, aprueba Cabildo cambiar de recinto para realizar la sesi\u00f3n oficial"},"content":{"rendered":"<p><img fetchpriority=\"high\" decoding=\"async\" src=\"images\/2021\/agosto21\/navos.jpg\" alt=\"navos\" width=\"720\" height=\"480\" style=\"display: block; margin: 20px auto;\" \/><\/p>\n<p style=\"text-align: justify;\"><span style=\"font-size: 14pt; font-family: arial, helvetica, sans-serif;\">Por unanimidad, los integrantes de Cabildo aprobaron una propuesta presentada por el presidente municipal Eliazar Guti\u00e9rrez Angulo de cambio de recinto oficial para llevar a cabo la ceremonia solemne para celebrar el 39 aniversario de la municipalizaci\u00f3n de Navolato, y en esta ocasi\u00f3n la sede ser\u00e1 la Unidad Municipal de Gobierno, el 27 de agosto.<\/span><\/p>\n<p><span style=\"font-size: 14pt; font-family: arial, helvetica, sans-serif;\"><\/span><\/p>\n<p>&nbsp;<\/p>\n<p style=\"text-align: justify;\"><span style=\"font-size: 14pt; font-family: arial, helvetica, sans-serif;\">Durante la sesi\u00f3n de Cabildo Ordinaria 100\/2021, el secretario del Ayuntamiento Jes\u00fas \u00c1ngel Re\u00e1tiga Garc\u00eda dio lectura a la propuesta presentada por el mun\u00edcipe para cambiar de recinto la sesi\u00f3n solemne de Cabildo para la celebraci\u00f3n de la fecha hist\u00f3rica en la que un grupo de personas luch\u00f3 hasta lograr convertir a Navolato en municipio n\u00famero 18, entre ellas Antonio Bonifant, Jes\u00fas Almada, Nello Paperini y Antonio Toledo Corro.<\/span><\/p>\n<p><span style=\"font-size: 14pt; font-family: arial, helvetica, sans-serif;\"><\/span><\/p>\n<p>&nbsp;<\/p>\n<p style=\"text-align: justify;\"><span style=\"font-size: 14pt; font-family: arial, helvetica, sans-serif;\">La propuesta del mandatario municipal Eliazar Guti\u00e9rrez fue que este importante acto que representa la historia sobre la intensa lucha de la municipalizaci\u00f3n, se desarrollara en el auditorio de la Unidad Municipal de Gobierno (Nuevo Palacio Municipal), la cual fue aprobada por todos los miembros de Cabildo.<\/span><\/p>\n<p style=\"text-align: justify;\">\n<p><span style=\"font-size: 14pt; font-family: arial, helvetica, sans-serif;\">El alcalde navolatense explic\u00f3 que en esta fecha transcendental para el municipio de Navolato se realice el acto formal en la Unidad Municipal de Gobierno debido a que este edificio ya es legalmente propiedad del pueblo de Navolato y debe de estar al servicio de toda la ciudadan\u00eda.<\/span><\/p>\n<p style=\"text-align: justify;\">\n<p><span style=\"font-size: 14pt; font-family: arial, helvetica, sans-serif;\">Actualmente El &nbsp;H. Ayuntamiento de Navolato organiza este importante acto para desarrollarse con asistencia limitada, y con todos los protocolos preventivos sanitarios, para cuidar la salud de todos los asistentes y evitar contagios del COVID-19.<\/span><br clear=\"all\" \/><\/p>\n<div>&nbsp;<\/div>\n<div>&nbsp;<\/div>\n<div>&nbsp;<\/div>\n<div style=\"text-align: justify;\"><span style=\"font-size: 14pt; font-family: arial, helvetica, sans-serif;\">REDACCI\u00d3N\/VISI\u00d3N CIUDADANA.&nbsp;<\/span><\/div>\n","protected":false},"excerpt":{"rendered":"<p>Por unanimidad, los integrantes de Cabildo aprobaron una propuesta presentada por el presidente municipal Eliazar Guti\u00e9rrez Angulo de cambio de recinto oficial para llevar a cabo la ceremonia solemne para celebrar el 39 aniversario de la municipalizaci\u00f3n de Navolato, y en esta ocasi\u00f3n la sede ser\u00e1 la Unidad Municipal de Gobierno, el 27 de agosto. [&hellip;]<\/p>\n","protected":false},"author":1,"featured_media":1464,"comment_status":"closed","ping_status":"closed","sticky":false,"template":"","format":"standard","meta":{"footnotes":""},"categories":[13],"tags":[],"ppma_author":[31],"class_list":["post-17420","post","type-post","status-publish","format-standard","has-post-thumbnail","hentry","category-locales"],"aioseo_notices":[],"authors":[{"term_id":31,"user_id":1,"is_guest":0,"slug":"ivan3vino","display_name":"Iv\u00e1n Trevi\u00f1o","avatar_url":{"url":"https:\/\/visionciudadana.com.mx\/oficial\/wp-content\/uploads\/2025\/09\/columna-ivan-Trevino.png","url2x":"https:\/\/visionciudadana.com.mx\/oficial\/wp-content\/uploads\/2025\/09\/columna-ivan-Trevino.png"},"0":null,"1":"","2":"","3":"","4":"","5":"","6":"","7":"","8":""}],"_links":{"self":[{"href":"https:\/\/visionciudadana.com.mx\/oficial\/wp-json\/wp\/v2\/posts\/17420","targetHints":{"allow":["GET"]}}],"collection":[{"href":"https:\/\/visionciudadana.com.mx\/oficial\/wp-json\/wp\/v2\/posts"}],"about":[{"href":"https:\/\/visionciudadana.com.mx\/oficial\/wp-json\/wp\/v2\/types\/post"}],"author":[{"embeddable":true,"href":"https:\/\/visionciudadana.com.mx\/oficial\/wp-json\/wp\/v2\/users\/1"}],"replies":[{"embeddable":true,"href":"https:\/\/visionciudadana.com.mx\/oficial\/wp-json\/wp\/v2\/comments?post=17420"}],"version-history":[{"count":1,"href":"https:\/\/visionciudadana.com.mx\/oficial\/wp-json\/wp\/v2\/posts\/17420\/revisions"}],"predecessor-version":[{"id":30716,"href":"https:\/\/visionciudadana.com.mx\/oficial\/wp-json\/wp\/v2\/posts\/17420\/revisions\/30716"}],"wp:featuredmedia":[{"embeddable":true,"href":"https:\/\/visionciudadana.com.mx\/oficial\/wp-json\/wp\/v2\/media\/1464"}],"wp:attachment":[{"href":"https:\/\/visionciudadana.com.mx\/oficial\/wp-json\/wp\/v2\/media?parent=17420"}],"wp:term":[{"taxonomy":"category","embeddable":true,"href":"https:\/\/visionciudadana.com.mx\/oficial\/wp-json\/wp\/v2\/categories?post=17420"},{"taxonomy":"post_tag","embeddable":true,"href":"https:\/\/visionciudadana.com.mx\/oficial\/wp-json\/wp\/v2\/tags?post=17420"},{"taxonomy":"author","embeddable":true,"href":"https:\/\/visionciudadana.com.mx\/oficial\/wp-json\/wp\/v2\/ppma_author?post=17420"}],"curies":[{"name":"wp","href":"https:\/\/api.w.org\/{rel}","templated":true}]}}