{"id":17417,"date":"2021-08-18T01:53:00","date_gmt":"2021-08-18T01:53:00","guid":{"rendered":"https:\/\/visionciudadana.com.mx\/chio\/2021\/08\/18\/arrancara-rocha-su-gobierno-con-tono-humano-y-obras-de-gran-utilidad-social\/"},"modified":"2025-06-24T23:31:32","modified_gmt":"2025-06-24T23:31:32","slug":"arrancara-rocha-su-gobierno-con-tono-humano-y-obras-de-gran-utilidad-social","status":"publish","type":"post","link":"https:\/\/visionciudadana.com.mx\/oficial\/2021\/08\/18\/arrancara-rocha-su-gobierno-con-tono-humano-y-obras-de-gran-utilidad-social\/","title":{"rendered":"Arrancar\u00e1 Rocha su gobierno con tono humano y obras de gran utilidad social"},"content":{"rendered":"<p class=\"x_MsoNormal\"><img fetchpriority=\"high\" decoding=\"async\" src=\"images\/2021\/agosto21\/arrancara.jpg\" alt=\"arrancara\" width=\"720\" height=\"480\" style=\"display: block; margin: 20px auto;\" \/><\/p>\n<p class=\"x_MsoNormal\" style=\"text-align: justify;\"><span style=\"font-size: 14pt; font-family: arial, helvetica, sans-serif;\">*El gobernador electo detalla los avances alcanzados en reuniones con los titulares de la SCT, Infonavit, Sedatu y la Coordinaci\u00f3n General de Programas Sociales<\/span><\/p>\n<p style=\"text-align: justify;\">&nbsp;<\/p>\n<p style=\"text-align: justify;\"><span style=\"font-size: 14pt; font-family: arial, helvetica, sans-serif;\">El gobernador electo Rub\u00e9n Rocha Moya afirm\u00f3 en entrevista que desde el arranque el pr\u00f3ximo 1 de noviembre su gobierno se distinguir\u00e1 por el tono humano y la ejecuci\u00f3n de obras de gran utilidad social.<\/span><\/p>\n<p style=\"text-align: justify;\">&nbsp;<\/p>\n<p class=\"x_MsoNormal\" style=\"text-align: justify;\"><span style=\"font-size: 14pt; font-family: arial, helvetica, sans-serif;\">El pr\u00f3ximo gobernador de Sinaloa expuso al detalle los avances de las gestiones realizadas durante la agenda de trabajo que llev\u00f3 a cabo la semana pasada en la Ciudad de M\u00e9xico, donde se reuni\u00f3 por separado con los titulares de la SCT, Infonavit, Sedatu y la Coordinaci\u00f3n General de Programas Sociales.<\/span><\/p>\n<p style=\"text-align: justify;\">&nbsp;<\/p>\n<p class=\"x_MsoNormal\" style=\"text-align: justify;\"><span style=\"font-size: 14pt; font-family: arial, helvetica, sans-serif;\">Se\u00f1al\u00f3 que al subsecretario de Infraestructura de la Secretar\u00eda de Comunicaciones y Transportes, Jorge Nu\u00f1o Lara, adem\u00e1s del tema del puente sobre la presa Huites, le plante\u00f3 tres proyectos de carreteras que se construir\u00edan con econom\u00edas o subejercicios presupuestales.<\/span><\/p>\n<p style=\"text-align: justify;\">&nbsp;<\/p>\n<p class=\"x_MsoNormal\" style=\"text-align: justify;\"><span style=\"font-size: 14pt; font-family: arial, helvetica, sans-serif;\">Dichas obras son la carretera de San Benito, Mocorito, al Aguaje, Badiraguato, para conectar con Surutato, con 17.5 kil\u00f3metros de longitud; otra de Batequitas a La Higuerita, en Badiraguato; y una m\u00e1s de Caitime, Salvador Alvarado, al Progreso, Mocorito.<\/span><\/p>\n<p style=\"text-align: justify;\">&nbsp;<\/p>\n<p class=\"x_MsoNormal\" style=\"text-align: justify;\"><span style=\"font-size: 14pt; font-family: arial, helvetica, sans-serif;\">A pregunta expresa, revel\u00f3 que al secretario de Desarrollo Agrario, Territorial y Urbano, Rom\u00e1n Meyer Falc\u00f3n, le propuso \u201cun tema que tambi\u00e9n le hab\u00eda comentado al presidente Andr\u00e9s Manuel L\u00f3pez Obrador, quiero que por lo menos una ciudad de las que tenemos en Sinaloa entre al Programa Mejoramiento Urbano (PMU), es un programa interesante porque tiene que ver con apoyar la vivienda para los grupos vulnerables, rescatar espacios p\u00fablicos y generar una serie de mejoras en el equipamiento urbano, calles y dem\u00e1s; Sinaloa no tiene ni una ciudad en este programa, y yo estar\u00eda pensando en arrancar con Culiac\u00e1n\u201d.<\/span><\/p>\n<p style=\"text-align: justify;\">&nbsp;<\/p>\n<p class=\"x_MsoNormal\" style=\"text-align: justify;\"><span style=\"font-size: 14pt; font-family: arial, helvetica, sans-serif;\">Respecto a su encuentro con el secretario t\u00e9cnico de la Presidencia y coordinador general de los programas sociales del Gobierno Federal, Carlos Torres Rosas, destac\u00f3 que se pusieron de acuerdo para que, adem\u00e1s del Bienpesca, se genere un apoyo en efectivo para los pescadores, relacionado con gasolina y motores marinos.<\/span><\/p>\n<p style=\"text-align: justify;\">&nbsp;<\/p>\n<p class=\"x_MsoNormal\" style=\"text-align: justify;\"><span style=\"font-size: 14pt; font-family: arial, helvetica, sans-serif;\">\u201cVamos a incluirlos en el presupuesto, estamos revisando ya con el gobierno en la transici\u00f3n, con el gobierno actual, los rubros hacia d\u00f3nde voy a direccionar las partidas, vamos a apoyar a los ganaderos, adem\u00e1s de los programas federales, vamos a ponerle recursos en el presupuesto estatal para ganaderos, pescadores y agricultores\u201d, puntualiz\u00f3.<\/span><\/p>\n<p style=\"text-align: justify;\">&nbsp;<\/p>\n<p class=\"x_MsoNormal\" style=\"text-align: justify;\"><span style=\"font-size: 14pt; font-family: arial, helvetica, sans-serif;\">Rocha Moya agreg\u00f3 que con el coordinador de programas sociales tambi\u00e9n trat\u00f3 sobre la posibilidad de invertir en la ampliaci\u00f3n de aquellos que no son universales, como el apoyo a personas con discapacidad; y en el programa La Escuela es Nuestra, a trav\u00e9s del cual se entregan recursos a los padres de familia, sin intermediarios, para el mantenimiento y reparaci\u00f3n de planteles.<\/span><\/p>\n<p style=\"text-align: justify;\">&nbsp;<\/p>\n<p class=\"x_MsoNormal\" style=\"text-align: justify;\"><span style=\"font-size: 14pt; font-family: arial, helvetica, sans-serif;\">En cuanto a la reuni\u00f3n con el director general de Infonavit, Carlos Mart\u00ednez Vel\u00e1zquez, asegur\u00f3 que \u201cando metido en el tema de la vivienda para los desplazados\u201d.<\/span><\/p>\n<p style=\"text-align: justify;\">&nbsp;<\/p>\n<p class=\"x_MsoNormal\" style=\"text-align: justify;\"><span style=\"font-size: 14pt; font-family: arial, helvetica, sans-serif;\">\u201cCon estas gestiones que estoy haciendo, yo quiero empezar con hechos, quiero plantear cosas concretas para grupos como los desplazados, a quienes voy a recibir el primer d\u00eda de mi gobierno, quiero plantear un programa de Estado a los organismos que buscan a sus seres queridos desaparecidos, es decir, quiero darle ese tono humano al arranque de gobierno\u201d, resalt\u00f3.<\/span><\/p>\n<p style=\"text-align: justify;\">&nbsp;<\/p>\n<p style=\"text-align: justify;\">&nbsp;<\/p>\n<p style=\"text-align: justify;\"><span style=\"font-size: 14pt; font-family: arial, helvetica, sans-serif;\">REDACCI\u00d3N\/VISI\u00d3N CIUDADANA.<\/span><\/p>\n","protected":false},"excerpt":{"rendered":"<p>*El gobernador electo detalla los avances alcanzados en reuniones con los titulares de la SCT, Infonavit, Sedatu y la Coordinaci\u00f3n General de Programas Sociales &nbsp; El gobernador electo Rub\u00e9n Rocha Moya afirm\u00f3 en entrevista que desde el arranque el pr\u00f3ximo 1 de noviembre su gobierno se distinguir\u00e1 por el tono humano y la ejecuci\u00f3n de [&hellip;]<\/p>\n","protected":false},"author":1,"featured_media":1458,"comment_status":"closed","ping_status":"closed","sticky":false,"template":"","format":"standard","meta":{"footnotes":""},"categories":[24],"tags":[],"ppma_author":[31],"class_list":["post-17417","post","type-post","status-publish","format-standard","has-post-thumbnail","hentry","category-relevantes"],"aioseo_notices":[],"authors":[{"term_id":31,"user_id":1,"is_guest":0,"slug":"ivan3vino","display_name":"Iv\u00e1n Trevi\u00f1o","avatar_url":{"url":"https:\/\/visionciudadana.com.mx\/oficial\/wp-content\/uploads\/2025\/09\/columna-ivan-Trevino.png","url2x":"https:\/\/visionciudadana.com.mx\/oficial\/wp-content\/uploads\/2025\/09\/columna-ivan-Trevino.png"},"0":null,"1":"","2":"","3":"","4":"","5":"","6":"","7":"","8":""}],"_links":{"self":[{"href":"https:\/\/visionciudadana.com.mx\/oficial\/wp-json\/wp\/v2\/posts\/17417","targetHints":{"allow":["GET"]}}],"collection":[{"href":"https:\/\/visionciudadana.com.mx\/oficial\/wp-json\/wp\/v2\/posts"}],"about":[{"href":"https:\/\/visionciudadana.com.mx\/oficial\/wp-json\/wp\/v2\/types\/post"}],"author":[{"embeddable":true,"href":"https:\/\/visionciudadana.com.mx\/oficial\/wp-json\/wp\/v2\/users\/1"}],"replies":[{"embeddable":true,"href":"https:\/\/visionciudadana.com.mx\/oficial\/wp-json\/wp\/v2\/comments?post=17417"}],"version-history":[{"count":1,"href":"https:\/\/visionciudadana.com.mx\/oficial\/wp-json\/wp\/v2\/posts\/17417\/revisions"}],"predecessor-version":[{"id":30719,"href":"https:\/\/visionciudadana.com.mx\/oficial\/wp-json\/wp\/v2\/posts\/17417\/revisions\/30719"}],"wp:featuredmedia":[{"embeddable":true,"href":"https:\/\/visionciudadana.com.mx\/oficial\/wp-json\/wp\/v2\/media\/1458"}],"wp:attachment":[{"href":"https:\/\/visionciudadana.com.mx\/oficial\/wp-json\/wp\/v2\/media?parent=17417"}],"wp:term":[{"taxonomy":"category","embeddable":true,"href":"https:\/\/visionciudadana.com.mx\/oficial\/wp-json\/wp\/v2\/categories?post=17417"},{"taxonomy":"post_tag","embeddable":true,"href":"https:\/\/visionciudadana.com.mx\/oficial\/wp-json\/wp\/v2\/tags?post=17417"},{"taxonomy":"author","embeddable":true,"href":"https:\/\/visionciudadana.com.mx\/oficial\/wp-json\/wp\/v2\/ppma_author?post=17417"}],"curies":[{"name":"wp","href":"https:\/\/api.w.org\/{rel}","templated":true}]}}