{"id":17416,"date":"2021-08-18T01:49:53","date_gmt":"2021-08-18T01:49:53","guid":{"rendered":"https:\/\/visionciudadana.com.mx\/chio\/2021\/08\/18\/nuevo-pleno-de-ceaip-resuelve-con-perspectiva-de-genero\/"},"modified":"2025-06-24T23:31:32","modified_gmt":"2025-06-24T23:31:32","slug":"nuevo-pleno-de-ceaip-resuelve-con-perspectiva-de-genero","status":"publish","type":"post","link":"https:\/\/visionciudadana.com.mx\/oficial\/2021\/08\/18\/nuevo-pleno-de-ceaip-resuelve-con-perspectiva-de-genero\/","title":{"rendered":"Nuevo Pleno de Ceaip resuelve con perspectiva de g\u00e9nero"},"content":{"rendered":"<p class=\"x_MsoNormal\" align=\"center\"><b><img fetchpriority=\"high\" decoding=\"async\" src=\"images\/2021\/agosto21\/nuevo_pleno.jpg\" alt=\"nuevo pleno\" width=\"720\" height=\"480\" style=\"display: block; margin: 20px auto;\" \/><\/b><\/p>\n<p class=\"x_MsoNormal\" style=\"text-align: justify;\" align=\"right\"><span style=\"font-size: 14pt; font-family: arial, helvetica, sans-serif;\">La Comisionada Liliana Margarita Campuzano Vega expuso lo anterior al participar en el foro \u201cPanorama Actual de la Perspectiva de G\u00e9nero en el Sistema Nacional de Transparencia (SNT)\u201d.<\/span><\/p>\n<p style=\"text-align: justify;\">&nbsp;<\/p>\n<p class=\"x_MsoNormal\" style=\"text-align: justify;\"><span style=\"font-size: 14pt; font-family: arial, helvetica, sans-serif;\">Al exponer en la&nbsp;mesa \u201cResoluciones relevantes en materia de igualdad y equidad de g\u00e9nero del SNT\u201d, cit\u00f3 que anualmente,&nbsp;en todo el pa\u00eds se emite un volumen considerable de resoluciones de recursos de revisi\u00f3n, de las que no se promueven ni detectan aquellas en las que se aplica la perspectiva de g\u00e9nero.<\/span><\/p>\n<p style=\"text-align: justify;\">&nbsp;<\/p>\n<p class=\"x_MsoNormal\" style=\"text-align: justify;\"><span style=\"font-size: 14pt; font-family: arial, helvetica, sans-serif;\">Una de las causas, dijo, es que a pesar de que el derecho de acceso a la informaci\u00f3n p\u00fablica se ejerce desde hace m\u00e1s de 15 a\u00f1os, el SNT es realmente joven, naciendo a ra\u00edz de las reformas constitucionales en las que se dot\u00f3 de autonom\u00eda a los organismos garantes y la plena libertad para resolver.<\/span><\/p>\n<p style=\"text-align: justify;\">&nbsp;<\/p>\n<p class=\"x_MsoNormal\" style=\"text-align: justify;\"><span style=\"font-size: 14pt; font-family: arial, helvetica, sans-serif;\">Otra causa, abund\u00f3, es la normalizaci\u00f3n del uso de lenguaje inadecuado y la falta de sensibilizaci\u00f3n de las personas que intervienen en el recurso, sean parte, tercero interesado o proyectista.<\/span><\/p>\n<p style=\"text-align: justify;\">&nbsp;<\/p>\n<p class=\"x_MsoNormal\" style=\"text-align: justify;\"><span style=\"font-size: 14pt; font-family: arial, helvetica, sans-serif;\">La Comisionada present\u00f3 dos resoluciones emitidas recientemente por Ceaip, en una&nbsp;se solicitaba la resoluci\u00f3n del proceso contra 5 maestros universitarios, separados de la funci\u00f3n por violencia de g\u00e9nero contra alumnas. El sujeto obligado la clasific\u00f3 inadecuadamente como reservada, se revoc\u00f3 para que se pronunciara sobre la existencia de procesos en tr\u00e1mite y su eventual clasificaci\u00f3n; y&nbsp;en el supuesto de haber causado estado, se liberara la informaci\u00f3n.<\/span><\/p>\n<p style=\"text-align: justify;\">&nbsp;<\/p>\n<p class=\"x_MsoNormal\" style=\"text-align: justify;\"><span style=\"font-size: 14pt; font-family: arial, helvetica, sans-serif;\">Mientras que la otra, es&nbsp;la primera resoluci\u00f3n emitida en la historia de Ceaip Sinaloa, incorporando elementos para juzgar con perspectiva de g\u00e9nero por&nbsp;se\u00f1alamientos del recurrente estereotipados, que denostaban, minimizaban, cosificaban y subestimaban la labor de una servidora p\u00fablica.<\/span><\/p>\n<p style=\"text-align: justify;\">&nbsp;<\/p>\n<p class=\"x_MsoNormal\" style=\"text-align: justify;\"><span style=\"font-size: 14pt; font-family: arial, helvetica, sans-serif;\">\u201cAqu\u00ed resalto 2 puntos: 1: mi reconocimiento a la amplia colaboraci\u00f3n, apertura y aceptaci\u00f3n del Comisionado Ponente, que por cierto es nuestro Presidente, Jos\u00e9 Alfredo Beltr\u00e1n, para implementar en su resoluci\u00f3n esta pr\u00e1ctica, como primer ejercicio de la Comisi\u00f3n. Y 2: esto no signific\u00f3 que se confirmara la respuesta del sujeto obligado ya que se atendi\u00f3 de manera paralela dentro de la misma resoluci\u00f3n\u201d, detall\u00f3.<\/span><\/p>\n<p style=\"text-align: justify;\">&nbsp;<\/p>\n<p class=\"x_MsoNormal\" style=\"text-align: justify;\"><span style=\"font-size: 14pt; font-family: arial, helvetica, sans-serif;\">Enfatiz\u00f3 en incorporar la perspectiva de g\u00e9nero en las resoluciones emitidas por los \u00f3rganos garantes de transparencia, misma que se debe hacer de manera oficiosa y no requiere que sea a petici\u00f3n de parte.<\/span><\/p>\n<p style=\"text-align: justify;\">&nbsp;<\/p>\n<p class=\"x_MsoNormal\" style=\"text-align: justify;\"><span style=\"font-size: 14pt; font-family: arial, helvetica, sans-serif;\">\u201cNo puede haber una verdadera igualdad si no reconocemos la equidad en todas las personas, no solamente en las mujeres, hay que ir m\u00e1s all\u00e1 para una verdadera inclusi\u00f3n, pensar en la comunidad LGBTIQ\u201d, propuso.<\/span><\/p>\n<p style=\"text-align: justify;\">&nbsp;<\/p>\n<p class=\"x_MsoNormal\" style=\"text-align: justify;\"><span style=\"font-size: 14pt; font-family: arial, helvetica, sans-serif;\">Se pronunci\u00f3 por atender el principio pro persona, brindar un trato como personas que son y no a partir de un g\u00e9nero, con las siguientes consideraciones:<\/span><\/p>\n<p style=\"text-align: justify;\">&nbsp;<\/p>\n<p class=\"x_MsoNormal\" style=\"text-align: justify;\"><span style=\"font-size: 14pt; font-family: arial, helvetica, sans-serif;\">Sensibilizar, cero normalizaci\u00f3n de violencia, identificarla y distinguirla; uso de lenguaje incluyente; erradicar transcripciones ofensivas y estigmatizaciones en las resoluciones.<\/span><\/p>\n<p style=\"text-align: justify;\">&nbsp;<\/p>\n<p class=\"x_MsoNormal\" style=\"text-align: justify;\"><span style=\"font-size: 14pt; font-family: arial, helvetica, sans-serif;\">Tambi\u00e9n resolver basados en Convenios, Tratados y Acuerdos como lo son la&nbsp;<strong>\u00abConvencion De Belem Do Par\u00e1\u201d,&nbsp;<\/strong>recomendaciones del&nbsp;Comit\u00e9 para la eliminaci\u00f3n de la discriminaci\u00f3n contra la mujer (CEDAW), el Protocolo para Juzgar con Perspectiva de G\u00e9nero de la Suprema Corte de Justicia de la Naci\u00f3n y otros.<\/span><\/p>\n<p style=\"text-align: justify;\">&nbsp;<\/p>\n<p class=\"x_MsoNormal\" style=\"text-align: justify;\"><span style=\"font-size: 14pt; font-family: arial, helvetica, sans-serif;\">Recomend\u00f3 la pr\u00e1ctica del derecho comparado, siendo insumos valiosos las versiones p\u00fablicas de sentencias emitidas por poderes judiciales del pa\u00eds, en las que se aplican los pasos para juzgar con perspectiva de g\u00e9nero.<\/span><\/p>\n<p style=\"text-align: justify;\">&nbsp;<\/p>\n<p class=\"x_MsoNormal\" style=\"text-align: justify;\"><span style=\"font-size: 14pt; font-family: arial, helvetica, sans-serif;\">Adem\u00e1s de colaboraci\u00f3n interinstitucional, buscar acercamiento con las Comisiones de Derechos Humanos, Poderes Judiciales, Fiscal\u00edas, Centros de Justicia para las Mujeres, sistema DIF, Institutos de las Mujeres de los distintos \u00f3rdenes de gobierno locales y sociedad civil, para retroalimentaci\u00f3n, capacitaci\u00f3n y generar micrositios espec\u00edficos como los tienen en Nuevo Le\u00f3n, Veracruz, Puebla, Yucat\u00e1n y en el INAI, se\u00f1al\u00f3.<\/span><\/p>\n<p style=\"text-align: justify;\">&nbsp;<\/p>\n<p class=\"x_MsoNormal\" style=\"text-align: justify;\"><span style=\"font-size: 14pt; font-family: arial, helvetica, sans-serif;\">El foro fue organizado por el Instituto Nacional de Transparencia, Acceso a la Informaci\u00f3n y Protecci\u00f3n de Datos Personales (INAI);&nbsp;l<span lang=\"ES-TRAD\">a&nbsp;<\/span><span lang=\"ES-TRAD\">Coordinaci\u00f3n de los Organismos Garantes de las Entidades Federativas y&nbsp;<\/span>la&nbsp;Comisi\u00f3n de Derechos Humanos, Equidad de G\u00e9nero e Inclusi\u00f3n Social, ambas del Sistema Nacional de Transparencia; as\u00ed como Gobierno del Estado y organismo garante (ITAIPUE) de Puebla.<\/span><\/p>\n<p style=\"text-align: justify;\">&nbsp;<\/p>\n<p style=\"text-align: justify;\">&nbsp;<\/p>\n<p style=\"text-align: justify;\"><span style=\"font-size: 14pt; font-family: arial, helvetica, sans-serif;\">REDACCI\u00d3N\/VISI\u00d3N CIUDADANA.<\/span><\/p>\n","protected":false},"excerpt":{"rendered":"<p>La Comisionada Liliana Margarita Campuzano Vega expuso lo anterior al participar en el foro \u201cPanorama Actual de la Perspectiva de G\u00e9nero en el Sistema Nacional de Transparencia (SNT)\u201d. &nbsp; Al exponer en la&nbsp;mesa \u201cResoluciones relevantes en materia de igualdad y equidad de g\u00e9nero del SNT\u201d, cit\u00f3 que anualmente,&nbsp;en todo el pa\u00eds se emite un volumen [&hellip;]<\/p>\n","protected":false},"author":1,"featured_media":1456,"comment_status":"closed","ping_status":"closed","sticky":false,"template":"","format":"standard","meta":{"footnotes":""},"categories":[24],"tags":[],"ppma_author":[31],"class_list":["post-17416","post","type-post","status-publish","format-standard","has-post-thumbnail","hentry","category-relevantes"],"aioseo_notices":[],"authors":[{"term_id":31,"user_id":1,"is_guest":0,"slug":"ivan3vino","display_name":"Iv\u00e1n Trevi\u00f1o","avatar_url":{"url":"https:\/\/visionciudadana.com.mx\/oficial\/wp-content\/uploads\/2025\/09\/columna-ivan-Trevino.png","url2x":"https:\/\/visionciudadana.com.mx\/oficial\/wp-content\/uploads\/2025\/09\/columna-ivan-Trevino.png"},"0":null,"1":"","2":"","3":"","4":"","5":"","6":"","7":"","8":""}],"_links":{"self":[{"href":"https:\/\/visionciudadana.com.mx\/oficial\/wp-json\/wp\/v2\/posts\/17416","targetHints":{"allow":["GET"]}}],"collection":[{"href":"https:\/\/visionciudadana.com.mx\/oficial\/wp-json\/wp\/v2\/posts"}],"about":[{"href":"https:\/\/visionciudadana.com.mx\/oficial\/wp-json\/wp\/v2\/types\/post"}],"author":[{"embeddable":true,"href":"https:\/\/visionciudadana.com.mx\/oficial\/wp-json\/wp\/v2\/users\/1"}],"replies":[{"embeddable":true,"href":"https:\/\/visionciudadana.com.mx\/oficial\/wp-json\/wp\/v2\/comments?post=17416"}],"version-history":[{"count":1,"href":"https:\/\/visionciudadana.com.mx\/oficial\/wp-json\/wp\/v2\/posts\/17416\/revisions"}],"predecessor-version":[{"id":30720,"href":"https:\/\/visionciudadana.com.mx\/oficial\/wp-json\/wp\/v2\/posts\/17416\/revisions\/30720"}],"wp:featuredmedia":[{"embeddable":true,"href":"https:\/\/visionciudadana.com.mx\/oficial\/wp-json\/wp\/v2\/media\/1456"}],"wp:attachment":[{"href":"https:\/\/visionciudadana.com.mx\/oficial\/wp-json\/wp\/v2\/media?parent=17416"}],"wp:term":[{"taxonomy":"category","embeddable":true,"href":"https:\/\/visionciudadana.com.mx\/oficial\/wp-json\/wp\/v2\/categories?post=17416"},{"taxonomy":"post_tag","embeddable":true,"href":"https:\/\/visionciudadana.com.mx\/oficial\/wp-json\/wp\/v2\/tags?post=17416"},{"taxonomy":"author","embeddable":true,"href":"https:\/\/visionciudadana.com.mx\/oficial\/wp-json\/wp\/v2\/ppma_author?post=17416"}],"curies":[{"name":"wp","href":"https:\/\/api.w.org\/{rel}","templated":true}]}}