{"id":17415,"date":"2021-08-18T01:45:26","date_gmt":"2021-08-18T01:45:26","guid":{"rendered":"https:\/\/visionciudadana.com.mx\/chio\/2021\/08\/18\/coepriss-fortalece-la-cultura-sanitaria-de-la-prevencion-y-la-denuncia\/"},"modified":"2025-06-24T23:31:32","modified_gmt":"2025-06-24T23:31:32","slug":"coepriss-fortalece-la-cultura-sanitaria-de-la-prevencion-y-la-denuncia","status":"publish","type":"post","link":"https:\/\/visionciudadana.com.mx\/oficial\/2021\/08\/18\/coepriss-fortalece-la-cultura-sanitaria-de-la-prevencion-y-la-denuncia\/","title":{"rendered":"Coepriss fortalece la cultura sanitaria de la prevenci\u00f3n y la denuncia  \u00a0"},"content":{"rendered":"<p>&nbsp;<\/p>\n<p><img fetchpriority=\"high\" decoding=\"async\" src=\"images\/2021\/agosto21\/cultura.jpg\" alt=\"cultura\" width=\"720\" height=\"480\" style=\"display: block; margin: 20px auto;\" \/><\/p>\n<p class=\"x_MsoNormal\"><span style=\"font-family: verdana, sans-serif; font-size: large;\">La Secretar\u00eda de Salud, a trav\u00e9s de la Coepriss, mantiene un esfuerzo permanente para fortalecer la cultura sanitaria de la prevenci\u00f3n y la denuncia no solo verificando el cumplimiento de los protocolos en establecimientos sino para que la ciudadan\u00eda adopte patrones de comportamiento socialmente responsables para detener la transmisi\u00f3n del Covid-19.<\/span><\/p>\n<p>&nbsp;<\/p>\n<p class=\"x_MsoNormal\"><span style=\"font-family: verdana, sans-serif; font-size: large;\">El comisionado estatal para la Protecci\u00f3n contra Riesgos Sanitarios de Sinaloa (Coepriss) Jorge Alan Urbina Vidales sostuvo que fomentar la cultura sanitaria de la prevenci\u00f3n y la denuncia en la ciudadan\u00eda ha sido uno de los objetivos principales con la finalidad de proteger la salud de la poblaci\u00f3n.<\/span><\/p>\n<p>&nbsp;<\/p>\n<p class=\"x_MsoNormal\"><span style=\"font-family: verdana, sans-serif; font-size: large;\">\u201cEn la medida que tengamos ciudadanos m\u00e1s sanos y comprometidos con el cuidado de su salud y el cumplimiento de los protocolos sanitarios podremos mejorar los indicadores de la salud de las personas y por supuesto su calidad de vida\u201d, coment\u00f3.<\/span><\/p>\n<p>&nbsp;<\/p>\n<p class=\"x_MsoNormal\"><span style=\"font-family: verdana, sans-serif; font-size: large;\">Precis\u00f3 que la cultura sanitaria de la prevenci\u00f3n y la denuncia es indispensable para sensibilizar al ciudadano sobre los riesgos que pueden suponer determinadas pr\u00e1cticas y para que a su vez tambi\u00e9n observen el cumplimiento de los protocolos.<\/span><\/p>\n<p>&nbsp;<\/p>\n<p class=\"x_MsoNormal\"><span style=\"font-family: verdana, sans-serif; font-size: large;\">\u201cElevar la cultura sanitaria genera m\u00e1s comprensi\u00f3n de que las medidas de prevenci\u00f3n son fundamentales para romper la cadena de transmisi\u00f3n del Covid-19 y evitar nuevos contagios\u201d, dijo.<\/span><\/p>\n<p>&nbsp;<\/p>\n<p class=\"x_MsoNormal\"><span style=\"font-family: verdana, sans-serif; font-size: large;\">\u201cEl tri\u00e1ngulo de la vida consiste en usar bien el cubrebocas, mantener una distancia f\u00edsica de por lo menos dos metros con otras personas y lavarse las manos, y en los establecimientos mantener los filtros con disposici\u00f3n de gel y toma de temperatura, entre otras acciones\u201d, explic\u00f3.<\/span><\/p>\n<p>&nbsp;<\/p>\n<p class=\"x_MsoNormal\"><span style=\"font-family: verdana, sans-serif; font-size: large;\">Jorge Alan Urbina Vidales reconoci\u00f3 que hace falta una mayor cultura sanitaria en Sinaloa para asumir las medidas de prevenci\u00f3n como h\u00e1bitos de vida y no como acciones pasajeras.<\/span><\/p>\n<p>&nbsp;<\/p>\n<p class=\"x_MsoNormal\"><span style=\"font-family: verdana, sans-serif; font-size: large;\">Inform\u00f3 que Coepriss, por tal motivo, tambi\u00e9n est\u00e1 impulsando una cultura de la denuncia sanitaria para hacer del conocimiento de las autoridades de salud los hechos, actos u omisiones en materia sanitaria que, seg\u00fan la perspectiva de la persona que interponga la denuncia, le represente un riesgo o pueda provocar un da\u00f1o a la salud de la poblaci\u00f3n.<\/span><\/p>\n<p>&nbsp;<\/p>\n<p class=\"x_MsoNormal\"><span style=\"font-family: verdana, sans-serif; font-size: large;\">\u201cEn esa denuncia se deben proporcionar los datos que permitan identificar y localizar las causas del riesgo que pueden estar relacionados con productos o servicios como es el caso de medicamentos, remedios herbolarios y alimentos\u201d, dijo.<\/span><\/p>\n<p>&nbsp;<\/p>\n<p class=\"x_MsoNormal\"><span style=\"font-family: verdana, sans-serif; font-size: large;\">\u201cIncluso puede tratarse de bebidas alcoh\u00f3licas adulteradas y bebidas no alcoh\u00f3licas, productos de perfumer\u00eda, belleza y aseo, tabaco, plaguicidas y fertilizantes, nutrientes vegetales, sustancias t\u00f3xicas o peligrosas para la salud, productos qu\u00edmicos o biotecnol\u00f3gicos; y debido a efectos nocivos de los factores ambientales en la salud humana; entre otros\u201d, dijo.<\/span><\/p>\n<p>&nbsp;<\/p>\n<p class=\"x_MsoNormal\"><span style=\"font-family: verdana, sans-serif; font-size: large;\">Apunt\u00f3 que la Coepriss tambi\u00e9n vigila asuntos como el saneamiento b\u00e1sico y el cumplimiento de los protocolos de prevenci\u00f3n del Covid-19 as\u00ed como la publicidad de las actividades, productos y servicios a los que se refiere la Ley General de Salud y sus reglamentos, entre otros temas.<\/span><\/p>\n<p>&nbsp;<\/p>\n<p class=\"x_MsoNormal\"><span style=\"font-family: verdana, sans-serif; font-size: large;\">\u201cCuando se presenta una denuncia sanitaria no \u00fanicamente se alerta a la autoridad, sino que el denunciante evita mayores riesgos de salud a otras personas, por lo tanto, si alguien sabe de cualquier caso que represente un riesgo sanitario a la salud de la poblaci\u00f3n por incumplimiento de normas o protocolos, o el uso o consumo de productos, bienes, servicios o insumos para la salud, lo invitamos a que presente una denuncia sanitaria\u201d, expres\u00f3.<\/span><\/p>\n<p>&nbsp;<\/p>\n<p class=\"x_MsoNormal\"><span style=\"font-family: verdana, sans-serif; font-size: large;\">Inform\u00f3 que por indicaciones del secretario de Salud Dr. Efr\u00e9n Encinas Torres la Secretar\u00eda de Salud, a trav\u00e9s de Coepriss, se exhorta a la poblaci\u00f3n a externar sus inquietudes a trav\u00e9s de este servicio que consiste en recibir y canalizar dudas, quejas, sugerencias atenci\u00f3n espec\u00edfica en materia de regulaci\u00f3n sanitaria. Cualquier usuario tiene la posibilidad de emitir su queja o denuncia y \u00e9sta se deriva al \u00e1rea conducente.<\/span><\/p>\n<p>&nbsp;<\/p>\n<p class=\"x_MsoNormal\"><span style=\"font-family: verdana, sans-serif; font-size: large;\">Si deseas hacer alguna denuncia sanitaria a nivel federal la puedes realizar llamando al Centro de Atenci\u00f3n Telef\u00f3nica de la Cofepris al 800 033 5050 o ingresando a la p\u00e1gina de internet:&nbsp;<a href=\"https:\/\/www.gob.mx\/cofepris\/acciones-y-programas\/denuncias-sanitarias\" target=\"_blank\" rel=\"noopener noreferrer\" data-auth=\"NotApplicable\" data-linkindex=\"0\"><\/a><a href=\"https:\/\/www.gob.mx\/cofepris\/acciones-y-programas\/denuncias-sanitarias\">https:\/\/www.gob.mx\/cofepris\/acciones-y-programas\/denuncias-sanitarias<\/a><\/span><\/p>\n<p>&nbsp;<\/p>\n<p class=\"x_MsoNormal\"><span style=\"font-family: verdana, sans-serif; font-size: large;\">Si quieres realizar una denuncia sanitaria en Sinaloa puedes comunicarte a la l\u00ednea telef\u00f3nica 6677587000 Extensi\u00f3n 40285 o al correo electr\u00f3nico&nbsp;<a href=\"mailto:depaoperacion@gmail.com\" target=\"_blank\" rel=\"noopener noreferrer\" data-auth=\"NotApplicable\" data-linkindex=\"1\"><\/a><a href=\"mailto:depaoperacion@gmail.com\">depaoperacion@gmail.com<\/a><\/span><\/p>\n<p>&nbsp;<\/p>\n<p class=\"x_MsoNormal\"><span style=\"font-family: verdana, sans-serif; font-size: large;\">Tambi\u00e9n puedes acudir directamente a las oficinas de Coepriss ubicadas en Boulevard Alfonso Zaragoza Maytorena No. 2204 Norte, Torre A, Primer Piso, Fraccionamiento Bonanza, C.P. 80020, de esta ciudad Culiac\u00e1n Rosales, Sinaloa, en horario de atenci\u00f3n de 8:00 a 15:00 horas.<\/span><\/p>\n<p>&nbsp;<\/p>\n<p class=\"x_MsoNormal\"><span style=\"font-family: verdana, sans-serif; font-size: large;\">Si lo que requieres es reportar cualquier reacci\u00f3n adversa o malestar relacionado al uso o consumo de cualquier producto o medicamento, puedes hacerlo en los siguientes puntos de contacto: liga electr\u00f3nica \u201c\u00bfTe hizo da\u00f1o un medicamento?\u201d, VigiFlow, e-Reporting, ubicados en la p\u00e1gina web de la COFEPRIS&nbsp;<a href=\"https:\/\/www.gob.mx\/cofepris\" target=\"_blank\" rel=\"noopener noreferrer\" data-auth=\"NotApplicable\" data-linkindex=\"2\"><\/a><a href=\"https:\/\/www.gob.mx\/cofepris\">https:\/\/www.gob.mx\/cofepris<\/a>&nbsp;o a trav\u00e9s del correo&nbsp;<a href=\"mailto:farmacovigilancia@cofepris.gob.mx\" target=\"_blank\" rel=\"noopener noreferrer\" data-auth=\"NotApplicable\" data-linkindex=\"3\"><\/a><a href=\"mailto:farmacovigilancia@cofepris.gob.mx\">farmacovigilancia@cofepris.gob.mx<\/a><\/span><\/p>\n<p>&nbsp;<\/p>\n<p class=\"x_MsoNormal\"><span style=\"font-family: verdana, sans-serif; font-size: large;\">Jorge Alan Urbina Vidales explic\u00f3 que las denuncias locales son recibidas en el Centro Integral de Servicios (CIS), luego son clasificadas y se pasan a uno de los departamentos con base en el tipo de riesgo, ya sea a las \u00e1reas de insumos, productos y servicios o salud ambiental, calific\u00e1ndose el tipo de riesgo para priorizar las atenciones de emergencia.&nbsp;<\/span><\/p>\n<p>&nbsp;<\/p>\n<p>&nbsp;<\/p>\n<p class=\"x_MsoNormal\"><span style=\"font-family: verdana, sans-serif; font-size: large;\">REDACCI\u00d3N\/VISI\u00d3N CIUDADANA.&nbsp;<\/span><\/p>\n","protected":false},"excerpt":{"rendered":"<p>&nbsp; La Secretar\u00eda de Salud, a trav\u00e9s de la Coepriss, mantiene un esfuerzo permanente para fortalecer la cultura sanitaria de la prevenci\u00f3n y la denuncia no solo verificando el cumplimiento de los protocolos en establecimientos sino para que la ciudadan\u00eda adopte patrones de comportamiento socialmente responsables para detener la transmisi\u00f3n del Covid-19. &nbsp; El comisionado [&hellip;]<\/p>\n","protected":false},"author":1,"featured_media":1454,"comment_status":"closed","ping_status":"closed","sticky":false,"template":"","format":"standard","meta":{"footnotes":""},"categories":[24],"tags":[],"ppma_author":[31],"class_list":["post-17415","post","type-post","status-publish","format-standard","has-post-thumbnail","hentry","category-relevantes"],"aioseo_notices":[],"authors":[{"term_id":31,"user_id":1,"is_guest":0,"slug":"ivan3vino","display_name":"Iv\u00e1n Trevi\u00f1o","avatar_url":{"url":"https:\/\/visionciudadana.com.mx\/oficial\/wp-content\/uploads\/2025\/09\/columna-ivan-Trevino.png","url2x":"https:\/\/visionciudadana.com.mx\/oficial\/wp-content\/uploads\/2025\/09\/columna-ivan-Trevino.png"},"0":null,"1":"","2":"","3":"","4":"","5":"","6":"","7":"","8":""}],"_links":{"self":[{"href":"https:\/\/visionciudadana.com.mx\/oficial\/wp-json\/wp\/v2\/posts\/17415","targetHints":{"allow":["GET"]}}],"collection":[{"href":"https:\/\/visionciudadana.com.mx\/oficial\/wp-json\/wp\/v2\/posts"}],"about":[{"href":"https:\/\/visionciudadana.com.mx\/oficial\/wp-json\/wp\/v2\/types\/post"}],"author":[{"embeddable":true,"href":"https:\/\/visionciudadana.com.mx\/oficial\/wp-json\/wp\/v2\/users\/1"}],"replies":[{"embeddable":true,"href":"https:\/\/visionciudadana.com.mx\/oficial\/wp-json\/wp\/v2\/comments?post=17415"}],"version-history":[{"count":1,"href":"https:\/\/visionciudadana.com.mx\/oficial\/wp-json\/wp\/v2\/posts\/17415\/revisions"}],"predecessor-version":[{"id":30721,"href":"https:\/\/visionciudadana.com.mx\/oficial\/wp-json\/wp\/v2\/posts\/17415\/revisions\/30721"}],"wp:featuredmedia":[{"embeddable":true,"href":"https:\/\/visionciudadana.com.mx\/oficial\/wp-json\/wp\/v2\/posts\/1454"}],"wp:attachment":[{"href":"https:\/\/visionciudadana.com.mx\/oficial\/wp-json\/wp\/v2\/media?parent=17415"}],"wp:term":[{"taxonomy":"category","embeddable":true,"href":"https:\/\/visionciudadana.com.mx\/oficial\/wp-json\/wp\/v2\/categories?post=17415"},{"taxonomy":"post_tag","embeddable":true,"href":"https:\/\/visionciudadana.com.mx\/oficial\/wp-json\/wp\/v2\/tags?post=17415"},{"taxonomy":"author","embeddable":true,"href":"https:\/\/visionciudadana.com.mx\/oficial\/wp-json\/wp\/v2\/ppma_author?post=17415"}],"curies":[{"name":"wp","href":"https:\/\/api.w.org\/{rel}","templated":true}]}}