{"id":17410,"date":"2021-08-16T21:36:17","date_gmt":"2021-08-16T21:36:17","guid":{"rendered":"https:\/\/visionciudadana.com.mx\/chio\/2021\/08\/16\/inician-sustitucion-de-tuberias-en-bulevar-pedro-infante\/"},"modified":"2025-06-24T23:31:32","modified_gmt":"2025-06-24T23:31:32","slug":"inician-sustitucion-de-tuberias-en-bulevar-pedro-infante","status":"publish","type":"post","link":"https:\/\/visionciudadana.com.mx\/oficial\/2021\/08\/16\/inician-sustitucion-de-tuberias-en-bulevar-pedro-infante\/","title":{"rendered":"Inician sustituci\u00f3n de tuber\u00edas en bulevar Pedro Infante"},"content":{"rendered":"<p style=\"text-align: justify;\">&nbsp;<\/p>\n<p style=\"text-align: justify;\"><img fetchpriority=\"high\" decoding=\"async\" src=\"images\/2021\/julio21\/agosto21\/sustituye.jpg\" alt=\"sustituye\" width=\"720\" height=\"480\" style=\"display: block; margin: 20px auto;\" \/><\/p>\n<p style=\"text-align: justify;\"><span style=\"font-size: 14pt; font-family: arial, helvetica, sans-serif;\">El Gobierno de Culiac\u00e1n avanz\u00f3 con los trabajos de rehabilitaci\u00f3n de la tuber\u00eda da\u00f1ada el pasado fin de semana sobre el bulevar Pedro infante, esto con la finalidad de mantener en \u00f3ptimas condiciones el desag\u00fce pluvial y garantizar el desplazamiento seguro de los automovilistas.<\/span><\/p>\n<p style=\"text-align: justify;\"><span style=\"font-size: 14pt; font-family: arial, helvetica, sans-serif;\">La maniobra de sustituci\u00f3n de la nueva tuber\u00eda de poliuretano quedar\u00e1 instalada en un tramo de 12 metros, y fue encabezada por el personal de la Secretar\u00eda de Obras y Servicios P\u00fablicos con el apoyo de maquinaria pesada.<\/span><\/p>\n<p style=\"text-align: justify;\"><span style=\"font-size: 14pt; font-family: arial, helvetica, sans-serif;\">Con las acciones realizadas en la zona, se atendi\u00f3 una secci\u00f3n de tuber\u00edas que demandaba su reemplazo al cumplir estas con su periodo de vida estipulado.<\/span><\/p>\n<p style=\"text-align: justify;\"><span style=\"font-size: 14pt; font-family: arial, helvetica, sans-serif;\">Durante el ejercicio de estas obras, elementos de la Secretar\u00eda de Seguridad P\u00fablica y Tr\u00e1nsito Municipal, permanecieron en la transitada vialidad con la finalidad de organizar el tr\u00e1fico y brindar seguridad a los trabajadores.<\/span><\/p>\n<p style=\"text-align: justify;\"><span style=\"font-size: 14pt; font-family: arial, helvetica, sans-serif;\">A trav\u00e9s de estas actividades, las autoridades municipales brindan atenci\u00f3n a las problem\u00e1ticas de car\u00e1cter urgente, evitando riesgos a la ciudadan\u00eda que diariamente utiliza esta v\u00eda para trasladarse a sus diferentes destinos.<\/span><\/p>\n<p style=\"text-align: justify;\">&nbsp;<\/p>\n<p style=\"text-align: justify;\">&nbsp;<\/p>\n<p style=\"text-align: justify;\"><span style=\"font-size: 14pt; font-family: arial, helvetica, sans-serif;\">REDACCI\u00d3N\/VISI\u00d3N CIUDADANA.<\/span><\/p>\n","protected":false},"excerpt":{"rendered":"<p>&nbsp; El Gobierno de Culiac\u00e1n avanz\u00f3 con los trabajos de rehabilitaci\u00f3n de la tuber\u00eda da\u00f1ada el pasado fin de semana sobre el bulevar Pedro infante, esto con la finalidad de mantener en \u00f3ptimas condiciones el desag\u00fce pluvial y garantizar el desplazamiento seguro de los automovilistas. La maniobra de sustituci\u00f3n de la nueva tuber\u00eda de poliuretano [&hellip;]<\/p>\n","protected":false},"author":1,"featured_media":1448,"comment_status":"closed","ping_status":"closed","sticky":false,"template":"","format":"standard","meta":{"footnotes":""},"categories":[13],"tags":[],"ppma_author":[31],"class_list":["post-17410","post","type-post","status-publish","format-standard","has-post-thumbnail","hentry","category-locales"],"aioseo_notices":[],"authors":[{"term_id":31,"user_id":1,"is_guest":0,"slug":"ivan3vino","display_name":"Iv\u00e1n Trevi\u00f1o","avatar_url":{"url":"https:\/\/visionciudadana.com.mx\/oficial\/wp-content\/uploads\/2025\/09\/columna-ivan-Trevino.png","url2x":"https:\/\/visionciudadana.com.mx\/oficial\/wp-content\/uploads\/2025\/09\/columna-ivan-Trevino.png"},"0":null,"1":"","2":"","3":"","4":"","5":"","6":"","7":"","8":""}],"_links":{"self":[{"href":"https:\/\/visionciudadana.com.mx\/oficial\/wp-json\/wp\/v2\/posts\/17410","targetHints":{"allow":["GET"]}}],"collection":[{"href":"https:\/\/visionciudadana.com.mx\/oficial\/wp-json\/wp\/v2\/posts"}],"about":[{"href":"https:\/\/visionciudadana.com.mx\/oficial\/wp-json\/wp\/v2\/types\/post"}],"author":[{"embeddable":true,"href":"https:\/\/visionciudadana.com.mx\/oficial\/wp-json\/wp\/v2\/users\/1"}],"replies":[{"embeddable":true,"href":"https:\/\/visionciudadana.com.mx\/oficial\/wp-json\/wp\/v2\/comments?post=17410"}],"version-history":[{"count":1,"href":"https:\/\/visionciudadana.com.mx\/oficial\/wp-json\/wp\/v2\/posts\/17410\/revisions"}],"predecessor-version":[{"id":30722,"href":"https:\/\/visionciudadana.com.mx\/oficial\/wp-json\/wp\/v2\/posts\/17410\/revisions\/30722"}],"wp:featuredmedia":[{"embeddable":true,"href":"https:\/\/visionciudadana.com.mx\/oficial\/wp-json\/wp\/v2\/posts\/1448"}],"wp:attachment":[{"href":"https:\/\/visionciudadana.com.mx\/oficial\/wp-json\/wp\/v2\/media?parent=17410"}],"wp:term":[{"taxonomy":"category","embeddable":true,"href":"https:\/\/visionciudadana.com.mx\/oficial\/wp-json\/wp\/v2\/categories?post=17410"},{"taxonomy":"post_tag","embeddable":true,"href":"https:\/\/visionciudadana.com.mx\/oficial\/wp-json\/wp\/v2\/tags?post=17410"},{"taxonomy":"author","embeddable":true,"href":"https:\/\/visionciudadana.com.mx\/oficial\/wp-json\/wp\/v2\/ppma_author?post=17410"}],"curies":[{"name":"wp","href":"https:\/\/api.w.org\/{rel}","templated":true}]}}