{"id":17409,"date":"2021-08-16T21:29:36","date_gmt":"2021-08-16T21:29:36","guid":{"rendered":"https:\/\/visionciudadana.com.mx\/chio\/2021\/08\/16\/quirino-anuncia-nueva-visita-de-amlo-a-sinaloa\/"},"modified":"2025-06-24T23:31:32","modified_gmt":"2025-06-24T23:31:32","slug":"quirino-anuncia-nueva-visita-de-amlo-a-sinaloa","status":"publish","type":"post","link":"https:\/\/visionciudadana.com.mx\/oficial\/2021\/08\/16\/quirino-anuncia-nueva-visita-de-amlo-a-sinaloa\/","title":{"rendered":"Quirino anuncia nueva visita de AMLO a Sinaloa  \u00a0"},"content":{"rendered":"<p><img fetchpriority=\"high\" decoding=\"async\" src=\"images\/2021\/julio21\/agosto21\/viene.jpg\" alt=\"viene\" width=\"720\" height=\"480\" style=\"display: block; margin: 20px auto;\" \/><\/p>\n<p>&nbsp;<\/p>\n<p class=\"x_MsoNormal\" style=\"text-align: justify;\"><span style=\"font-size: 14pt; font-family: arial, helvetica, sans-serif;\"><span lang=\"ES-TRAD\">En el marco de la inauguraci\u00f3n de la Sesi\u00f3n de Capacitaci\u00f3n de Alcaldes Electos 2021-2024, de nueve estados del pa\u00eds, el gobernador Quirino Ordaz Coppel dio a conocer que en menos de un mes, de nueva cuenta el presidente de la Rep\u00fablica, Andr\u00e9s Manuel L\u00f3pez Obrador regresar\u00e1 al estado, para inaugurar el Hospital General de Culiac\u00e1n y el Hospital Pedi\u00e1trico de Sinaloa.<\/span><\/span><\/p>\n<p class=\"x_MsoNormal\" style=\"text-align: justify;\"><span lang=\"ES-TRAD\" style=\"font-size: 14pt; font-family: arial, helvetica, sans-serif;\"><\/span><\/p>\n<p class=\"x_MsoNormal\" style=\"text-align: justify;\"><span lang=\"ES-TRAD\" style=\"font-size: 14pt; font-family: arial, helvetica, sans-serif;\">Dicho encuentro de capacitaci\u00f3n para presidentes municipales electos tuvo lugar en el Centro de Convenciones de Mazatl\u00e1n, y congreg\u00f3 a los alcaldes electos de los estados de Nayarit, Sonora, Nuevo Le\u00f3n, Coahuila, Chihuahua, Colima, Zacatecas, Jalisco, y desde luego de Sinaloa.<\/span><\/p>\n<p class=\"x_MsoNormal\" style=\"text-align: justify;\"><span lang=\"ES-TRAD\" style=\"font-size: 14pt; font-family: arial, helvetica, sans-serif;\"><\/span><\/p>\n<p class=\"x_MsoNormal\" style=\"text-align: justify;\"><span lang=\"ES-TRAD\" style=\"font-size: 14pt; font-family: arial, helvetica, sans-serif;\">En su mensaje, el gobernador Quirino Ordaz Coppel reconoci\u00f3 que el presidente Andr\u00e9s Manuel L\u00f3pez Obrador ha sido un gran aliado de Sinaloa, pues ha estado siempre atento \u201cy lo que le hemos pedido nos ha apoyado, y ah\u00ed est\u00e1n los resultados en las m\u00faltiples obras de infraestructura que se est\u00e1n llevando a cabo aqu\u00ed en Sinaloa\u201d.<\/span><\/p>\n<p class=\"x_MsoNormal\" style=\"text-align: justify;\"><span lang=\"ES-TRAD\" style=\"font-size: 14pt; font-family: arial, helvetica, sans-serif;\"><\/span><\/p>\n<p class=\"x_MsoNormal\" style=\"text-align: justify;\"><span lang=\"ES-TRAD\" style=\"font-size: 14pt; font-family: arial, helvetica, sans-serif;\">Aprovech\u00f3 la ocasi\u00f3n para anunciar que para mediados de septiembre el mandatario de la Naci\u00f3n regresar\u00e1 a la capital del estado para inaugurar formalmente el nuevo Hospital General de Culiac\u00e1n y el Hospital Pedi\u00e1trico de Sinaloa, y le har\u00e1 la invitaci\u00f3n para inaugurar tambi\u00e9n aqu\u00ed en Mazatl\u00e1n la remodelaci\u00f3n de la avenida Gabriel Leyva, aunque aclar\u00f3 que ello depender\u00e1 de la agenda del presidente.<\/span><\/p>\n<p class=\"x_MsoNormal\" style=\"text-align: justify;\"><span lang=\"ES-TRAD\" style=\"font-size: 14pt; font-family: arial, helvetica, sans-serif;\"><\/span><\/p>\n<p class=\"x_MsoNormal\" style=\"text-align: justify;\"><span lang=\"ES-TRAD\" style=\"font-size: 14pt; font-family: arial, helvetica, sans-serif;\">En cuanto a esas grandes obras en proceso, se refiri\u00f3 a las presas Picachos y Santa Mar\u00eda en el sur, la carretera Badiraguato-Parral, la cual ser\u00e1 la primera conexi\u00f3n de Sinaloa con Chihuahua, adem\u00e1s de la carretera San Ignacio-Tayoltita, Durango, ambas que cambiar\u00e1n la vida a los habitantes de la sierra.<\/span><\/p>\n<p class=\"x_MsoNormal\" style=\"text-align: justify;\"><span lang=\"ES-TRAD\" style=\"font-size: 14pt; font-family: arial, helvetica, sans-serif;\"><\/span><\/p>\n<p class=\"x_MsoNormal\" style=\"text-align: justify;\"><span lang=\"ES-TRAD\" style=\"font-size: 14pt; font-family: arial, helvetica, sans-serif;\">Asimismo, mencion\u00f3 las grandes obras pluviales en todo el estado, aqu\u00ed en Mazatl\u00e1n el dren de Ur\u00edas, una obra de poco m\u00e1s de 100 millones de pesos; el dren Ju\u00e1rez en Los Mochis, donde se aplicaron 180 millones de pesos; en Culiac\u00e1n el dren de Los Mezcales y el dren Bacurim\u00ed, que consisti\u00f3 en una gran primera etapa y que corresponder\u00e1 ahora a las nuevas autoridades tanto locales como estatales continuarlos.<\/span><\/p>\n<p class=\"x_MsoNormal\" style=\"text-align: justify;\"><span lang=\"ES-TRAD\" style=\"font-size: 14pt; font-family: arial, helvetica, sans-serif;\"><\/span><\/p>\n<p class=\"x_MsoNormal\" style=\"text-align: justify;\"><span lang=\"ES-TRAD\" style=\"font-size: 14pt; font-family: arial, helvetica, sans-serif;\">\u201cTodas \u00e9stas son obras estrat\u00e9gicas que van a consolidar a Sinaloa como un gran destino, como lo est\u00e1 siendo ya de inversiones en todos los renglones\u201d, recalc\u00f3.<\/span><\/p>\n<p class=\"x_MsoNormal\" style=\"text-align: justify;\"><span lang=\"ES-TRAD\" style=\"font-size: 14pt; font-family: arial, helvetica, sans-serif;\"><\/span><\/p>\n<p class=\"x_MsoNormal\" style=\"text-align: justify;\"><span lang=\"ES-TRAD\" style=\"font-size: 14pt; font-family: arial, helvetica, sans-serif;\">Al dar la bienvenida, el presidente municipal anfitri\u00f3n, Luis Guillermo Ben\u00edtez Torres, reconoci\u00f3 la voluntad del mandatario estatal para apoyar a Mazatl\u00e1n. \u201cQuiero abrir un par\u00e9ntesis para agradecer al licenciado Quirino Ordaz Coppel porque \u00e9l ha sido una gran ayuda para seguir con lo que \u00e9l mismo inici\u00f3 en Mazatl\u00e1n, la transformaci\u00f3n de este puerto la retomamos y estamos llevando como un objetivo en estos pr\u00f3ximos tres a\u00f1os, del Mazatl\u00e1n que so\u00f1amos de ni\u00f1os y que no se daba por la falta de voluntad de los gobiernos\u201d.<\/span><\/p>\n<p class=\"x_MsoNormal\" style=\"text-align: justify;\"><span lang=\"ES-TRAD\" style=\"font-size: 14pt; font-family: arial, helvetica, sans-serif;\"><\/span><\/p>\n<p class=\"x_MsoNormal\" style=\"text-align: justify;\"><span lang=\"ES-TRAD\" style=\"font-size: 14pt; font-family: arial, helvetica, sans-serif;\">Durante la reuni\u00f3n, tambi\u00e9n intervino el secretario ejecutivo del Sistema Nacional de Seguridad P\u00fablica, Leonel Cota Monta\u00f1o, quien a su vez tambi\u00e9n reconoci\u00f3 el trabajo realizado en esta materia en Sinaloa, con la reducci\u00f3n de los \u00edndices de inseguridad, lo cual quedar\u00e1 como testimonio del gobierno de Quirino Ordaz Coppel, a quien le extendi\u00f3 una felicitaci\u00f3n por sus resultados.<\/span><\/p>\n<p style=\"text-align: justify;\">&nbsp;<\/p>\n<p style=\"text-align: justify;\">&nbsp;<\/p>\n<p class=\"x_MsoNormal\" style=\"text-align: justify;\"><span lang=\"ES-TRAD\" style=\"font-size: 14pt; font-family: arial, helvetica, sans-serif;\">REDACCI\u00d3N\/VISI\u00d3N CIUDADANA.&nbsp;<\/span><\/p>\n","protected":false},"excerpt":{"rendered":"<p>&nbsp; En el marco de la inauguraci\u00f3n de la Sesi\u00f3n de Capacitaci\u00f3n de Alcaldes Electos 2021-2024, de nueve estados del pa\u00eds, el gobernador Quirino Ordaz Coppel dio a conocer que en menos de un mes, de nueva cuenta el presidente de la Rep\u00fablica, Andr\u00e9s Manuel L\u00f3pez Obrador regresar\u00e1 al estado, para inaugurar el Hospital General [&hellip;]<\/p>\n","protected":false},"author":1,"featured_media":1446,"comment_status":"closed","ping_status":"closed","sticky":false,"template":"","format":"standard","meta":{"footnotes":""},"categories":[24],"tags":[],"ppma_author":[31],"class_list":["post-17409","post","type-post","status-publish","format-standard","has-post-thumbnail","hentry","category-relevantes"],"aioseo_notices":[],"authors":[{"term_id":31,"user_id":1,"is_guest":0,"slug":"ivan3vino","display_name":"Iv\u00e1n Trevi\u00f1o","avatar_url":{"url":"https:\/\/visionciudadana.com.mx\/oficial\/wp-content\/uploads\/2025\/09\/columna-ivan-Trevino.png","url2x":"https:\/\/visionciudadana.com.mx\/oficial\/wp-content\/uploads\/2025\/09\/columna-ivan-Trevino.png"},"0":null,"1":"","2":"","3":"","4":"","5":"","6":"","7":"","8":""}],"_links":{"self":[{"href":"https:\/\/visionciudadana.com.mx\/oficial\/wp-json\/wp\/v2\/posts\/17409","targetHints":{"allow":["GET"]}}],"collection":[{"href":"https:\/\/visionciudadana.com.mx\/oficial\/wp-json\/wp\/v2\/posts"}],"about":[{"href":"https:\/\/visionciudadana.com.mx\/oficial\/wp-json\/wp\/v2\/types\/post"}],"author":[{"embeddable":true,"href":"https:\/\/visionciudadana.com.mx\/oficial\/wp-json\/wp\/v2\/users\/1"}],"replies":[{"embeddable":true,"href":"https:\/\/visionciudadana.com.mx\/oficial\/wp-json\/wp\/v2\/comments?post=17409"}],"version-history":[{"count":1,"href":"https:\/\/visionciudadana.com.mx\/oficial\/wp-json\/wp\/v2\/posts\/17409\/revisions"}],"predecessor-version":[{"id":30723,"href":"https:\/\/visionciudadana.com.mx\/oficial\/wp-json\/wp\/v2\/posts\/17409\/revisions\/30723"}],"wp:featuredmedia":[{"embeddable":true,"href":"https:\/\/visionciudadana.com.mx\/oficial\/wp-json\/wp\/v2\/posts\/1446"}],"wp:attachment":[{"href":"https:\/\/visionciudadana.com.mx\/oficial\/wp-json\/wp\/v2\/media?parent=17409"}],"wp:term":[{"taxonomy":"category","embeddable":true,"href":"https:\/\/visionciudadana.com.mx\/oficial\/wp-json\/wp\/v2\/categories?post=17409"},{"taxonomy":"post_tag","embeddable":true,"href":"https:\/\/visionciudadana.com.mx\/oficial\/wp-json\/wp\/v2\/tags?post=17409"},{"taxonomy":"author","embeddable":true,"href":"https:\/\/visionciudadana.com.mx\/oficial\/wp-json\/wp\/v2\/ppma_author?post=17409"}],"curies":[{"name":"wp","href":"https:\/\/api.w.org\/{rel}","templated":true}]}}