{"id":17407,"date":"2021-08-16T21:21:19","date_gmt":"2021-08-16T21:21:19","guid":{"rendered":"https:\/\/visionciudadana.com.mx\/chio\/2021\/08\/16\/mas-de-11-mil-millones-de-pesos-aprobados-este-ano-para-entregar-a-los-partidos-politicos-lo-que-significa-un-asalto-al-erario-publico\/"},"modified":"2025-06-24T23:31:33","modified_gmt":"2025-06-24T23:31:33","slug":"mas-de-11-mil-millones-de-pesos-aprobados-este-ano-para-entregar-a-los-partidos-politicos-lo-que-significa-un-asalto-al-erario-publico","status":"publish","type":"post","link":"https:\/\/visionciudadana.com.mx\/oficial\/2021\/08\/16\/mas-de-11-mil-millones-de-pesos-aprobados-este-ano-para-entregar-a-los-partidos-politicos-lo-que-significa-un-asalto-al-erario-publico\/","title":{"rendered":"M\u00e1s de 11 mil millones de pesos aprobados este a\u00f1o para entregar a los partidos pol\u00edticos, lo que significa un asalto al erario p\u00fablico."},"content":{"rendered":"<div><img fetchpriority=\"high\" decoding=\"async\" src=\"images\/2021\/julio21\/agosto21\/pasistas.jpg\" alt=\"pasistas\" width=\"720\" height=\"480\" style=\"display: block; margin: 20px auto;\" \/><\/p>\n<p><span style=\"font-size: 14pt; font-family: arial, helvetica, sans-serif;\">H\u00e9ctor Melesio Cu\u00e9n Ojeda, presidente del Partido Sinaloense, retoma el tema de asignaci\u00f3n de recursos econ\u00f3micos a los partidos pol\u00edticos que reci\u00e9n se acaba de acordar por las autoridades correspondientes.<\/span><\/div>\n<div style=\"text-align: justify;\">\n<p><span style=\"font-size: 14pt; font-family: arial, helvetica, sans-serif;\">En estos d\u00edas se ha expresado que no hay dinero p\u00fablico y que se les da mucho a los partidos pol\u00edticos.<\/span><\/div>\n<div style=\"text-align: justify;\">\n<p><span style=\"font-size: 14pt; font-family: arial, helvetica, sans-serif;\">Reiteramos que es prioritario que se retome la iniciativa ciudadana promovida por el Partido Sinaloense y que se encuentra en el Senado de la Rep\u00fablica avalada por m\u00e1s de 222 mil firmas de sinaloenses, en donde se plantea: reducci\u00f3n de m\u00e1s del 50 % a las prerrogativas entregadas a los partidos pol\u00edticos y la eliminaci\u00f3n del doble financiamiento a los partidos nacionales.<\/span><\/div>\n<div style=\"text-align: justify;\">\n<p><span style=\"font-size: 14pt; font-family: arial, helvetica, sans-serif;\">Cu\u00e9n Ojeda expres\u00f3 que es una verg\u00fcenza aprobar la cantidad de 5821 millones de pesos a nivel nacional, cantidad que se duplica cuando las entidades federativas tienen que entregar otra suma similar a los partidos pol\u00edticos nacionales, es decir la fr\u00edvola cantidad de m\u00e1s de 11 mil millones de pesos, esto es no tener verg\u00fcenza, sobre todo cuando los mexicanos estamos viviendo una pandemia donde se aprecia que no hay recursos para instalaciones dignas de infraestructura hospitalaria y para la entrega de medicamentos.<\/span><\/div>\n<div style=\"text-align: justify;\">\n<p><span style=\"font-size: 14pt; font-family: arial, helvetica, sans-serif;\">En el tema de la pandemia y el regreso a clases presenciales, Cu\u00e9n Ojeda afirm\u00f3 que hay intranquilidad, pues se observa que los planteles educativos est\u00e1n vandalizados, pero adem\u00e1s nos encontramos en sem\u00e1foro epidemiol\u00f3gico rojo que significa alerta m\u00e1xima.<\/span><\/div>\n<div style=\"text-align: justify;\">\n<p><span style=\"font-size: 14pt; font-family: arial, helvetica, sans-serif;\">En este momento tenemos alrededor de 60 mil ni\u00f1os contagiados y 613 fallecimientos en edad entre 0 y 17 a\u00f1os en el marco de pandemia que vivimos.<\/span><\/div>\n<div style=\"text-align: justify;\">\n<p><span style=\"font-size: 14pt; font-family: arial, helvetica, sans-serif;\">Es una inquietud positiva del presidente de la rep\u00fablica y de muchos mexicanos como la de un servidor en el sentido de que los ni\u00f1os regresen a clases, pero ahorita la tarea prioritaria es habilitar y alcanzar las condiciones dignas de los planteles educativos, que en Sinaloa son alrededor de 5000, es hasta entonces cuando se deber\u00eda tomar la medida de volver a clases, pero adem\u00e1s considerar que &nbsp;Sinaloa pase a color verde.&nbsp;&nbsp;<\/span><\/div>\n<div style=\"text-align: justify;\">&nbsp;<\/div>\n<div style=\"text-align: justify;\">&nbsp;<\/div>\n<div style=\"text-align: justify;\">&nbsp;<\/div>\n<div style=\"text-align: justify;\"><span style=\"font-size: 14pt; font-family: arial, helvetica, sans-serif;\">REDACCI\u00d3N\/VISI\u00d3N CIUDADANA.<\/span><\/div>\n","protected":false},"excerpt":{"rendered":"<p>H\u00e9ctor Melesio Cu\u00e9n Ojeda, presidente del Partido Sinaloense, retoma el tema de asignaci\u00f3n de recursos econ\u00f3micos a los partidos pol\u00edticos que reci\u00e9n se acaba de acordar por las autoridades correspondientes. En estos d\u00edas se ha expresado que no hay dinero p\u00fablico y que se les da mucho a los partidos pol\u00edticos. Reiteramos que es prioritario [&hellip;]<\/p>\n","protected":false},"author":1,"featured_media":1442,"comment_status":"closed","ping_status":"closed","sticky":false,"template":"","format":"standard","meta":{"footnotes":""},"categories":[24],"tags":[],"ppma_author":[31],"class_list":["post-17407","post","type-post","status-publish","format-standard","has-post-thumbnail","hentry","category-relevantes"],"aioseo_notices":[],"authors":[{"term_id":31,"user_id":1,"is_guest":0,"slug":"ivan3vino","display_name":"Iv\u00e1n Trevi\u00f1o","avatar_url":{"url":"https:\/\/visionciudadana.com.mx\/oficial\/wp-content\/uploads\/2025\/09\/columna-ivan-Trevino.png","url2x":"https:\/\/visionciudadana.com.mx\/oficial\/wp-content\/uploads\/2025\/09\/columna-ivan-Trevino.png"},"0":null,"1":"","2":"","3":"","4":"","5":"","6":"","7":"","8":""}],"_links":{"self":[{"href":"https:\/\/visionciudadana.com.mx\/oficial\/wp-json\/wp\/v2\/posts\/17407","targetHints":{"allow":["GET"]}}],"collection":[{"href":"https:\/\/visionciudadana.com.mx\/oficial\/wp-json\/wp\/v2\/posts"}],"about":[{"href":"https:\/\/visionciudadana.com.mx\/oficial\/wp-json\/wp\/v2\/types\/post"}],"author":[{"embeddable":true,"href":"https:\/\/visionciudadana.com.mx\/oficial\/wp-json\/wp\/v2\/users\/1"}],"replies":[{"embeddable":true,"href":"https:\/\/visionciudadana.com.mx\/oficial\/wp-json\/wp\/v2\/comments?post=17407"}],"version-history":[{"count":1,"href":"https:\/\/visionciudadana.com.mx\/oficial\/wp-json\/wp\/v2\/posts\/17407\/revisions"}],"predecessor-version":[{"id":30725,"href":"https:\/\/visionciudadana.com.mx\/oficial\/wp-json\/wp\/v2\/posts\/17407\/revisions\/30725"}],"wp:featuredmedia":[{"embeddable":true,"href":"https:\/\/visionciudadana.com.mx\/oficial\/wp-json\/wp\/v2\/posts\/1442"}],"wp:attachment":[{"href":"https:\/\/visionciudadana.com.mx\/oficial\/wp-json\/wp\/v2\/media?parent=17407"}],"wp:term":[{"taxonomy":"category","embeddable":true,"href":"https:\/\/visionciudadana.com.mx\/oficial\/wp-json\/wp\/v2\/categories?post=17407"},{"taxonomy":"post_tag","embeddable":true,"href":"https:\/\/visionciudadana.com.mx\/oficial\/wp-json\/wp\/v2\/tags?post=17407"},{"taxonomy":"author","embeddable":true,"href":"https:\/\/visionciudadana.com.mx\/oficial\/wp-json\/wp\/v2\/ppma_author?post=17407"}],"curies":[{"name":"wp","href":"https:\/\/api.w.org\/{rel}","templated":true}]}}